{"id":17935,"date":"2024-04-10T10:02:46","date_gmt":"2024-04-10T08:02:46","guid":{"rendered":"http:\/\/insideamateurfussball-ffm.de\/?p=17935"},"modified":"2024-04-10T10:02:46","modified_gmt":"2024-04-10T08:02:46","slug":"sc-riedberg-kegelt-den-fc-tempo-aus-dem-pokal","status":"publish","type":"post","link":"https:\/\/insideamateurfussball-ffm.de\/?p=17935","title":{"rendered":"SC Riedberg kegelt den FC Tempo aus dem Pokal"},"content":{"rendered":"<h4>\u00dcberraschung im Viertelfinale des Kreispokals: der B-Kreisligist SC Riedberg besiegt den Gruppenligisten FC Tempo durch zwei Tore in den letzten 5 Minuten der Verl\u00e4ngerung mit 4:2, nachdem in der regul\u00e4ren Spielzeit ein 0:2-R\u00fcckstand aufgeholt wurde.<\/h4>\n<figure id=\"attachment_17950\" aria-describedby=\"caption-attachment-17950\" style=\"width: 2016px\" class=\"wp-caption alignnone\"><img loading=\"lazy\" decoding=\"async\" class=\"wp-image-17950 size-full\" src=\"http:\/\/insideamateurfussball-ffm.de\/wp-content\/uploads\/2024\/04\/riedbergtempo14.jpg\" alt=\"\" width=\"2016\" height=\"1512\" srcset=\"https:\/\/insideamateurfussball-ffm.de\/wp-content\/uploads\/2024\/04\/riedbergtempo14.jpg 2016w, https:\/\/insideamateurfussball-ffm.de\/wp-content\/uploads\/2024\/04\/riedbergtempo14-300x225.jpg 300w, https:\/\/insideamateurfussball-ffm.de\/wp-content\/uploads\/2024\/04\/riedbergtempo14-1024x768.jpg 1024w, https:\/\/insideamateurfussball-ffm.de\/wp-content\/uploads\/2024\/04\/riedbergtempo14-768x576.jpg 768w, https:\/\/insideamateurfussball-ffm.de\/wp-content\/uploads\/2024\/04\/riedbergtempo14-1536x1152.jpg 1536w\" sizes=\"auto, (max-width: 2016px) 100vw, 2016px\" \/><figcaption id=\"caption-attachment-17950\" class=\"wp-caption-text\">Der B-Kreisligist SC Riedberg feiert nach dem Spiel den \u00fcberraschenden Pokal-Triumph gegen den FC Tempo. Foto: MZ<\/figcaption><\/figure>\n<h4>SC Riedberg &#8211; FC Tempo 4:2 (2:2, 0:2) n.V.<\/h4>\n<p><img loading=\"lazy\" decoding=\"async\" class=\"alignnone size-full wp-image-16632\" src=\"http:\/\/insideamateurfussball-ffm.de\/wp-content\/uploads\/2024\/02\/SC-Riedberg-neu.png\" alt=\"\" width=\"80\" height=\"80\" \/><img loading=\"lazy\" decoding=\"async\" class=\"alignnone size-full wp-image-31\" src=\"http:\/\/insideamateurfussball-ffm.de\/wp-content\/uploads\/2021\/11\/Tempo.jpg\" alt=\"\" width=\"80\" height=\"80\" \/><\/p>\n<p>Die Fronten vor dem Viertelfinale waren bei drei Klassen Unterschied zwischen beiden Mannschaften klar abgesteckt. Auf der einen Seite der SC Riedberg als Tabellenf\u00fchrer der Kreisliga B Frankfurt Gr. 1, der auf drei wichtige Spieler verzichten musste, u.a. fehlte mit dem gesperrten Marvin Diehl der mit 25 Toren erfolgreichste Spieler. Auf der anderen Seite der Gruppenligist FC Tempo, der als Aufsteiger eine gute Saison spielt und derzeit Platz 12 belegt und der in diesem Spiel den Spielern eine Einsatzchance geben wollte, die zuletzt kaum gespielt haben.<\/p>\n<p>Riedbergs Trainer Ersin Dincer zu den Erwartungen vor dem Spiel: \u201ewir freuen uns auf das Spiel, die Spieler sollen unabh\u00e4ngig von dem Gegner einfach Gas geben, so wie wir es in jedem Heimspiel machen.\u201c Der SC Riedberg m\u00f6chte mittelfristig in die Kreisoberliga aufsteigen, deshalb hatte man auch in der Vorbereitung viele Testspiele gegen KOL-Vereine gemacht und durchweg gut ausgesehen. Bei k\u00fchler Witterung unter Flutlicht entwickelte sich ein tolles Pokalspiel, bei dem man in der ganzen Partie keinen Klassenunterschied zwischen den Teams ausmachen konnte.<\/p>\n<p>In der 9.Minute erhielt Riedberg einen Freisto\u00df aus 17 Metern, der Ball wurde aber von der Mauer zur Ecke abgewehrt. Die Gastgeber spielten ein gutes Pressing und eroberten so viele B\u00e4lle im Mittelfeld, w\u00e4hrend der Gruppenligist Schwierigkeiten hatte, sich Chancen zu erspielen. In der 26.Minute musste Riedbergs Torwart Hamza Samiri zum ersten Mal richtig eingreifen, einen Freisto\u00df aus 25 Metern von Stevan Lukovic fischte der Torwart aus dem Winkel. In der 31.Minute dann eine gro\u00dfe Chance f\u00fcr den Kreisligisten, doch ein Verteidiger vom FC Tempo konnte einen Schuss auf der Linie kl\u00e4ren. Es dauerte bis zur 38.Minute, bis der Favorit in F\u00fchrung ging, einen Freisto\u00df fast von der Torauslinie nahe der Eckfahne zirkelte Bojan Mijus direkt ins Tor zur 1:0-F\u00fchrung f\u00fcr die G\u00e4ste, mit der es auch in die Halbzeitpause ging.<\/p>\n<p>In der zweiten Halbzeit kamen die Gastgeber besser aus der Kabine und erzielten in kurzer Folge 4 Ecken, wobei man sagen muss, dass die Einw\u00fcrfe von Mert Sayan teilweise gef\u00e4hrlicher vor das Tor kamen als die Ecken. Aber die Riedlberger spielten einen sch\u00f6n anzuschauenden Fu\u00dfball, sehr ballsicher mit quirligen Spielern, die sich immer wieder spielerisch aus der Abwehr befreien konnten. In der 66.Minute kam Riedbergs Denilsson da Silva vor dem Tor zum Abschluss, aber sein Schuss wurde gerade noch zur Ecke abgewehrt. Nur zwei Minuten sp\u00e4ter schien eine Vorentscheidung gefallen, denn der FC Tempo kam zum 2:0, nach einer sch\u00f6nen Flanke konnte am langen Pfosten Boban Dokic den Ball eink\u00f6pfen. Aber die Riedberger gaben nicht auf und kamen nur 3 Minuten sp\u00e4ter zum Anschlusstreffer, nach einer scharfen Flanke von rechts f\u00e4lschte Nikola Radakovic den Ball ungl\u00fccklich ins eigene Tor ab. Der Au\u00dfenseiter sch\u00f6pfte noch einmal Hoffnung und bedr\u00e4nge daraufhin das Tor der G\u00e4ste, und in der 89.Minute fiel dann doch noch der Ausgleich, nach einer abgewehrten Ecke kam Riano Bamberger an den Ball und h\u00e4mmerte den Ball aus 12 Metern in die Maschen zum vielumjubelten Ausgleich, der beide Mannschaften in die Verl\u00e4ngerung zwang.<\/p>\n<p>Zu Beginn der Verl\u00e4ngerung nutzten die Riedlberger das Momentum und kamen zu zwei Chancen und zwei Ecken, die nicht genutzt werden konnten. Auf der anderen Seite musste Riedbergs Torwart Samiri mit einer Glanzparade in der 96.Minute den erneuten R\u00fcckstand verhindern und \u00a0ein Distanzschuss von Goran Grijak in der 105.Minute landete nur auf dem Querbalken. Obwohl bei den Gastgebern einige Spieler angeschlagen waren, stemmten sie sich in der zweiten Halbzeit der Verl\u00e4ngerung gegen ein Ausscheiden, und wurden ihrerseits wieder aktiver. Als eigentlich alles auf ein Elfmeterschie\u00dfen hinauslief, trafen die Riedberger in den letzten 5 Minuten der Verl\u00e4ngerung noch zweimal, und beide male war es Ricardo Mankowski, der mit Sch\u00fcssen aus 16 Metern (115. und 118.Minute) erfolgreich war und die Riedberger Mannschaft und deren Zuschauer frenetisch jubeln lie\u00df.<\/p>\n<p>Die \u00dcberraschung des Viertelfinales war perfekt und die Riedberger d\u00fcrfen sich im Halbfinale jetzt auf ein Spiel gegen den Verbandsligisten SG Bornheim freuen. Trainer Ersin Dincer nach dem Spiel: \u201ees war ein hart umk\u00e4mpftes Spiel, wir lagen in der zweiten Halbzeit 0:2 hinten, es sah schon fast danach aus, als w\u00fcrde es auf eine Niederlage zugehen, aber meine Jungens haben Super-Moral und Super-Kampfgeist bewiesen, so wie sie das schon die ganze Saison auszeichnet. Die Jungens haben Qualit\u00e4t, und das haben wir vor dem Spiel angesprochen, das wir uns nicht verstecken m\u00fcssen, wir haben die Qualit\u00e4t, auch da oben mitzuhalten, und das haben wir heute bewiesen bis zur letzten Sekunde. Nat\u00fcrlich gl\u00fccklich in der letzten Minute das 2:2, und dann noch in der Verl\u00e4ngerung das 3:2 und 4:2 zu erzwingen, nachdem man so viel Kraft aufgewendet hatte, ist nat\u00fcrlich eine sensationelle Leistung.\u201c Tempos Sportliche Leiter Zoran Marcetic nach dem Spiel: \u201edas ist Fu\u00dfball, wir haben 7 Spielern die Chance gegeben in der Start-11, die am Sonntag nicht spielten, leider ist der Plan nicht aufgegangen, Riedberg hat das gut gemacht, sie drehten ein 0:2, jetzt liegt der Fokus auf der Gruppenliga.\u201c<\/p>\n<p>F\u00fcr den SC Riedberg bedeutet das, den Schwung in das n\u00e4chste Heimspiel am Wochenende gegen den SV Sandhof Niederrad mitzunehmen f\u00fcr den Kampf um den Aufstieg, denn der FV Saz Rock lauert punktgleich mit einem Spiel mehr auf einen Ausrutscher. Der FC Tempo muss bereits am Freitag zum FV Bad Vilbel.<\/p>\n<h4>Schiedsrichter: Emrah Ertem (SC Goldstein). Zuschauer: 70.<\/h4>\n<h4>Tore: 0:1 Bojan Miljus (38.), 0:2 Boban Dokic (68.), 1:2 Nikola Radakovic (71., Eigentor), 2:2 Riano Bamberger (89.), 3:2 Ricardo Mankowski (115.), 4:2 Ricardo Mankowski (118.)<\/h4>\n<blockquote>\n<h4>Zum Schluss noch ein paar fotografische Eindr\u00fccke vom Verfasser des Artikels.<\/h4>\n<\/blockquote>\n\n\n<figure class=\"wp-block-image size-large\"><img loading=\"lazy\" decoding=\"async\" width=\"1024\" height=\"768\" src=\"http:\/\/insideamateurfussball-ffm.de\/wp-content\/uploads\/2024\/04\/riedbergtempo00-1024x768.jpg\" alt=\"\" class=\"wp-image-17936\" srcset=\"https:\/\/insideamateurfussball-ffm.de\/wp-content\/uploads\/2024\/04\/riedbergtempo00-1024x768.jpg 1024w, https:\/\/insideamateurfussball-ffm.de\/wp-content\/uploads\/2024\/04\/riedbergtempo00-300x225.jpg 300w, https:\/\/insideamateurfussball-ffm.de\/wp-content\/uploads\/2024\/04\/riedbergtempo00-768x576.jpg 768w, https:\/\/insideamateurfussball-ffm.de\/wp-content\/uploads\/2024\/04\/riedbergtempo00-1536x1152.jpg 1536w, https:\/\/insideamateurfussball-ffm.de\/wp-content\/uploads\/2024\/04\/riedbergtempo00.jpg 2016w\" sizes=\"auto, (max-width: 1024px) 100vw, 1024px\" \/><\/figure>\n\n\n\n<figure class=\"wp-block-image size-large\"><img loading=\"lazy\" decoding=\"async\" width=\"1024\" height=\"768\" src=\"http:\/\/insideamateurfussball-ffm.de\/wp-content\/uploads\/2024\/04\/riedbergtempo01-1024x768.jpg\" alt=\"\" class=\"wp-image-17937\" srcset=\"https:\/\/insideamateurfussball-ffm.de\/wp-content\/uploads\/2024\/04\/riedbergtempo01-1024x768.jpg 1024w, https:\/\/insideamateurfussball-ffm.de\/wp-content\/uploads\/2024\/04\/riedbergtempo01-300x225.jpg 300w, https:\/\/insideamateurfussball-ffm.de\/wp-content\/uploads\/2024\/04\/riedbergtempo01-768x576.jpg 768w, https:\/\/insideamateurfussball-ffm.de\/wp-content\/uploads\/2024\/04\/riedbergtempo01-1536x1152.jpg 1536w, https:\/\/insideamateurfussball-ffm.de\/wp-content\/uploads\/2024\/04\/riedbergtempo01.jpg 2016w\" sizes=\"auto, (max-width: 1024px) 100vw, 1024px\" \/><\/figure>\n\n\n\n<figure class=\"wp-block-image size-large\"><img loading=\"lazy\" decoding=\"async\" width=\"1024\" height=\"768\" src=\"http:\/\/insideamateurfussball-ffm.de\/wp-content\/uploads\/2024\/04\/riedbergtempo02-1024x768.jpg\" alt=\"\" class=\"wp-image-17938\" srcset=\"https:\/\/insideamateurfussball-ffm.de\/wp-content\/uploads\/2024\/04\/riedbergtempo02-1024x768.jpg 1024w, https:\/\/insideamateurfussball-ffm.de\/wp-content\/uploads\/2024\/04\/riedbergtempo02-300x225.jpg 300w, https:\/\/insideamateurfussball-ffm.de\/wp-content\/uploads\/2024\/04\/riedbergtempo02-768x576.jpg 768w, https:\/\/insideamateurfussball-ffm.de\/wp-content\/uploads\/2024\/04\/riedbergtempo02-1536x1152.jpg 1536w, https:\/\/insideamateurfussball-ffm.de\/wp-content\/uploads\/2024\/04\/riedbergtempo02.jpg 2016w\" sizes=\"auto, (max-width: 1024px) 100vw, 1024px\" \/><\/figure>\n\n\n\n<figure class=\"wp-block-image size-large\"><img loading=\"lazy\" decoding=\"async\" width=\"1024\" height=\"768\" src=\"http:\/\/insideamateurfussball-ffm.de\/wp-content\/uploads\/2024\/04\/riedbergtempo03-1024x768.jpg\" alt=\"\" class=\"wp-image-17939\" srcset=\"https:\/\/insideamateurfussball-ffm.de\/wp-content\/uploads\/2024\/04\/riedbergtempo03-1024x768.jpg 1024w, https:\/\/insideamateurfussball-ffm.de\/wp-content\/uploads\/2024\/04\/riedbergtempo03-300x225.jpg 300w, https:\/\/insideamateurfussball-ffm.de\/wp-content\/uploads\/2024\/04\/riedbergtempo03-768x576.jpg 768w, https:\/\/insideamateurfussball-ffm.de\/wp-content\/uploads\/2024\/04\/riedbergtempo03-1536x1152.jpg 1536w, https:\/\/insideamateurfussball-ffm.de\/wp-content\/uploads\/2024\/04\/riedbergtempo03.jpg 2016w\" sizes=\"auto, (max-width: 1024px) 100vw, 1024px\" \/><\/figure>\n\n\n\n<figure class=\"wp-block-image size-large\"><img loading=\"lazy\" decoding=\"async\" width=\"1024\" height=\"768\" src=\"http:\/\/insideamateurfussball-ffm.de\/wp-content\/uploads\/2024\/04\/riedbergtempo04-1024x768.jpg\" alt=\"\" class=\"wp-image-17940\" srcset=\"https:\/\/insideamateurfussball-ffm.de\/wp-content\/uploads\/2024\/04\/riedbergtempo04-1024x768.jpg 1024w, https:\/\/insideamateurfussball-ffm.de\/wp-content\/uploads\/2024\/04\/riedbergtempo04-300x225.jpg 300w, https:\/\/insideamateurfussball-ffm.de\/wp-content\/uploads\/2024\/04\/riedbergtempo04-768x576.jpg 768w, https:\/\/insideamateurfussball-ffm.de\/wp-content\/uploads\/2024\/04\/riedbergtempo04-1536x1152.jpg 1536w, https:\/\/insideamateurfussball-ffm.de\/wp-content\/uploads\/2024\/04\/riedbergtempo04.jpg 2016w\" sizes=\"auto, (max-width: 1024px) 100vw, 1024px\" \/><\/figure>\n\n\n\n<figure class=\"wp-block-image size-large\"><img loading=\"lazy\" decoding=\"async\" width=\"1024\" height=\"768\" src=\"http:\/\/insideamateurfussball-ffm.de\/wp-content\/uploads\/2024\/04\/riedbergtempo05-1024x768.jpg\" alt=\"\" class=\"wp-image-17941\" srcset=\"https:\/\/insideamateurfussball-ffm.de\/wp-content\/uploads\/2024\/04\/riedbergtempo05-1024x768.jpg 1024w, https:\/\/insideamateurfussball-ffm.de\/wp-content\/uploads\/2024\/04\/riedbergtempo05-300x225.jpg 300w, https:\/\/insideamateurfussball-ffm.de\/wp-content\/uploads\/2024\/04\/riedbergtempo05-768x576.jpg 768w, https:\/\/insideamateurfussball-ffm.de\/wp-content\/uploads\/2024\/04\/riedbergtempo05-1536x1152.jpg 1536w, https:\/\/insideamateurfussball-ffm.de\/wp-content\/uploads\/2024\/04\/riedbergtempo05.jpg 2016w\" sizes=\"auto, (max-width: 1024px) 100vw, 1024px\" \/><\/figure>\n\n\n\n<figure class=\"wp-block-image size-large\"><img loading=\"lazy\" decoding=\"async\" width=\"1024\" height=\"768\" src=\"http:\/\/insideamateurfussball-ffm.de\/wp-content\/uploads\/2024\/04\/riedbergtempo06-1024x768.jpg\" alt=\"\" class=\"wp-image-17942\" srcset=\"https:\/\/insideamateurfussball-ffm.de\/wp-content\/uploads\/2024\/04\/riedbergtempo06-1024x768.jpg 1024w, https:\/\/insideamateurfussball-ffm.de\/wp-content\/uploads\/2024\/04\/riedbergtempo06-300x225.jpg 300w, https:\/\/insideamateurfussball-ffm.de\/wp-content\/uploads\/2024\/04\/riedbergtempo06-768x576.jpg 768w, https:\/\/insideamateurfussball-ffm.de\/wp-content\/uploads\/2024\/04\/riedbergtempo06-1536x1152.jpg 1536w, https:\/\/insideamateurfussball-ffm.de\/wp-content\/uploads\/2024\/04\/riedbergtempo06.jpg 2016w\" sizes=\"auto, (max-width: 1024px) 100vw, 1024px\" \/><\/figure>\n\n\n\n<figure class=\"wp-block-image size-large\"><img loading=\"lazy\" decoding=\"async\" width=\"1024\" height=\"768\" src=\"http:\/\/insideamateurfussball-ffm.de\/wp-content\/uploads\/2024\/04\/riedbergtempo07-1024x768.jpg\" alt=\"\" class=\"wp-image-17943\" srcset=\"https:\/\/insideamateurfussball-ffm.de\/wp-content\/uploads\/2024\/04\/riedbergtempo07-1024x768.jpg 1024w, https:\/\/insideamateurfussball-ffm.de\/wp-content\/uploads\/2024\/04\/riedbergtempo07-300x225.jpg 300w, https:\/\/insideamateurfussball-ffm.de\/wp-content\/uploads\/2024\/04\/riedbergtempo07-768x576.jpg 768w, https:\/\/insideamateurfussball-ffm.de\/wp-content\/uploads\/2024\/04\/riedbergtempo07-1536x1152.jpg 1536w, https:\/\/insideamateurfussball-ffm.de\/wp-content\/uploads\/2024\/04\/riedbergtempo07.jpg 2016w\" sizes=\"auto, (max-width: 1024px) 100vw, 1024px\" \/><\/figure>\n\n\n\n<figure class=\"wp-block-image size-large\"><img loading=\"lazy\" decoding=\"async\" width=\"1024\" height=\"768\" src=\"http:\/\/insideamateurfussball-ffm.de\/wp-content\/uploads\/2024\/04\/riedbergtempo08-1024x768.jpg\" alt=\"\" class=\"wp-image-17944\" srcset=\"https:\/\/insideamateurfussball-ffm.de\/wp-content\/uploads\/2024\/04\/riedbergtempo08-1024x768.jpg 1024w, https:\/\/insideamateurfussball-ffm.de\/wp-content\/uploads\/2024\/04\/riedbergtempo08-300x225.jpg 300w, https:\/\/insideamateurfussball-ffm.de\/wp-content\/uploads\/2024\/04\/riedbergtempo08-768x576.jpg 768w, https:\/\/insideamateurfussball-ffm.de\/wp-content\/uploads\/2024\/04\/riedbergtempo08-1536x1152.jpg 1536w, https:\/\/insideamateurfussball-ffm.de\/wp-content\/uploads\/2024\/04\/riedbergtempo08.jpg 2016w\" sizes=\"auto, (max-width: 1024px) 100vw, 1024px\" \/><\/figure>\n\n\n\n<figure class=\"wp-block-image size-large\"><img loading=\"lazy\" decoding=\"async\" width=\"1024\" height=\"768\" src=\"http:\/\/insideamateurfussball-ffm.de\/wp-content\/uploads\/2024\/04\/riedbergtempo09-1024x768.jpg\" alt=\"\" class=\"wp-image-17945\" srcset=\"https:\/\/insideamateurfussball-ffm.de\/wp-content\/uploads\/2024\/04\/riedbergtempo09-1024x768.jpg 1024w, https:\/\/insideamateurfussball-ffm.de\/wp-content\/uploads\/2024\/04\/riedbergtempo09-300x225.jpg 300w, https:\/\/insideamateurfussball-ffm.de\/wp-content\/uploads\/2024\/04\/riedbergtempo09-768x576.jpg 768w, https:\/\/insideamateurfussball-ffm.de\/wp-content\/uploads\/2024\/04\/riedbergtempo09-1536x1152.jpg 1536w, https:\/\/insideamateurfussball-ffm.de\/wp-content\/uploads\/2024\/04\/riedbergtempo09.jpg 2016w\" sizes=\"auto, (max-width: 1024px) 100vw, 1024px\" \/><\/figure>\n\n\n\n<figure class=\"wp-block-image size-large\"><img loading=\"lazy\" decoding=\"async\" width=\"1024\" height=\"768\" src=\"http:\/\/insideamateurfussball-ffm.de\/wp-content\/uploads\/2024\/04\/riedbergtempo10-1024x768.jpg\" alt=\"\" class=\"wp-image-17946\" srcset=\"https:\/\/insideamateurfussball-ffm.de\/wp-content\/uploads\/2024\/04\/riedbergtempo10-1024x768.jpg 1024w, https:\/\/insideamateurfussball-ffm.de\/wp-content\/uploads\/2024\/04\/riedbergtempo10-300x225.jpg 300w, https:\/\/insideamateurfussball-ffm.de\/wp-content\/uploads\/2024\/04\/riedbergtempo10-768x576.jpg 768w, https:\/\/insideamateurfussball-ffm.de\/wp-content\/uploads\/2024\/04\/riedbergtempo10-1536x1152.jpg 1536w, https:\/\/insideamateurfussball-ffm.de\/wp-content\/uploads\/2024\/04\/riedbergtempo10.jpg 2016w\" sizes=\"auto, (max-width: 1024px) 100vw, 1024px\" \/><\/figure>\n\n\n\n<figure class=\"wp-block-image size-large\"><img loading=\"lazy\" decoding=\"async\" width=\"1024\" height=\"768\" src=\"http:\/\/insideamateurfussball-ffm.de\/wp-content\/uploads\/2024\/04\/riedbergtempo11-1024x768.jpg\" alt=\"\" class=\"wp-image-17947\" srcset=\"https:\/\/insideamateurfussball-ffm.de\/wp-content\/uploads\/2024\/04\/riedbergtempo11-1024x768.jpg 1024w, https:\/\/insideamateurfussball-ffm.de\/wp-content\/uploads\/2024\/04\/riedbergtempo11-300x225.jpg 300w, https:\/\/insideamateurfussball-ffm.de\/wp-content\/uploads\/2024\/04\/riedbergtempo11-768x576.jpg 768w, https:\/\/insideamateurfussball-ffm.de\/wp-content\/uploads\/2024\/04\/riedbergtempo11-1536x1152.jpg 1536w, https:\/\/insideamateurfussball-ffm.de\/wp-content\/uploads\/2024\/04\/riedbergtempo11.jpg 2016w\" sizes=\"auto, (max-width: 1024px) 100vw, 1024px\" \/><\/figure>\n\n\n\n<figure class=\"wp-block-image size-large\"><img loading=\"lazy\" decoding=\"async\" width=\"1024\" height=\"768\" src=\"http:\/\/insideamateurfussball-ffm.de\/wp-content\/uploads\/2024\/04\/riedbergtempo12-1024x768.jpg\" alt=\"\" class=\"wp-image-17948\" srcset=\"https:\/\/insideamateurfussball-ffm.de\/wp-content\/uploads\/2024\/04\/riedbergtempo12-1024x768.jpg 1024w, https:\/\/insideamateurfussball-ffm.de\/wp-content\/uploads\/2024\/04\/riedbergtempo12-300x225.jpg 300w, https:\/\/insideamateurfussball-ffm.de\/wp-content\/uploads\/2024\/04\/riedbergtempo12-768x576.jpg 768w, https:\/\/insideamateurfussball-ffm.de\/wp-content\/uploads\/2024\/04\/riedbergtempo12-1536x1152.jpg 1536w, https:\/\/insideamateurfussball-ffm.de\/wp-content\/uploads\/2024\/04\/riedbergtempo12.jpg 2016w\" sizes=\"auto, (max-width: 1024px) 100vw, 1024px\" \/><\/figure>\n\n\n\n<figure class=\"wp-block-image size-large\"><img loading=\"lazy\" decoding=\"async\" width=\"1024\" height=\"768\" src=\"http:\/\/insideamateurfussball-ffm.de\/wp-content\/uploads\/2024\/04\/riedbergtempo13-1024x768.jpg\" alt=\"\" class=\"wp-image-17949\" srcset=\"https:\/\/insideamateurfussball-ffm.de\/wp-content\/uploads\/2024\/04\/riedbergtempo13-1024x768.jpg 1024w, https:\/\/insideamateurfussball-ffm.de\/wp-content\/uploads\/2024\/04\/riedbergtempo13-300x225.jpg 300w, https:\/\/insideamateurfussball-ffm.de\/wp-content\/uploads\/2024\/04\/riedbergtempo13-768x576.jpg 768w, https:\/\/insideamateurfussball-ffm.de\/wp-content\/uploads\/2024\/04\/riedbergtempo13-1536x1152.jpg 1536w, https:\/\/insideamateurfussball-ffm.de\/wp-content\/uploads\/2024\/04\/riedbergtempo13.jpg 2016w\" sizes=\"auto, (max-width: 1024px) 100vw, 1024px\" \/><\/figure>\n","protected":false},"excerpt":{"rendered":"<p>\u00dcberraschung im Viertelfinale des Kreispokals: der B-Kreisligist SC Riedberg besiegt den Gruppenligisten FC Tempo durch zwei Tore in den letzten 5 Minuten der Verl\u00e4ngerung mit 4:2, nachdem in der regul\u00e4ren Spielzeit ein 0:2-R\u00fcckstand aufgeholt wurde. SC Riedberg &#8211; FC Tempo 4:2 (2:2, 0:2) n.V. Die Fronten vor dem Viertelfinale waren bei drei Klassen Unterschied zwischen [&hellip;]<\/p>\n","protected":false},"author":3,"featured_media":17950,"comment_status":"open","ping_status":"open","sticky":true,"template":"","format":"standard","meta":{"footnotes":""},"categories":[9],"tags":[],"class_list":["post-17935","post","type-post","status-publish","format-standard","has-post-thumbnail","hentry","category-kreispokal"],"_links":{"self":[{"href":"https:\/\/insideamateurfussball-ffm.de\/index.php?rest_route=\/wp\/v2\/posts\/17935","targetHints":{"allow":["GET"]}}],"collection":[{"href":"https:\/\/insideamateurfussball-ffm.de\/index.php?rest_route=\/wp\/v2\/posts"}],"about":[{"href":"https:\/\/insideamateurfussball-ffm.de\/index.php?rest_route=\/wp\/v2\/types\/post"}],"author":[{"embeddable":true,"href":"https:\/\/insideamateurfussball-ffm.de\/index.php?rest_route=\/wp\/v2\/users\/3"}],"replies":[{"embeddable":true,"href":"https:\/\/insideamateurfussball-ffm.de\/index.php?rest_route=%2Fwp%2Fv2%2Fcomments&post=17935"}],"version-history":[{"count":5,"href":"https:\/\/insideamateurfussball-ffm.de\/index.php?rest_route=\/wp\/v2\/posts\/17935\/revisions"}],"predecessor-version":[{"id":17955,"href":"https:\/\/insideamateurfussball-ffm.de\/index.php?rest_route=\/wp\/v2\/posts\/17935\/revisions\/17955"}],"wp:featuredmedia":[{"embeddable":true,"href":"https:\/\/insideamateurfussball-ffm.de\/index.php?rest_route=\/wp\/v2\/media\/17950"}],"wp:attachment":[{"href":"https:\/\/insideamateurfussball-ffm.de\/index.php?rest_route=%2Fwp%2Fv2%2Fmedia&parent=17935"}],"wp:term":[{"taxonomy":"category","embeddable":true,"href":"https:\/\/insideamateurfussball-ffm.de\/index.php?rest_route=%2Fwp%2Fv2%2Fcategories&post=17935"},{"taxonomy":"post_tag","embeddable":true,"href":"https:\/\/insideamateurfussball-ffm.de\/index.php?rest_route=%2Fwp%2Fv2%2Ftags&post=17935"}],"curies":[{"name":"wp","href":"https:\/\/api.w.org\/{rel}","templated":true}]}}