{"id":17912,"date":"2024-04-08T22:03:13","date_gmt":"2024-04-08T20:03:13","guid":{"rendered":"http:\/\/insideamateurfussball-ffm.de\/?p=17912"},"modified":"2024-04-08T22:03:13","modified_gmt":"2024-04-08T20:03:13","slug":"griesheim-tarik-deklassiert-willenlosen-fc-croatia","status":"publish","type":"post","link":"https:\/\/insideamateurfussball-ffm.de\/?p=17912","title":{"rendered":"Griesheim Tarik deklassiert willenlosen FC Croatia"},"content":{"rendered":"<h5><span style=\"font-size: 16px;\">Im Duell Vierter gegen Dritter festigte der SV Griesheim Tarik mit dem 6:1 (1:0)-Kantersieg \u00fcber den FC Croatia seine Eigenschaft als bester Aufsteiger. Nach einer durchwachsenen ersten H\u00e4lfte wurden die lustlos auftretenden Kroaten noch mit einem halben Dutzend Gegentore nach Hause geschickt. Der Aufstiegszug d\u00fcrfte damit bei sechs Punkten R\u00fcckstand auf Rang zwei bei noch einmal spielfrei abgefahren sein.\u00a0<\/span><\/h5>\n<figure id=\"attachment_17913\" aria-describedby=\"caption-attachment-17913\" style=\"width: 313px\" class=\"wp-caption alignleft\"><img loading=\"lazy\" decoding=\"async\" class=\"wp-image-17913\" src=\"http:\/\/insideamateurfussball-ffm.de\/wp-content\/uploads\/2024\/04\/tar4-2-300x209.jpg\" alt=\"\" width=\"313\" height=\"218\" srcset=\"https:\/\/insideamateurfussball-ffm.de\/wp-content\/uploads\/2024\/04\/tar4-2-300x209.jpg 300w, https:\/\/insideamateurfussball-ffm.de\/wp-content\/uploads\/2024\/04\/tar4-2-1024x714.jpg 1024w, https:\/\/insideamateurfussball-ffm.de\/wp-content\/uploads\/2024\/04\/tar4-2-768x536.jpg 768w, https:\/\/insideamateurfussball-ffm.de\/wp-content\/uploads\/2024\/04\/tar4-2.jpg 1074w\" sizes=\"auto, (max-width: 313px) 100vw, 313px\" \/><figcaption id=\"caption-attachment-17913\" class=\"wp-caption-text\">Pr\u00e4dikat bester KOL-Aufsteiger: SV Griesheim Tarik. Foto: Archiv Mithat G\u00fcrser.\u00a0\u00a0<\/figcaption><\/figure>\n<h5><span style=\"font-size: 16px;\">SV Griesheim Tarik &#8211; FC Croatia 6:1 (1:0)<\/span><\/h5>\n<p><img loading=\"lazy\" decoding=\"async\" class=\"alignnone size-full wp-image-34\" src=\"http:\/\/insideamateurfussball-ffm.de\/wp-content\/uploads\/2021\/11\/Tarik.jpg\" alt=\"\" width=\"80\" height=\"80\" \/><img loading=\"lazy\" decoding=\"async\" class=\"alignnone size-full wp-image-29\" src=\"http:\/\/insideamateurfussball-ffm.de\/wp-content\/uploads\/2021\/11\/croatia.jpg\" alt=\"\" width=\"63\" height=\"80\" \/><\/p>\n<p><span style=\"font-size: 16px;\">In der ausgeglichenen ersten H\u00e4lfte verletzte sich Cem Bagdu bereits in der 3. Minute und kugelte sich die Schulter aus. Der Krankenwagen musste kommen und den Tarik-Spieler mitnehmen. In der Folge war aufgrund der Behandlung die Partie f\u00fcr einige Zeit unterbrochen. Nachdem das Spiel an der L\u00e4rchenstra\u00dfe fortgesetzt wurde, gelang den Gastgebern Sekunden vor dem Halbzeitpfiff die F\u00fchrung durch Yassin Araychi (45.). <\/span><\/p>\n<p><span style=\"font-size: 16px;\">Nach dem Seitenwechsel bewies Tarik nach dem Ausgleich durch Aleksandar Sasa Matovic (48.) Moral und markierte durch Torj\u00e4ger Ahmet Keser das 2:1 (53.). Ein Eigentor durch Dominik Emmel (55.) brachte die Hausherren endg\u00fcltig auf die Siegerstra\u00dfe, die dann noch mit Francesco Trauner (65.), Ilias Otmani (66.) und Anas Ouakil (85.) das halbe Dutzend voll machten.<\/span><\/p>\n<ul>\n<li><strong><span style=\"font-size: 16px;\">&#8222;Gl\u00fcckwunsch an Tarik Griesheim f\u00fcr eine sehr reife taktische Einstellung&#8220; (Croatias Sportlicher Leiter Stanislav Konta)<\/span><\/strong><\/li>\n<\/ul>\n<p><span style=\"font-size: 16px;\">&#8222;Wir h\u00e4tten auch h\u00f6her gewinnen k\u00f6nnen, der Gegner hat nicht viel Gegenwehr geleistet, die Kroaten waren nicht so gut wie im Hinspiel&#8220;, berichtete Tarik-Trainer Hamza Azaoum. Er betonte, dass &#8222;wir gefastet haben bei diesem warmen Wetter, so war das Tempo nicht hoch. Der Sieg ist auch in der H\u00f6he verdient. Die Mannschaft hat es in der zweiten Halbzeit gut gemacht, da haben wir teilweise guten Fu\u00dfball gespielt.&#8220; <\/span><\/p>\n<p><span style=\"font-size: 16px;\">Blankes Entsetzen herrschte dagegen bei Croatias Sportlichem Leiter Stanislav Konta vor: &#8222;Gl\u00fcckwunsch an Tarik Griesheim f\u00fcr eine sehr reife taktische Einstellung. F\u00fcr unsere Darbietung fehlt mir als Sportler jegliches Verst\u00e4ndnis daf\u00fcr wie man sich so pr\u00e4sentieren kann. Wir haben nicht mal die Mindestvoraussetzung mitgebracht und das ist der Wille.&#8220; W\u00e4hrend Griesheim Tarik am kommenden Spieltag spielfrei aussetzt, erwartet der FC Croatia vor heimischer Kulisse die SG Harheim (15 Uhr).\u00a0<\/span><\/p>\n<ul>\n<li><span style=\"font-size: 16px;\"><strong>Schiedsrichter: Christopher Bedikian (SC 1960 Hanau). Zuschauer: 120. <\/strong><\/span><\/li>\n<li><span style=\"font-size: 16px;\"><strong>Tore: 1:0 Yassin Araychi (45.), 1:1 Aleksandar Sasa Matovic (48.), 2:1 Ahmet Keser (53.), 3:1 Dominik Emmel (55.\/Eigentor), 4:1 Francesco Trauner (65.), 5:1 Ilias Otmani (66.), 6:1 Anas Ouakil (85.).\u00a0 <\/strong>\u00a0<\/span><\/li>\n<\/ul>\n","protected":false},"excerpt":{"rendered":"<p>Im Duell Vierter gegen Dritter festigte der SV Griesheim Tarik mit dem 6:1 (1:0)-Kantersieg \u00fcber den FC Croatia seine Eigenschaft als bester Aufsteiger. Nach einer durchwachsenen ersten H\u00e4lfte wurden die lustlos auftretenden Kroaten noch mit einem halben Dutzend Gegentore nach Hause geschickt. Der Aufstiegszug d\u00fcrfte damit bei sechs Punkten R\u00fcckstand auf Rang zwei bei noch [&hellip;]<\/p>\n","protected":false},"author":1,"featured_media":17913,"comment_status":"open","ping_status":"open","sticky":true,"template":"","format":"standard","meta":{"footnotes":""},"categories":[2],"tags":[],"class_list":["post-17912","post","type-post","status-publish","format-standard","has-post-thumbnail","hentry","category-kreisoberliga-frankfurt"],"_links":{"self":[{"href":"https:\/\/insideamateurfussball-ffm.de\/index.php?rest_route=\/wp\/v2\/posts\/17912","targetHints":{"allow":["GET"]}}],"collection":[{"href":"https:\/\/insideamateurfussball-ffm.de\/index.php?rest_route=\/wp\/v2\/posts"}],"about":[{"href":"https:\/\/insideamateurfussball-ffm.de\/index.php?rest_route=\/wp\/v2\/types\/post"}],"author":[{"embeddable":true,"href":"https:\/\/insideamateurfussball-ffm.de\/index.php?rest_route=\/wp\/v2\/users\/1"}],"replies":[{"embeddable":true,"href":"https:\/\/insideamateurfussball-ffm.de\/index.php?rest_route=%2Fwp%2Fv2%2Fcomments&post=17912"}],"version-history":[{"count":1,"href":"https:\/\/insideamateurfussball-ffm.de\/index.php?rest_route=\/wp\/v2\/posts\/17912\/revisions"}],"predecessor-version":[{"id":17914,"href":"https:\/\/insideamateurfussball-ffm.de\/index.php?rest_route=\/wp\/v2\/posts\/17912\/revisions\/17914"}],"wp:featuredmedia":[{"embeddable":true,"href":"https:\/\/insideamateurfussball-ffm.de\/index.php?rest_route=\/wp\/v2\/media\/17913"}],"wp:attachment":[{"href":"https:\/\/insideamateurfussball-ffm.de\/index.php?rest_route=%2Fwp%2Fv2%2Fmedia&parent=17912"}],"wp:term":[{"taxonomy":"category","embeddable":true,"href":"https:\/\/insideamateurfussball-ffm.de\/index.php?rest_route=%2Fwp%2Fv2%2Fcategories&post=17912"},{"taxonomy":"post_tag","embeddable":true,"href":"https:\/\/insideamateurfussball-ffm.de\/index.php?rest_route=%2Fwp%2Fv2%2Ftags&post=17912"}],"curies":[{"name":"wp","href":"https:\/\/api.w.org\/{rel}","templated":true}]}}