{"id":17909,"date":"2024-04-08T21:30:14","date_gmt":"2024-04-08T19:30:14","guid":{"rendered":"http:\/\/insideamateurfussball-ffm.de\/?p=17909"},"modified":"2024-04-08T21:30:14","modified_gmt":"2024-04-08T19:30:14","slug":"4x-enno-lang-laesst-roedelheim-hoffen","status":"publish","type":"post","link":"https:\/\/insideamateurfussball-ffm.de\/?p=17909","title":{"rendered":"4x Enno Lang l\u00e4sst R\u00f6delheim hoffen"},"content":{"rendered":"<h5><span style=\"font-size: 16px;\">Concordia Eschersheim bezog im Abstiegskampf gegen den direkt dahinter platzierten Aufsteiger 1. R\u00f6delheimer FC 02 eine empfindliche 2:6 (2:2)-Heimschlappe. Statt der m\u00f6glichen sieben Punkte Vorsprung auf den Relegationsplatz schmolz das Polster auf die R\u00f6delheimer dadurch auf einen Z\u00e4hler zusammen und der Kontrahent hat noch eine Begegnung mehr bis Saisonende zu absolvieren. Die G\u00e4ste hingegen hoffen nach diesem Coup sogar auf den direkten Klassenerhalt.\u00a0<\/span><\/h5>\n<figure id=\"attachment_17910\" aria-describedby=\"caption-attachment-17910\" style=\"width: 313px\" class=\"wp-caption alignleft\"><img loading=\"lazy\" decoding=\"async\" class=\"wp-image-17910\" src=\"http:\/\/insideamateurfussball-ffm.de\/wp-content\/uploads\/2024\/04\/langenno-300x191.jpg\" alt=\"\" width=\"313\" height=\"200\" srcset=\"https:\/\/insideamateurfussball-ffm.de\/wp-content\/uploads\/2024\/04\/langenno-300x191.jpg 300w, https:\/\/insideamateurfussball-ffm.de\/wp-content\/uploads\/2024\/04\/langenno-1024x654.jpg 1024w, https:\/\/insideamateurfussball-ffm.de\/wp-content\/uploads\/2024\/04\/langenno-768x490.jpg 768w, https:\/\/insideamateurfussball-ffm.de\/wp-content\/uploads\/2024\/04\/langenno-1536x980.jpg 1536w, https:\/\/insideamateurfussball-ffm.de\/wp-content\/uploads\/2024\/04\/langenno.jpg 2048w\" sizes=\"auto, (max-width: 313px) 100vw, 313px\" \/><figcaption id=\"caption-attachment-17910\" class=\"wp-caption-text\">R\u00f6delheims St\u00fcrmer Enno Lang war der Matchwinner beim 6:2-Sieg. Foto: Archiv Dago Reinprecht.\u00a0\u00a0<\/figcaption><\/figure>\n<h5><span style=\"font-size: 16px;\">Concordia Eschersheim &#8211; 1. R\u00f6delheimer FC 02 2:6 (2:2)<\/span><\/h5>\n<p><img loading=\"lazy\" decoding=\"async\" class=\"alignnone size-full wp-image-37\" src=\"http:\/\/insideamateurfussball-ffm.de\/wp-content\/uploads\/2021\/11\/1sv07_news2_4178_01_01_02.jpg\" alt=\"\" width=\"80\" height=\"80\" \/><img loading=\"lazy\" decoding=\"async\" class=\"alignnone size-full wp-image-932\" src=\"http:\/\/insideamateurfussball-ffm.de\/wp-content\/uploads\/2022\/06\/Roedelheim.jpg\" alt=\"\" width=\"80\" height=\"73\" \/><\/p>\n<p><span style=\"font-size: 16px;\">Seit dem 26. November 2023 wartet die Concordia nun schon auf einen Sieg und die Situation im Kampf um den Klassenerhalt wird immer enger. Trainer Andreas Ludwig sprach von einer bitteren Niederlage. <\/span><span style=\"font-size: 16px;\">Der Club war von Anfang an hellwach, einen langen Ball von Jakob Nobbe erlief Enno Lang in der zweiten Minute und spitzelte ihn an den sich gegenseitig behinderten Abwehrspielern und dem Torwart der Gastgeber zur F\u00fchrung ins Netz. Weitere gute Chancen ergaben sich, die beste aus einer gelungenen Kombination \u00fcber die rechte Seite, doch die Flanke von Michail Petermann war zu scharf, dass Enno Lang sie verwerten konnte. Und wieder war Enno Lang beteiligt, sein Schuss von der Mittellinie konnte der weit vor seinem Tor stehende Torh\u00fcter Finn Hoffmann mit M\u00fche gerade noch halten. Dann ereilte den Club das in dieser Saison so oft auftretende Verletzungspech wieder, Max R\u00f6mer musste in der 15. Minute mit schwerer Fussverletzung vom Platz, f\u00fcr ihn kam Nima Razdar. <\/span><\/p>\n<p><span style=\"font-size: 16px;\">Die Concordia kam besser ins Spiel, presste den Club in die eigene H\u00e4lfte und erzielte in der 25. Minute mit einem langen Pass \u00fcber die Abwehrkette und Umkurven des herauseilenden Daniel Gude den durch Leo Burkhardt den Ausgleich. Doch der Club hatte immer wieder die richtige Antwort und es kam wohl zur spielentscheidenden Szene des Spiels. Die Eckballvariante f\u00fchrte dazu, dass Lamik Tomas Uqbazgi, der auf der Torlinie stand, den scharf geschossenen Ball mit der Hand abwehrte. Die Folgen: Rote Karte und Elfmeter. Enno Lang verwandelte in der 34. Minute sicher zur 2:1-F\u00fchrung der G\u00e4ste. Doch anstatt dies Sicherheit gab, war gerade das Gegenteil der Fall. Die Concordia spielte weiter mutig nach vorne und der n\u00e4chste lange Ball segelte wieder in den Strafraum des Clubs. Daniel Gude lief raus, prallte ungl\u00fccklich mit dem St\u00fcrmer der Gastgeber zusammen und den Abpraller verwertete Ussama Dejellakh zum abermaligen Ausgleich in der 42. Minute. RFC_Tormann Daniel Gude wurde beim Zusammenprall so schwer am Knie verletzt, dass er in der zweiten Halbzeit durch Gianni Gioia ersetzt werden musste. In der zweiten Halbzeit nahm sich der Club dann vor, die zahlenm\u00e4\u00dfige \u00dcberlegenheit auszunutzen, den Ball sicher in den eigenen Reihen zu halten und so zu \u00dcberzahlsituationen zu kommen.<\/span><\/p>\n<ul>\n<li><strong><span style=\"font-size: 16px;\">Concordia musste auch den warmen Temperaturen Tribut zollen<\/span><\/strong><\/li>\n<\/ul>\n<p><span style=\"font-size: 16px;\">Dies gelang dann auch in der 53. Minute als Benedikt Herbert, der f\u00fcr den wieder einsatzf\u00e4higen Dennis Penk schon in der ersten Halbzeit eingewechselt wurde, einen klugen, langen Pass in den Lauf von Enno Lang spielte, der eiskalt flach ins lange Eck verwandelte. Dann kam die Zeit des Zitterns, die Concordia warf noch einmal alles nach vorne und der Club wackelte bedenklich. Gianni Gioia mit mehreren tollen Paraden und das Gl\u00fcck, dass die Concordia aus aussichtsreichen Positionen das Tor verfehlte, verhinderten den Ausgleich. Als sich der wieder eingewechselte Dennis Penk in der 77. Minute energisch am linken Fl\u00fcgel durchsetzte und Enno Lang zum vierten Mal einnetzte, war die Partie gelaufen. Concordia musste mit nur noch neun Feldspielern auch den warmen Temperaturen Tribut zollen und die Kr\u00e4fte lie\u00dfen merklich nach. Mit dem f\u00fcnften Tor durch einen feinen Fernschuss durch Jakob Nobbe in der 83. Minute und dem sechsten Treffer durch den emsigen Samet Temizsoy in der 89. Minute war das halbe Dutzend an Toren voll. Er <\/span><span style=\"font-size: 16px;\">sorgte daf\u00fcr, dass nach der 2:5-Niederlage im Hinspiel der am Saisonende bei Punktgleichheit entscheidende direkte Vergleich nach R\u00f6delheim geht (89.). <\/span><\/p>\n<p><span style=\"font-size: 16px;\">&#8222;Wir haben Moral bewiesen nach dem Platzverweis und bis zur Pause ein gutes Spiel gemacht. Danach haben wir zu wenig nach vorne investiert und hatten zu viele Ballverluste. Der Gegner hatte mit Lang und Nobbe gute Leute, die solche Fehler eiskalt ausnutzen. Wir haben uns die Dinger selbst reingekegelt. Diese individuellen Fehler sind brutal&#8220;, meinte Ludwig. Im n\u00e4chsten Kellerduell am Sonntag beim FV Hausen m\u00fcsse man &#8222;es irgendwie besser machen. Von daher m\u00fcssen wir gucken, dass wir da einen Dreier holen.&#8220; RFC-Presssprecher Volker Flauaus war erleichtert und berichtete: &#8222;<\/span><span style=\"font-size: 16px;\">Einen eminent wichtigen Sieg verbuchte der Club im Spiel beim direkten Abstiegskonkurrenten Concordia Eschersheim. Der \u00fcberragende vierfache Torsch\u00fctze Enno Lang, die Effizienz beim Ausnutzen der Torchancen, die enorme Kampfkraft aller Spieler, die starken Paraden von Gianni Gioia in der zweiten Halbzeit und das Quentchen Gl\u00fcck f\u00fchrten dazu, dass die Hoffnung auf den Klassenerhalt wieder gestiegen ist.&#8220; N\u00e4chsten Sonntag um 15.00 Uhr erwartet der Club nun zu Hause den Tabellenzweiten Viktoria Preu\u00dfen. &#8222;Vielleicht ist sogar eine \u00dcberraschung drin, das n\u00f6tige Selbstvertrauen hat man sich in Eschersheim erarbeitet&#8220;, blickt Flauaus voraus.\u00a0 \u00a0<\/span><\/p>\n<ul>\n<li><strong><span style=\"font-size: 16px;\">Schiedsrichter: Safet Kozica (1. FC Wei\u00dfkirchen). Zuschauer: 90. <\/span><\/strong><\/li>\n<li><strong><span style=\"font-size: 16px;\">Tore: 0:1 Enno Lang (2.), 1:1 Leo Burkhardt (25.), 1:2 Enno Lang (34.\/Handelfmeter), 2:2 Ussama Djellakh (42.), 2:3, 2:4 Enno Lang (53.\/77.), 2:5 Jakob Nobbe (83.), 2:6 Samet Temizsoy (89.).\u00a0\u00a0<\/span><\/strong><\/li>\n<\/ul>\n<p><span style=\"font-size: 16px;\">\u00a0<\/span><\/p>\n","protected":false},"excerpt":{"rendered":"<p>Concordia Eschersheim bezog im Abstiegskampf gegen den direkt dahinter platzierten Aufsteiger 1. R\u00f6delheimer FC 02 eine empfindliche 2:6 (2:2)-Heimschlappe. Statt der m\u00f6glichen sieben Punkte Vorsprung auf den Relegationsplatz schmolz das Polster auf die R\u00f6delheimer dadurch auf einen Z\u00e4hler zusammen und der Kontrahent hat noch eine Begegnung mehr bis Saisonende zu absolvieren. Die G\u00e4ste hingegen hoffen [&hellip;]<\/p>\n","protected":false},"author":1,"featured_media":17910,"comment_status":"open","ping_status":"open","sticky":true,"template":"","format":"standard","meta":{"footnotes":""},"categories":[2],"tags":[],"class_list":["post-17909","post","type-post","status-publish","format-standard","has-post-thumbnail","hentry","category-kreisoberliga-frankfurt"],"_links":{"self":[{"href":"https:\/\/insideamateurfussball-ffm.de\/index.php?rest_route=\/wp\/v2\/posts\/17909","targetHints":{"allow":["GET"]}}],"collection":[{"href":"https:\/\/insideamateurfussball-ffm.de\/index.php?rest_route=\/wp\/v2\/posts"}],"about":[{"href":"https:\/\/insideamateurfussball-ffm.de\/index.php?rest_route=\/wp\/v2\/types\/post"}],"author":[{"embeddable":true,"href":"https:\/\/insideamateurfussball-ffm.de\/index.php?rest_route=\/wp\/v2\/users\/1"}],"replies":[{"embeddable":true,"href":"https:\/\/insideamateurfussball-ffm.de\/index.php?rest_route=%2Fwp%2Fv2%2Fcomments&post=17909"}],"version-history":[{"count":1,"href":"https:\/\/insideamateurfussball-ffm.de\/index.php?rest_route=\/wp\/v2\/posts\/17909\/revisions"}],"predecessor-version":[{"id":17911,"href":"https:\/\/insideamateurfussball-ffm.de\/index.php?rest_route=\/wp\/v2\/posts\/17909\/revisions\/17911"}],"wp:featuredmedia":[{"embeddable":true,"href":"https:\/\/insideamateurfussball-ffm.de\/index.php?rest_route=\/wp\/v2\/media\/17910"}],"wp:attachment":[{"href":"https:\/\/insideamateurfussball-ffm.de\/index.php?rest_route=%2Fwp%2Fv2%2Fmedia&parent=17909"}],"wp:term":[{"taxonomy":"category","embeddable":true,"href":"https:\/\/insideamateurfussball-ffm.de\/index.php?rest_route=%2Fwp%2Fv2%2Fcategories&post=17909"},{"taxonomy":"post_tag","embeddable":true,"href":"https:\/\/insideamateurfussball-ffm.de\/index.php?rest_route=%2Fwp%2Fv2%2Ftags&post=17909"}],"curies":[{"name":"wp","href":"https:\/\/api.w.org\/{rel}","templated":true}]}}