{"id":17898,"date":"2024-04-08T20:23:36","date_gmt":"2024-04-08T18:23:36","guid":{"rendered":"http:\/\/insideamateurfussball-ffm.de\/?p=17898"},"modified":"2024-04-08T20:23:36","modified_gmt":"2024-04-08T18:23:36","slug":"gluecklicher-derbysieg-fuer-fechenheim","status":"publish","type":"post","link":"https:\/\/insideamateurfussball-ffm.de\/?p=17898","title":{"rendered":"Gl\u00fccklicher Derbysieg f\u00fcr Fechenheim"},"content":{"rendered":"<h4>Die Spvgg. 03 Fechenheim behielt im Derby gegen die FG Seckbach mit 3:2 die Oberhand, ein sehr gl\u00fccklicher Sieg, den die Fechenheimer u.a. auch ihrem starken Torwart Armin Buchholz zu verdanken haben.<\/h4>\n<figure id=\"attachment_17904\" aria-describedby=\"caption-attachment-17904\" style=\"width: 2016px\" class=\"wp-caption alignnone\"><img loading=\"lazy\" decoding=\"async\" class=\"wp-image-17904 size-full\" src=\"http:\/\/insideamateurfussball-ffm.de\/wp-content\/uploads\/2024\/04\/Fechenheimseckbach11.jpg\" alt=\"\" width=\"2016\" height=\"1512\" srcset=\"https:\/\/insideamateurfussball-ffm.de\/wp-content\/uploads\/2024\/04\/Fechenheimseckbach11.jpg 2016w, https:\/\/insideamateurfussball-ffm.de\/wp-content\/uploads\/2024\/04\/Fechenheimseckbach11-300x225.jpg 300w, https:\/\/insideamateurfussball-ffm.de\/wp-content\/uploads\/2024\/04\/Fechenheimseckbach11-1024x768.jpg 1024w, https:\/\/insideamateurfussball-ffm.de\/wp-content\/uploads\/2024\/04\/Fechenheimseckbach11-768x576.jpg 768w, https:\/\/insideamateurfussball-ffm.de\/wp-content\/uploads\/2024\/04\/Fechenheimseckbach11-1536x1152.jpg 1536w\" sizes=\"auto, (max-width: 2016px) 100vw, 2016px\" \/><figcaption id=\"caption-attachment-17904\" class=\"wp-caption-text\">Die Fechenheimer feierten am Schluss den gl\u00fccklichen Sieg und den Geburtstag ihres Trainers Maximilian Schmidt. Foto : MZ<\/figcaption><\/figure>\n<h4>Spvgg. 03 Fechenheim &#8211; FG Seckbach 3:2 (2:0)<\/h4>\n<p><img loading=\"lazy\" decoding=\"async\" class=\"alignnone size-full wp-image-603\" src=\"http:\/\/insideamateurfussball-ffm.de\/wp-content\/uploads\/2022\/06\/Fech03.jpg\" alt=\"\" width=\"52\" height=\"80\" \/><img loading=\"lazy\" decoding=\"async\" class=\"alignnone size-full wp-image-544\" src=\"http:\/\/insideamateurfussball-ffm.de\/wp-content\/uploads\/2022\/06\/Seckbach.jpg\" alt=\"\" width=\"80\" height=\"80\" \/><\/p>\n<p>Beide Mannschaften wollen in dieser Saison noch den 13.Tabellenplatz vermeiden, der vor dem Spiel zwar die Rettung vor dem Abstieg, nach dem Spiel aber aufgrund anderer Ergebnisse wieder Relegationsrang bedeutet. Die Fechenheimer begannen die Partie dominant, die G\u00e4ste kamen kaum aus ihrer eigenen H\u00e4lfte heraus, aber Torchancen konnten sich die Fechenheimer nicht erspielen, das alte Manko. Nach 10 Minuten wurden die Seckbacher dann aktiver, und mit ihrem ersten Vorsto\u00df wurden sie sehr gef\u00e4hrlich, der erste Schuss wurde auf der Linie gerettet, den zweiten konnte 03-Torewart Armin Buchholz mit einer guten Parade zur Ecke abwehren. In der 14.und der 22.Minute musste der Torh\u00fcter erneut zweimal abwehren, den Schuss von Florian Schuberth in der 22.Minute zwang den Torwart zu einer Glanzparade. Die Fechenheimer spielten zwar gut mit, konnten sich aber keine Torchancen erspielen.<\/p>\n<p>Wie gut, dass zum Spiel auch Standards geh\u00f6ren. In der 32.Minute gab es aus 25 Metern von halblinker Seite einen Freisto\u00df f\u00fcr Fechenheim, Kapit\u00e4n Ouassim Ouass schnappte sich den Ball und zimmerte den ball in den Winkel, ein Sonntagsschuss am Sonntag. Nur drei Minuten sp\u00e4ter gab es erneut Freisto\u00df f\u00fcr Fechenheim, wieder aus 25 Metern, aber leicht halbrechts. Diesmal machte es Julen Berrero Cenamo und zirkelte den Ball \u00fcber die Mauer in den Winkel. Zwei Standards reichten den Gastgebern zur 2:0-Halbzeitf\u00fchrung, ob der vielen vergebenen Chancen von Seckbach etwas gl\u00fccklich. Noch vor der Halbzeit wechselte Spielertrainer Manuel May auf Seckbacher Seite zweimal, etwas bedingt auch durch die Vorbelastung durch gelbe Karten.<\/p>\n<p>In der zweiten Halbzeit begannen die Seckbacher wieder druckvoll und kamen in der 53.Minute auch zum Anschlusstreffer, Florian Schuberth stand 10 Meter vor dem Tor nach einer Hereingabe v\u00f6llig frei und konnte sich die Ecke aussuchen, sein 25. Saisontreffer. Nur 5 Minuten sp\u00e4ter aber die erneute 2-Tore-F\u00fchrung f\u00fcr Fechenheim, nach einem Heber \u00fcber den letzten Verteidiger von Seckbach \u00fcberlupfte Ouassim Ouass Seckbachs Torwart Ben Kay Sch\u00e4fer und traf zum 3:1. Danach entwickelte sich ein Spiel auf ein Tor, doch Seckbach vergab selbst die klarsten Torchancen, u.a. aus 6 Metern freistehend am Tor vorbei. Fechenheim ging die Luft aus und wurde in den eigenen Strafraum gedr\u00fcckt. In der 88.Minute erhielt Fechenheims Kennedy Ogbonnaya nach Ballwegschlagens die gelb-rote Karte, in der 90.Minute prallte nach einer Ecke ein Kopfball vom Innenpfosten des Fechenheimers Tors zur\u00fcck ins Spielfeld, und in der zweiten Minute der Nachspielzeit erzielte Milad Wardak den 2:3 Anschlusstreffer. Der Schiedsrichter, der in einem eigentlich recht fairen Spiel 11 gelbe Karten verteilte, lie\u00df statt der angezeigten vier Minuten sogar 8 Minuten nachspielen, doch Fechenheim brachte den gl\u00fccklichen Sieg \u00fcber die Runden.<\/p>\n<p>Seckbachs Spielertrainer Manuel May nach dem Spiel: \u201eeine Torchance zugelassen im ganzen Spiel, drei Tore kassiert, selbst ungef\u00e4hr 15 Einschussm\u00f6glichkeiten gehabt, es war einfach ein bitterer Tag f\u00fcr uns. Also die Anzahl der Chancen, die haben wir schon gegen Tempo gehabt, und wir machen die Dinger einfach nicht rein, normalerweise musst du hier 4,5,6 Tore schie\u00dfen, und das sage ich nie normal, aber das war schon Wahnsinn, was wir f\u00fcr Chancen hatten. Und lassen nichts zu, wir kriegen zwei Traumfreisto\u00dftore, die machen sie einfach gut, aber zwei in einem Spiel zu kriegen, bekommt man auch nur alle 10 Jahre. Und lassen eine Torchance zu, und die machen das Tor. Unser Torwart hat gar nichts zu halten gehabt, aber so ist es, und das ist ganz bitter in dem Duell, jetzt ziehen die weiter weg. Trotzdem ordentliche Leistung. Wir haben versucht, weiterzuspielen bis zum Ende, aber hat durch die Chancenverwertung nicht gereicht.\u201c<\/p>\n<p>Fechenheims Pr\u00e4sident Reinhold Schmidt: \u201ewir sind nat\u00fcrlich total gl\u00fccklich, dass wir das Spiel heute gewonnen haben, das war ein ganz wichtiges Spiel, wir schauen jetzt auch gar nicht mehr drauf, wie was gelaufen ist, weil das Spiel h\u00e4tte mindestens genauso gut andersherum ausgehen k\u00f6nnen, eigentlich sogar ausgehen m\u00fcssen, aufgrund der Chancenf\u00fclle, die Seckbach hatte. Wir haben das Spiel heute als gl\u00fccklicher Sieger verlassen, aber da gucken wir auch nicht darauf zur\u00fcck, wir haben auch viele Spieler, die Ramadan machen und dementsprechend auch geschw\u00e4cht waren, und das hat man wieder am Schluss gesehen, da war bei uns einfach die Puste raus. Aber wir sind gl\u00fccklich, dass wir das Spiel heute gewonnen haben. Und hoffen nat\u00fcrlich, dass Seckbach die Klasse h\u00e4lt.\u201c<\/p>\n<p>F\u00fcr die Spvgg. geht es am n\u00e4chsten Wochenende zum n\u00e4chsten Frankfurter Duell, man ist zu Gast bei dem SV BKC Bosnien\/Herzegowina. F\u00fcr die Seckbacher, die derzeit auf dem Relegationsrang drei Punkte hinter dem FC Tempo liegen, steht ein ganz wichtiges Spiel auf dem Programm, man erwartet den Tabellenvorletzten SV Gronau.<\/p>\n<h4>Schiedsrichter: Lucas Renner (Lorsch). Zuschauer: 150.<\/h4>\n<h4>Tore: 1:0 Ouassim Ouass (32.), 2:0 Julen Berrero Cenamo (35.), 2:1 Florian Schuberth (53.), 3.1 Ouassim Ouass (58.), 3:2 Milad Wardak (90.+2)<\/h4>\n<blockquote>\n<h4>Zum Schluss ein paar Fotos zum Spiel.<\/h4>\n<\/blockquote>\n\n\n<figure class=\"wp-block-image size-large\"><img loading=\"lazy\" decoding=\"async\" width=\"1024\" height=\"768\" src=\"http:\/\/insideamateurfussball-ffm.de\/wp-content\/uploads\/2024\/04\/Fechenheimseckbach00-1024x768.jpg\" alt=\"\" class=\"wp-image-17899\" srcset=\"https:\/\/insideamateurfussball-ffm.de\/wp-content\/uploads\/2024\/04\/Fechenheimseckbach00-1024x768.jpg 1024w, https:\/\/insideamateurfussball-ffm.de\/wp-content\/uploads\/2024\/04\/Fechenheimseckbach00-300x225.jpg 300w, https:\/\/insideamateurfussball-ffm.de\/wp-content\/uploads\/2024\/04\/Fechenheimseckbach00-768x576.jpg 768w, https:\/\/insideamateurfussball-ffm.de\/wp-content\/uploads\/2024\/04\/Fechenheimseckbach00-1536x1152.jpg 1536w, https:\/\/insideamateurfussball-ffm.de\/wp-content\/uploads\/2024\/04\/Fechenheimseckbach00.jpg 2016w\" sizes=\"auto, (max-width: 1024px) 100vw, 1024px\" \/><\/figure>\n\n\n\n<figure class=\"wp-block-image size-large\"><img loading=\"lazy\" decoding=\"async\" width=\"1024\" height=\"768\" src=\"http:\/\/insideamateurfussball-ffm.de\/wp-content\/uploads\/2024\/04\/Fechenheimseckbach05-1024x768.jpg\" alt=\"\" class=\"wp-image-17900\" srcset=\"https:\/\/insideamateurfussball-ffm.de\/wp-content\/uploads\/2024\/04\/Fechenheimseckbach05-1024x768.jpg 1024w, https:\/\/insideamateurfussball-ffm.de\/wp-content\/uploads\/2024\/04\/Fechenheimseckbach05-300x225.jpg 300w, https:\/\/insideamateurfussball-ffm.de\/wp-content\/uploads\/2024\/04\/Fechenheimseckbach05-768x576.jpg 768w, https:\/\/insideamateurfussball-ffm.de\/wp-content\/uploads\/2024\/04\/Fechenheimseckbach05-1536x1152.jpg 1536w, https:\/\/insideamateurfussball-ffm.de\/wp-content\/uploads\/2024\/04\/Fechenheimseckbach05.jpg 2016w\" sizes=\"auto, (max-width: 1024px) 100vw, 1024px\" \/><\/figure>\n\n\n\n<figure class=\"wp-block-image size-large\"><img loading=\"lazy\" decoding=\"async\" width=\"1024\" height=\"768\" src=\"http:\/\/insideamateurfussball-ffm.de\/wp-content\/uploads\/2024\/04\/Fechenheimseckbach06-1024x768.jpg\" alt=\"\" class=\"wp-image-17901\" srcset=\"https:\/\/insideamateurfussball-ffm.de\/wp-content\/uploads\/2024\/04\/Fechenheimseckbach06-1024x768.jpg 1024w, https:\/\/insideamateurfussball-ffm.de\/wp-content\/uploads\/2024\/04\/Fechenheimseckbach06-300x225.jpg 300w, https:\/\/insideamateurfussball-ffm.de\/wp-content\/uploads\/2024\/04\/Fechenheimseckbach06-768x576.jpg 768w, https:\/\/insideamateurfussball-ffm.de\/wp-content\/uploads\/2024\/04\/Fechenheimseckbach06-1536x1152.jpg 1536w, https:\/\/insideamateurfussball-ffm.de\/wp-content\/uploads\/2024\/04\/Fechenheimseckbach06.jpg 2016w\" sizes=\"auto, (max-width: 1024px) 100vw, 1024px\" \/><\/figure>\n\n\n\n<figure class=\"wp-block-image size-large\"><img loading=\"lazy\" decoding=\"async\" width=\"1024\" height=\"768\" src=\"http:\/\/insideamateurfussball-ffm.de\/wp-content\/uploads\/2024\/04\/Fechenheimseckbach07-1024x768.jpg\" alt=\"\" class=\"wp-image-17902\" srcset=\"https:\/\/insideamateurfussball-ffm.de\/wp-content\/uploads\/2024\/04\/Fechenheimseckbach07-1024x768.jpg 1024w, https:\/\/insideamateurfussball-ffm.de\/wp-content\/uploads\/2024\/04\/Fechenheimseckbach07-300x225.jpg 300w, https:\/\/insideamateurfussball-ffm.de\/wp-content\/uploads\/2024\/04\/Fechenheimseckbach07-768x576.jpg 768w, https:\/\/insideamateurfussball-ffm.de\/wp-content\/uploads\/2024\/04\/Fechenheimseckbach07-1536x1152.jpg 1536w, https:\/\/insideamateurfussball-ffm.de\/wp-content\/uploads\/2024\/04\/Fechenheimseckbach07.jpg 2016w\" sizes=\"auto, (max-width: 1024px) 100vw, 1024px\" \/><\/figure>\n\n\n\n<figure class=\"wp-block-image size-large\"><img loading=\"lazy\" decoding=\"async\" width=\"1024\" height=\"768\" src=\"http:\/\/insideamateurfussball-ffm.de\/wp-content\/uploads\/2024\/04\/Fechenheimseckbach08-1024x768.jpg\" alt=\"\" class=\"wp-image-17903\" srcset=\"https:\/\/insideamateurfussball-ffm.de\/wp-content\/uploads\/2024\/04\/Fechenheimseckbach08-1024x768.jpg 1024w, https:\/\/insideamateurfussball-ffm.de\/wp-content\/uploads\/2024\/04\/Fechenheimseckbach08-300x225.jpg 300w, https:\/\/insideamateurfussball-ffm.de\/wp-content\/uploads\/2024\/04\/Fechenheimseckbach08-768x576.jpg 768w, https:\/\/insideamateurfussball-ffm.de\/wp-content\/uploads\/2024\/04\/Fechenheimseckbach08-1536x1152.jpg 1536w, https:\/\/insideamateurfussball-ffm.de\/wp-content\/uploads\/2024\/04\/Fechenheimseckbach08.jpg 2016w\" sizes=\"auto, (max-width: 1024px) 100vw, 1024px\" \/><\/figure>\n\n\n\n<figure class=\"wp-block-image size-large\"><img loading=\"lazy\" decoding=\"async\" width=\"1024\" height=\"768\" src=\"http:\/\/insideamateurfussball-ffm.de\/wp-content\/uploads\/2024\/04\/Fechenheimseckbach12-1024x768.jpg\" alt=\"\" class=\"wp-image-17905\" srcset=\"https:\/\/insideamateurfussball-ffm.de\/wp-content\/uploads\/2024\/04\/Fechenheimseckbach12-1024x768.jpg 1024w, https:\/\/insideamateurfussball-ffm.de\/wp-content\/uploads\/2024\/04\/Fechenheimseckbach12-300x225.jpg 300w, https:\/\/insideamateurfussball-ffm.de\/wp-content\/uploads\/2024\/04\/Fechenheimseckbach12-768x576.jpg 768w, https:\/\/insideamateurfussball-ffm.de\/wp-content\/uploads\/2024\/04\/Fechenheimseckbach12-1536x1152.jpg 1536w, https:\/\/insideamateurfussball-ffm.de\/wp-content\/uploads\/2024\/04\/Fechenheimseckbach12.jpg 2016w\" sizes=\"auto, (max-width: 1024px) 100vw, 1024px\" \/><\/figure>\n","protected":false},"excerpt":{"rendered":"<p>Die Spvgg. 03 Fechenheim behielt im Derby gegen die FG Seckbach mit 3:2 die Oberhand, ein sehr gl\u00fccklicher Sieg, den die Fechenheimer u.a. auch ihrem starken Torwart Armin Buchholz zu verdanken haben. Spvgg. 03 Fechenheim &#8211; FG Seckbach 3:2 (2:0) Beide Mannschaften wollen in dieser Saison noch den 13.Tabellenplatz vermeiden, der vor dem Spiel zwar [&hellip;]<\/p>\n","protected":false},"author":3,"featured_media":17904,"comment_status":"open","ping_status":"open","sticky":true,"template":"","format":"standard","meta":{"footnotes":""},"categories":[13],"tags":[],"class_list":["post-17898","post","type-post","status-publish","format-standard","has-post-thumbnail","hentry","category-gruppenliga-frankfurt-west"],"_links":{"self":[{"href":"https:\/\/insideamateurfussball-ffm.de\/index.php?rest_route=\/wp\/v2\/posts\/17898","targetHints":{"allow":["GET"]}}],"collection":[{"href":"https:\/\/insideamateurfussball-ffm.de\/index.php?rest_route=\/wp\/v2\/posts"}],"about":[{"href":"https:\/\/insideamateurfussball-ffm.de\/index.php?rest_route=\/wp\/v2\/types\/post"}],"author":[{"embeddable":true,"href":"https:\/\/insideamateurfussball-ffm.de\/index.php?rest_route=\/wp\/v2\/users\/3"}],"replies":[{"embeddable":true,"href":"https:\/\/insideamateurfussball-ffm.de\/index.php?rest_route=%2Fwp%2Fv2%2Fcomments&post=17898"}],"version-history":[{"count":2,"href":"https:\/\/insideamateurfussball-ffm.de\/index.php?rest_route=\/wp\/v2\/posts\/17898\/revisions"}],"predecessor-version":[{"id":17907,"href":"https:\/\/insideamateurfussball-ffm.de\/index.php?rest_route=\/wp\/v2\/posts\/17898\/revisions\/17907"}],"wp:featuredmedia":[{"embeddable":true,"href":"https:\/\/insideamateurfussball-ffm.de\/index.php?rest_route=\/wp\/v2\/media\/17904"}],"wp:attachment":[{"href":"https:\/\/insideamateurfussball-ffm.de\/index.php?rest_route=%2Fwp%2Fv2%2Fmedia&parent=17898"}],"wp:term":[{"taxonomy":"category","embeddable":true,"href":"https:\/\/insideamateurfussball-ffm.de\/index.php?rest_route=%2Fwp%2Fv2%2Fcategories&post=17898"},{"taxonomy":"post_tag","embeddable":true,"href":"https:\/\/insideamateurfussball-ffm.de\/index.php?rest_route=%2Fwp%2Fv2%2Ftags&post=17898"}],"curies":[{"name":"wp","href":"https:\/\/api.w.org\/{rel}","templated":true}]}}