{"id":17892,"date":"2024-04-08T11:31:00","date_gmt":"2024-04-08T09:31:00","guid":{"rendered":"http:\/\/insideamateurfussball-ffm.de\/?p=17892"},"modified":"2024-04-08T19:56:34","modified_gmt":"2024-04-08T17:56:34","slug":"zeilsheim-laesst-zwei-punkte-in-weyer","status":"publish","type":"post","link":"https:\/\/insideamateurfussball-ffm.de\/?p=17892","title":{"rendered":"Zeilsheim l\u00e4sst zwei Punkte in Weyer"},"content":{"rendered":"<h5><span style=\"font-size: 16px;\">F\u00fcr den SV Zeilsheim ging es am Sonntag in der Verbandsliga Mitte zum RSV Weyer. Der Verein aus dem Kreis Limburg-Weilburg k\u00e4mpft noch um den Klassenerhalt. Die Frankfurter erreichten ein 2:2 und nahmen damit nur einen Punkt an die Lenzenbergstra\u00dfe mit.\u00a0<\/span><\/h5>\n<figure id=\"attachment_17893\" aria-describedby=\"caption-attachment-17893\" style=\"width: 313px\" class=\"wp-caption alignleft\"><img loading=\"lazy\" decoding=\"async\" class=\"wp-image-17893\" src=\"http:\/\/insideamateurfussball-ffm.de\/wp-content\/uploads\/2024\/04\/24a-Laurin-Vogt-sorgte-nach-seiner-Einwechselung-fuer-ordentlich-Betrieb-300x211.jpg\" alt=\"\" width=\"313\" height=\"220\" srcset=\"https:\/\/insideamateurfussball-ffm.de\/wp-content\/uploads\/2024\/04\/24a-Laurin-Vogt-sorgte-nach-seiner-Einwechselung-fuer-ordentlich-Betrieb-300x211.jpg 300w, https:\/\/insideamateurfussball-ffm.de\/wp-content\/uploads\/2024\/04\/24a-Laurin-Vogt-sorgte-nach-seiner-Einwechselung-fuer-ordentlich-Betrieb-1024x721.jpg 1024w, https:\/\/insideamateurfussball-ffm.de\/wp-content\/uploads\/2024\/04\/24a-Laurin-Vogt-sorgte-nach-seiner-Einwechselung-fuer-ordentlich-Betrieb-768x541.jpg 768w, https:\/\/insideamateurfussball-ffm.de\/wp-content\/uploads\/2024\/04\/24a-Laurin-Vogt-sorgte-nach-seiner-Einwechselung-fuer-ordentlich-Betrieb.jpg 1064w\" sizes=\"auto, (max-width: 313px) 100vw, 313px\" \/><figcaption id=\"caption-attachment-17893\" class=\"wp-caption-text\">Zeilsheims Laurin Vogt (am Ball) sorgte nach seiner Einwechslung f\u00fcr Betrieb. Foto: Peter Strauch.<\/figcaption><\/figure>\n<h5><span style=\"font-size: 16px;\">RSV Weyer &#8211; SV Zeilsheim 2:2 (1:0)<\/span><\/h5>\n<p><img loading=\"lazy\" decoding=\"async\" class=\"alignnone size-full wp-image-3886\" src=\"http:\/\/insideamateurfussball-ffm.de\/wp-content\/uploads\/2022\/11\/Weyer.jpg\" alt=\"\" width=\"65\" height=\"80\" \/><img loading=\"lazy\" decoding=\"async\" class=\"alignnone size-full wp-image-1153\" src=\"http:\/\/insideamateurfussball-ffm.de\/wp-content\/uploads\/2022\/07\/SVZe.jpg\" alt=\"\" width=\"68\" height=\"80\" \/><\/p>\n<p><span style=\"font-size: 16px;\">Nach <\/span>einem Doppelschlag des RSV nach Zeilsheimer Pausenf\u00fchrung, konnte der SV zumindest noch einen Punkt mit nach Hause nehmen. &#8222;Die Jungs sind schon entt\u00e4uscht, weil wir unbedingt gewinnen wollten. Weyer hat aber gut gek\u00e4mpft und das Remis ist am Ende gerechtfertigt&#8220;, res\u00fcmierte der Zeilsheim-Teammanager Sadik Can.<\/p>\n<p>Vor dem Spiel gab es f\u00fcr den SVZ zun\u00e4chst keine erfreulichen Nachrichten: St\u00fcrmer Vedran Dodik zog sich beim Aufw\u00e4rmen eine Oberschenkelzerrung zu, Silas Gerstberger ersetzte diesen in der Startelf. &#8222;Wir sind personell aktuell nicht auf Rosen gebettet, machen aber das Beste draus&#8220;, sagte Trainer Selim Aljusevic. Die 1:0-F\u00fchrung f\u00fcr Zeilsheim erzielte Torj\u00e4ger Leonardo Bianco (28.), nachdem sich ein RSV-Verteidiger bei einem langen Ball versch\u00e4tzte und Eric Viaud nur noch auf Bianco querlegen musste.<\/p>\n<ul>\n<li><strong><span style=\"font-size: 16px;\">Aljusevic: &#8222;Lucky Punch blieb aus&#8220;<\/span><\/strong><\/li>\n<\/ul>\n<p>&#8222;Nach der Pause war Weyer bissiger und sehr effektiv&#8220;, beschreibt Can den Beginn des zweiten Durchgangs. Per Doppelschlag innerhalb von acht Minuten drehten die Hausherren das Spiel: Zuerst Niklas Becker auf David Blecher in der 57. Minute, dann tauschten die beiden ihre Rollen in der 65. Minute. Den Ausgleich zum 2:2 und dem gleichzeitigem Endstand erzielte Emanuel Ogunnibi (74.) f\u00fcr den SVZ. &#8222;Wir haben am Ende nochmal gedr\u00fcckt, konnten aber leider kein Tor mehr erzielen&#8220;, sagt Sadik Can nach dem Spiel.<\/p>\n<p>Bei einigen Chancen sei laut Trainer Aljusevic der &#8222;Lucky Punch&#8220; ausgeblieben. Schlussendlich sei es aber eine gerechte Punkteteilung gewesen. Trotz neun Gelber Karten im Spiel, sei das Spiel nach Angaben von Teammanager Can &#8222;sehr fair&#8220; gewesen. Mit dem Unentschieden gegen Weyer tritt der SV Zeilsheim weiter auf der Stelle und es scheint nach oben und nach unten nicht mehr viel m\u00f6glich zu sein. F\u00fcr den SV gehe es laut Can in der aktuellen Runde darum &#8222;die Saison gut zu Ende&#8220; zu spielen und den einen oder anderen Tabellenplatz gut zu machen. Am kommenden Sonntag, 14.04.2024 erwartet der SVZ den ehemaligen Hessenligisten Rot-Wei\u00df Hadamar. Ansto\u00df: 15.30 Uhr.<\/p>\n<ul>\n<li><strong><span style=\"font-size: 16px;\">Schiedsrichter: Sebastian Wiesner (SV Niederursel). Zuschauer: 80.\u00a0<\/span><\/strong><\/li>\n<li>\n<h5><strong><span style=\"font-size: 16px;\">Tore: 0:1 Leonardo Bianco (28.), 1:1 Niklas Becker (56.), 2:1 David Blecher (65.), 2:2 Emanuel Oluwasotin Ogunnibi (73.).<\/span><\/strong><\/h5>\n<\/li>\n<\/ul>\n","protected":false},"excerpt":{"rendered":"<p>F\u00fcr den SV Zeilsheim ging es am Sonntag in der Verbandsliga Mitte zum RSV Weyer. Der Verein aus dem Kreis Limburg-Weilburg k\u00e4mpft noch um den Klassenerhalt. Die Frankfurter erreichten ein 2:2 und nahmen damit nur einen Punkt an die Lenzenbergstra\u00dfe mit.\u00a0 RSV Weyer &#8211; SV Zeilsheim 2:2 (1:0) Nach einem Doppelschlag des RSV nach Zeilsheimer [&hellip;]<\/p>\n","protected":false},"author":1,"featured_media":17893,"comment_status":"open","ping_status":"open","sticky":true,"template":"","format":"standard","meta":{"footnotes":""},"categories":[32],"tags":[],"class_list":["post-17892","post","type-post","status-publish","format-standard","has-post-thumbnail","hentry","category-verbandsliga-mitte"],"_links":{"self":[{"href":"https:\/\/insideamateurfussball-ffm.de\/index.php?rest_route=\/wp\/v2\/posts\/17892","targetHints":{"allow":["GET"]}}],"collection":[{"href":"https:\/\/insideamateurfussball-ffm.de\/index.php?rest_route=\/wp\/v2\/posts"}],"about":[{"href":"https:\/\/insideamateurfussball-ffm.de\/index.php?rest_route=\/wp\/v2\/types\/post"}],"author":[{"embeddable":true,"href":"https:\/\/insideamateurfussball-ffm.de\/index.php?rest_route=\/wp\/v2\/users\/1"}],"replies":[{"embeddable":true,"href":"https:\/\/insideamateurfussball-ffm.de\/index.php?rest_route=%2Fwp%2Fv2%2Fcomments&post=17892"}],"version-history":[{"count":2,"href":"https:\/\/insideamateurfussball-ffm.de\/index.php?rest_route=\/wp\/v2\/posts\/17892\/revisions"}],"predecessor-version":[{"id":17895,"href":"https:\/\/insideamateurfussball-ffm.de\/index.php?rest_route=\/wp\/v2\/posts\/17892\/revisions\/17895"}],"wp:featuredmedia":[{"embeddable":true,"href":"https:\/\/insideamateurfussball-ffm.de\/index.php?rest_route=\/wp\/v2\/media\/17893"}],"wp:attachment":[{"href":"https:\/\/insideamateurfussball-ffm.de\/index.php?rest_route=%2Fwp%2Fv2%2Fmedia&parent=17892"}],"wp:term":[{"taxonomy":"category","embeddable":true,"href":"https:\/\/insideamateurfussball-ffm.de\/index.php?rest_route=%2Fwp%2Fv2%2Fcategories&post=17892"},{"taxonomy":"post_tag","embeddable":true,"href":"https:\/\/insideamateurfussball-ffm.de\/index.php?rest_route=%2Fwp%2Fv2%2Ftags&post=17892"}],"curies":[{"name":"wp","href":"https:\/\/api.w.org\/{rel}","templated":true}]}}