{"id":17882,"date":"2024-04-08T17:08:30","date_gmt":"2024-04-08T15:08:30","guid":{"rendered":"http:\/\/insideamateurfussball-ffm.de\/?p=17882"},"modified":"2024-04-08T17:08:30","modified_gmt":"2024-04-08T15:08:30","slug":"kalbach-nach-kabinenpredigt-zum-6-sieg-in-folge","status":"publish","type":"post","link":"https:\/\/insideamateurfussball-ffm.de\/?p=17882","title":{"rendered":"Kalbach nach Kabinenpredigt zum 6.Sieg in Folge"},"content":{"rendered":"<h4>Mit dem sechsten Sieg in Folge h\u00e4lt der FC Kalbach Anschluss an die Tabellenspitze. Erst nach einer Leistungssteigerung in der zweiten H\u00e4lfte kamen die Kalbacher beim Tabellenvorletzten SV Gronau zu einem standesgem\u00e4\u00dfen Sieg und sind jetzt Dritter.<\/h4>\n<figure id=\"attachment_17541\" aria-describedby=\"caption-attachment-17541\" style=\"width: 2016px\" class=\"wp-caption alignnone\"><img loading=\"lazy\" decoding=\"async\" class=\"wp-image-17541 size-full\" src=\"http:\/\/insideamateurfussball-ffm.de\/wp-content\/uploads\/2024\/03\/kalbachfechenheim05.jpg\" alt=\"\" width=\"2016\" height=\"1512\" srcset=\"https:\/\/insideamateurfussball-ffm.de\/wp-content\/uploads\/2024\/03\/kalbachfechenheim05.jpg 2016w, https:\/\/insideamateurfussball-ffm.de\/wp-content\/uploads\/2024\/03\/kalbachfechenheim05-300x225.jpg 300w, https:\/\/insideamateurfussball-ffm.de\/wp-content\/uploads\/2024\/03\/kalbachfechenheim05-1024x768.jpg 1024w, https:\/\/insideamateurfussball-ffm.de\/wp-content\/uploads\/2024\/03\/kalbachfechenheim05-768x576.jpg 768w, https:\/\/insideamateurfussball-ffm.de\/wp-content\/uploads\/2024\/03\/kalbachfechenheim05-1536x1152.jpg 1536w\" sizes=\"auto, (max-width: 2016px) 100vw, 2016px\" \/><figcaption id=\"caption-attachment-17541\" class=\"wp-caption-text\">Oliver Pauls (hier links im Bild beim Spiel gegen Fechenheim) erzielte mit dem 6:1 das &#8222;Tor des Tages&#8220;. Foto Archiv<\/figcaption><\/figure>\n<h4>SV Gronau &#8211; FC Kalbach 1:6 (1:1)<\/h4>\n<p><img loading=\"lazy\" decoding=\"async\" class=\"alignnone size-full wp-image-699\" src=\"http:\/\/insideamateurfussball-ffm.de\/wp-content\/uploads\/2022\/06\/Gronau.jpg\" alt=\"\" width=\"80\" height=\"80\" \/><img loading=\"lazy\" decoding=\"async\" class=\"alignnone size-full wp-image-16\" src=\"http:\/\/insideamateurfussball-ffm.de\/wp-content\/uploads\/2021\/11\/kalbach-wappen.jpg\" alt=\"\" width=\"80\" height=\"80\" \/><\/p>\n<p>Nach 5 Siegen in Folge fuhr der FC Kalbach als klarer Favorit nach Bad Vilbel, um beim Tabellenvorletzten SV Gronau anzutreten. Und die G\u00e4ste gingen auch gleich durch ein Tor ihres Toptorj\u00e4gers Achraf Gara Ali in der 8.Minute in F\u00fchrung. Aber was danach kam, hat dem Trainer nicht gefallen, Manfred Meyer, Mitglied der Sportlichen Leitung, meinte zur ersten Halbzeit: \u201ewir haben nicht gut gespielt, viel zu l\u00e4ssig und pomadig.\u201c Trotzdem fiel der Ausgleichstreffer f\u00fcr den SV Gronau wie aus dem Nichts. In der 45.Minute nahmen die Gastgeber einen Fehlpass der Kalbacher dankend an und Armin Deck erzielte das 1:1.<\/p>\n<p>In der Halbzeitpause gab es nach den Worten von Manfred Meyer eine deftige Ansage vom Trainer Aaz Dine Zarioh, und die zeigte Wirkung. Die Mannschaft spielte jetzt viel engagierter und zielstrebiger und erzielte bereits in der 52.Minute durch Aleksej Radulaski die erneute F\u00fchrung zum 2:1, ehe Moritz Uppenkamp in der 60.Minute auf 3.1 erh\u00f6hte. Danach war es Topscorer Achraf Gara Ali, der mit seinen beiden Toren in der 72. und 74.Minute sein Torkonto in dieser Saison auf 38 erh\u00f6hte. Den Schlusspunkt zum klaren Sieg setzte dann Oliver Pauls, der mit einem 25-Meter-Kracher in den Winkel mit dem Tor des Tages in der 88.Minute den 6:1-Endstand erzielte. Mit dem sechsten Sieg in Folge verbesserte sich der FC Kalbach auf den dritten Tabellenplatz und hat nur drei Punkte R\u00fcckstand auf den Relegationsplatz, den derzeit der SKV Beienheim belegt. Manfred Meyer meinte nach dem Spiel: &#8222;wir haben in der zweiten Halbzeit die Spielweise angepasst und nach dem Spiel ist alles gut.\u201c<\/p>\n<p>Am n\u00e4chsten Spieltag erwartet der FC Kalbach dann den 1.FC-TSG K\u00f6nigstein und hofft weiter, im K\u00e4mpf um den Aufstieg noch ein W\u00f6rtchen mitreden zu k\u00f6nnen.<\/p>\n<h4>Schiedsrichter: Leonard Martin (VfB Ginsheim). Zuschauer: 50.<\/h4>\n<h4>Tore: 0:1 Achraf Gara Ali (8.), 1:1 Armin Denck (45.), 1:2 Aleksej Radulaski (52.), 1:3 Moritz Uppenkamp (60.), 1:4 Achraf Gara Ali (72.), 1:5 Achraf Gara Ali (74.), 1:6 Oliver Pauls (86.)<\/h4>\n","protected":false},"excerpt":{"rendered":"<p>Mit dem sechsten Sieg in Folge h\u00e4lt der FC Kalbach Anschluss an die Tabellenspitze. Erst nach einer Leistungssteigerung in der zweiten H\u00e4lfte kamen die Kalbacher beim Tabellenvorletzten SV Gronau zu einem standesgem\u00e4\u00dfen Sieg und sind jetzt Dritter. SV Gronau &#8211; FC Kalbach 1:6 (1:1) Nach 5 Siegen in Folge fuhr der FC Kalbach als klarer [&hellip;]<\/p>\n","protected":false},"author":3,"featured_media":17541,"comment_status":"open","ping_status":"open","sticky":true,"template":"","format":"standard","meta":{"footnotes":""},"categories":[13],"tags":[],"class_list":["post-17882","post","type-post","status-publish","format-standard","has-post-thumbnail","hentry","category-gruppenliga-frankfurt-west"],"_links":{"self":[{"href":"https:\/\/insideamateurfussball-ffm.de\/index.php?rest_route=\/wp\/v2\/posts\/17882","targetHints":{"allow":["GET"]}}],"collection":[{"href":"https:\/\/insideamateurfussball-ffm.de\/index.php?rest_route=\/wp\/v2\/posts"}],"about":[{"href":"https:\/\/insideamateurfussball-ffm.de\/index.php?rest_route=\/wp\/v2\/types\/post"}],"author":[{"embeddable":true,"href":"https:\/\/insideamateurfussball-ffm.de\/index.php?rest_route=\/wp\/v2\/users\/3"}],"replies":[{"embeddable":true,"href":"https:\/\/insideamateurfussball-ffm.de\/index.php?rest_route=%2Fwp%2Fv2%2Fcomments&post=17882"}],"version-history":[{"count":2,"href":"https:\/\/insideamateurfussball-ffm.de\/index.php?rest_route=\/wp\/v2\/posts\/17882\/revisions"}],"predecessor-version":[{"id":17884,"href":"https:\/\/insideamateurfussball-ffm.de\/index.php?rest_route=\/wp\/v2\/posts\/17882\/revisions\/17884"}],"wp:featuredmedia":[{"embeddable":true,"href":"https:\/\/insideamateurfussball-ffm.de\/index.php?rest_route=\/wp\/v2\/media\/17541"}],"wp:attachment":[{"href":"https:\/\/insideamateurfussball-ffm.de\/index.php?rest_route=%2Fwp%2Fv2%2Fmedia&parent=17882"}],"wp:term":[{"taxonomy":"category","embeddable":true,"href":"https:\/\/insideamateurfussball-ffm.de\/index.php?rest_route=%2Fwp%2Fv2%2Fcategories&post=17882"},{"taxonomy":"post_tag","embeddable":true,"href":"https:\/\/insideamateurfussball-ffm.de\/index.php?rest_route=%2Fwp%2Fv2%2Ftags&post=17882"}],"curies":[{"name":"wp","href":"https:\/\/api.w.org\/{rel}","templated":true}]}}