{"id":17778,"date":"2024-03-29T14:06:15","date_gmt":"2024-03-29T12:06:15","guid":{"rendered":"http:\/\/insideamateurfussball-ffm.de\/?p=17778"},"modified":"2024-03-29T14:08:27","modified_gmt":"2024-03-29T12:08:27","slug":"zeilsheim-souveraen-im-halbfinale","status":"publish","type":"post","link":"https:\/\/insideamateurfussball-ffm.de\/?p=17778","title":{"rendered":"Zeilsheim souver\u00e4n im Halbfinale"},"content":{"rendered":"<h5><span style=\"font-size: 16px;\">Am Gr\u00fcndonnerstag war der SV Zeilsheim im Kreispokal Maintaunus im Einsatz. Der Frankfurter Mitte-Verbandsligist trat im Viertelfinale des Pokalwettbewerbes im Nachbarkreis beim 14. der Kreisoberliga FC Schwalbach an und setzte sich standesgem\u00e4\u00df mit 5:0 (3:0) durch.\u00a0<\/span><\/h5>\n<figure id=\"attachment_13359\" aria-describedby=\"caption-attachment-13359\" style=\"width: 312px\" class=\"wp-caption alignleft\"><img loading=\"lazy\" decoding=\"async\" class=\"wp-image-13359\" src=\"http:\/\/insideamateurfussball-ffm.de\/wp-content\/uploads\/2023\/10\/SGB-SVZ_230723-124-300x200.jpg\" alt=\"\" width=\"312\" height=\"208\" srcset=\"https:\/\/insideamateurfussball-ffm.de\/wp-content\/uploads\/2023\/10\/SGB-SVZ_230723-124-300x200.jpg 300w, https:\/\/insideamateurfussball-ffm.de\/wp-content\/uploads\/2023\/10\/SGB-SVZ_230723-124-1024x683.jpg 1024w, https:\/\/insideamateurfussball-ffm.de\/wp-content\/uploads\/2023\/10\/SGB-SVZ_230723-124-768x512.jpg 768w, https:\/\/insideamateurfussball-ffm.de\/wp-content\/uploads\/2023\/10\/SGB-SVZ_230723-124-1536x1024.jpg 1536w, https:\/\/insideamateurfussball-ffm.de\/wp-content\/uploads\/2023\/10\/SGB-SVZ_230723-124-2048x1365.jpg 2048w\" sizes=\"auto, (max-width: 312px) 100vw, 312px\" \/><figcaption id=\"caption-attachment-13359\" class=\"wp-caption-text\">Der SV Zeilsheim ist im Kreispokal ins Halbfinale eingezogen. Foto: Archiv Andre Sturmeit.<\/figcaption><\/figure>\n<h5><span style=\"font-size: 16px;\">FC Schwalbach &#8211; SV Zeilsheim 0:5 (0:3)<\/span><\/h5>\n<p><img loading=\"lazy\" decoding=\"async\" class=\"alignnone size-full wp-image-17779\" src=\"http:\/\/insideamateurfussball-ffm.de\/wp-content\/uploads\/2024\/03\/fc-schwalbach.jpg\" alt=\"\" width=\"63\" height=\"80\" \/><img loading=\"lazy\" decoding=\"async\" class=\"alignnone size-full wp-image-1153\" src=\"http:\/\/insideamateurfussball-ffm.de\/wp-content\/uploads\/2022\/07\/SVZe.jpg\" alt=\"\" width=\"68\" height=\"80\" \/><\/p>\n<p><span style=\"font-size: 16px;\">Obwohl sich Zeilsheims Spielertrainer Selim Aljusevic selbst ins nur 14 Spieler umfassende Aufgebot berufte &#8211; im Kreispokal darf im Gegensatz zu den Verbandsspielklassen nur dreimal, dann aber mit R\u00fcckwechsel, getauscht werden &#8211; zeigte sich von Beginn an auf dem Kunstrasenplatz am Albert-Richter-Weg der erwartete Unterschied von zwei Klassen. <\/span><\/p>\n<p><span style=\"font-size: 16px;\">&#8222;Aljusevic w\u00e4re nur im Notfall zum Einsatz gekommen. Unsere Verletztenliste ist gro\u00df, dazu wurden auch einige Stammspieler geschont&#8220;, erkl\u00e4rte Pr\u00e4sident Peter Strauch.<\/span><\/p>\n<ul>\n<li><strong><span style=\"font-size: 16px;\">Halbfinale gegen Hessenligist FC Eddersheim<\/span><\/strong><\/li>\n<\/ul>\n<p><span style=\"font-size: 16px;\">Die fr\u00fche F\u00fchrung der G\u00e4ste durch Leroy Ennin (4.) trug zur Sicherheit des Favoriten bei. Torj\u00e4ger Abdussamed G\u00fcrsoy (19.) schoss dann einen Freisto\u00df in den Winkel und erh\u00f6hte danach aus 17 Metern auf 3:0 (27.). Nach dem Seitenwechsel spielte sich das Geschehen weitgehend in der Schwalbacher H\u00e4lfte ab. Santiago Babovic (80.) und Patryk Kuras per Foulelfmeter erh\u00f6hten (87.). <\/span><\/p>\n<p><span style=\"font-size: 16px;\">Damit trifft den Zeilsheim im Halbfinale auf den Hessenligisten FC Eddersheim. Im anderen Semifinale trifft Gruppenligist Germania Okriftel auf Verbandsligist TuS Hornau. Die Terminierung steht noch nicht fest. Der Sieger des Kreispokals qualifiziert sich f\u00fcr die kommende Edition des Hessenpokals. &#8222;Der Wettbewerb wurde aufgewertet, insofern w\u00e4re das Erreichen des Landespokals attraktiv&#8220;, erkennt Strauch. In der Verbandsliga Mitte sind die Zeilsheimer am 7. April beim RSV Weyer wieder aktiv (15 Uhr).\u00a0\u00a0<\/span><\/p>\n<ul>\n<li><strong><span style=\"font-size: 16px;\">Schiedsrichter: Lucas Jung (Viktoria Sindlingen). Zuschauer: 80.<\/span><\/strong><\/li>\n<li><strong><span style=\"font-size: 16px;\">Tore: 0:1 Leroy Ennin (4.), 0:2, 0:3 Abdussamed G\u00fcrsoy (19.\/27.), 0:4 Santiago Babovic (80.), 0:5 Patryk Kuras (87.\/Foulelfmeter).<\/span><\/strong><\/li>\n<\/ul>\n","protected":false},"excerpt":{"rendered":"<p>Am Gr\u00fcndonnerstag war der SV Zeilsheim im Kreispokal Maintaunus im Einsatz. Der Frankfurter Mitte-Verbandsligist trat im Viertelfinale des Pokalwettbewerbes im Nachbarkreis beim 14. der Kreisoberliga FC Schwalbach an und setzte sich standesgem\u00e4\u00df mit 5:0 (3:0) durch.\u00a0 FC Schwalbach &#8211; SV Zeilsheim 0:5 (0:3) Obwohl sich Zeilsheims Spielertrainer Selim Aljusevic selbst ins nur 14 Spieler umfassende [&hellip;]<\/p>\n","protected":false},"author":1,"featured_media":13359,"comment_status":"open","ping_status":"open","sticky":true,"template":"","format":"standard","meta":{"footnotes":""},"categories":[9],"tags":[],"class_list":["post-17778","post","type-post","status-publish","format-standard","has-post-thumbnail","hentry","category-kreispokal"],"_links":{"self":[{"href":"https:\/\/insideamateurfussball-ffm.de\/index.php?rest_route=\/wp\/v2\/posts\/17778","targetHints":{"allow":["GET"]}}],"collection":[{"href":"https:\/\/insideamateurfussball-ffm.de\/index.php?rest_route=\/wp\/v2\/posts"}],"about":[{"href":"https:\/\/insideamateurfussball-ffm.de\/index.php?rest_route=\/wp\/v2\/types\/post"}],"author":[{"embeddable":true,"href":"https:\/\/insideamateurfussball-ffm.de\/index.php?rest_route=\/wp\/v2\/users\/1"}],"replies":[{"embeddable":true,"href":"https:\/\/insideamateurfussball-ffm.de\/index.php?rest_route=%2Fwp%2Fv2%2Fcomments&post=17778"}],"version-history":[{"count":2,"href":"https:\/\/insideamateurfussball-ffm.de\/index.php?rest_route=\/wp\/v2\/posts\/17778\/revisions"}],"predecessor-version":[{"id":17781,"href":"https:\/\/insideamateurfussball-ffm.de\/index.php?rest_route=\/wp\/v2\/posts\/17778\/revisions\/17781"}],"wp:featuredmedia":[{"embeddable":true,"href":"https:\/\/insideamateurfussball-ffm.de\/index.php?rest_route=\/wp\/v2\/media\/13359"}],"wp:attachment":[{"href":"https:\/\/insideamateurfussball-ffm.de\/index.php?rest_route=%2Fwp%2Fv2%2Fmedia&parent=17778"}],"wp:term":[{"taxonomy":"category","embeddable":true,"href":"https:\/\/insideamateurfussball-ffm.de\/index.php?rest_route=%2Fwp%2Fv2%2Fcategories&post=17778"},{"taxonomy":"post_tag","embeddable":true,"href":"https:\/\/insideamateurfussball-ffm.de\/index.php?rest_route=%2Fwp%2Fv2%2Ftags&post=17778"}],"curies":[{"name":"wp","href":"https:\/\/api.w.org\/{rel}","templated":true}]}}