{"id":17719,"date":"2024-03-26T23:40:24","date_gmt":"2024-03-26T21:40:24","guid":{"rendered":"http:\/\/insideamateurfussball-ffm.de\/?p=17719"},"modified":"2024-11-15T17:59:55","modified_gmt":"2024-11-15T15:59:55","slug":"fc-croatia-dreht-spiel-und-bleibt-oben-dran","status":"publish","type":"post","link":"https:\/\/insideamateurfussball-ffm.de\/?p=17719","title":{"rendered":"FC Croatia dreht Spiel und bleibt oben dran"},"content":{"rendered":"<h3>Der FC Croatia drehte beim 2:1 (0:1) gegen die SG Bornheim\/Gr\u00fcn-Wei\u00df II das Spiel und bleibt oben dran. Der R\u00fcckstand auf den Relegationsplatz zur Gruppenliga betr\u00e4gt jetzt nur noch drei Punkte. Die Bornheimer Reserve musste zwar drei Spielen ohne Niederlage wieder Punkte lassen, der Vorsprung auf den vorletzten Rang, der in die Relegation mit den A-Klasse-Vizemeistern f\u00fchrt, betr\u00e4gt aber noch sechs Z\u00e4hler.\u00a0<\/h3>\n<figure id=\"attachment_17720\" aria-describedby=\"caption-attachment-17720\" style=\"width: 640px\" class=\"wp-caption alignright\"><img loading=\"lazy\" decoding=\"async\" class=\"wp-image-17720 size-large\" src=\"http:\/\/insideamateurfussball-ffm.de\/wp-content\/uploads\/2024\/03\/Croatia-SGBII_240324-71-1024x799.jpg\" alt=\"\" width=\"640\" height=\"499\" srcset=\"https:\/\/insideamateurfussball-ffm.de\/wp-content\/uploads\/2024\/03\/Croatia-SGBII_240324-71-1024x799.jpg 1024w, https:\/\/insideamateurfussball-ffm.de\/wp-content\/uploads\/2024\/03\/Croatia-SGBII_240324-71-300x234.jpg 300w, https:\/\/insideamateurfussball-ffm.de\/wp-content\/uploads\/2024\/03\/Croatia-SGBII_240324-71-768x599.jpg 768w, https:\/\/insideamateurfussball-ffm.de\/wp-content\/uploads\/2024\/03\/Croatia-SGBII_240324-71-1536x1199.jpg 1536w, https:\/\/insideamateurfussball-ffm.de\/wp-content\/uploads\/2024\/03\/Croatia-SGBII_240324-71-2048x1598.jpg 2048w\" sizes=\"auto, (max-width: 640px) 100vw, 640px\" \/><figcaption id=\"caption-attachment-17720\" class=\"wp-caption-text\">Croatia Kapit\u00e4n Ivan Propadalo begr\u00fc\u00dft den Bornheimer Kollegen Oskar Papadopoulos. Dazwischen Schiedsrichter Bernd B\u00fcttner. Foto: Andre Sturmeit.<\/figcaption><\/figure>\n<h3>FC Croatia &#8211; SG Bornheim\/Gr\u00fcn-Wei\u00df II 2:1 (0:1)<\/h3>\n<p><img loading=\"lazy\" decoding=\"async\" class=\"alignnone size-full wp-image-29\" src=\"http:\/\/insideamateurfussball-ffm.de\/wp-content\/uploads\/2021\/11\/croatia.jpg\" alt=\"\" width=\"63\" height=\"80\" \/><img loading=\"lazy\" decoding=\"async\" class=\"alignnone size-full wp-image-119\" src=\"http:\/\/insideamateurfussball-ffm.de\/wp-content\/uploads\/2022\/05\/Bornheim.jpg\" alt=\"\" width=\"80\" height=\"80\" \/><\/p>\n<p>Croatia kam gut ins Spiel, erhielt dann aber nicht nur vom Wetter mit Hagel und Regen eine kalte Dusche. Die G\u00e4ste konnten mit ihrem St\u00fcrmer Jan Freisinger in F\u00fchrung gehen (27.).<\/p>\n<p>Kurz darauf durfte sich Croatias Dominik Emmel dank einer Zehn-Minuten-Zeitstrafe nach drau\u00dfen begeben (28.-38.). &#8222;Das hat uns ein wenig ins Wanken gebracht&#8220;, meinte Croatias Sportlicher Leiter Stanislav Konta. Nach dem Seitenwechsel ging &#8222;die zweite Halbzeit komplett an uns und somit war es am Ende auch ein verdienter Sieg mit einer leidenschaftlichen Teamleistung&#8220;, res\u00fcmierte Konta. Aleksandar Sasa Matovic markierte den Ausgleich (72.). Vor dem Siegtreffer platzierte Petar Beslic einen Abpraller per Kopfball am Pfosten, im Nachschuss schon Jackie Lee Reljic ein (83.).<\/p>\n<blockquote>\n<h3><span style=\"text-decoration: underline;\">&#8222;In der ersten Halbzeit hatten wir deutlich bessere Chancen, h\u00e4tten da auch gut und gerne mit 2:0 in die Halbzeit gehen k\u00f6nnen und m\u00fcssen.&#8220; (Lucas Milbredt aus dem Bornheimer Trainerteam).<\/span><\/h3>\n<\/blockquote>\n<p>&#8222;Gro\u00dfes Lob an die SG Bornheim, die stets ein fairer Gegner sind mit einem sympathischen und kompetenten Trainerteam an der Seite und denen wir den Klassenerhalt w\u00fcnschen&#8220;, erg\u00e4nzte Konta. Lucas Milbredt aus dem Bornheimer Trainerteam bewertete das 1:2 als &#8222;sehr bittere und \u00e4rgerliche Niederlage, weil wir mindestens einen Punkt verdient gehabt h\u00e4tten. In der ersten Halbzeit hatten wir deutlich bessere Chancen, h\u00e4tten da auch gut und gerne mit 2:0 in die Halbzeit gehen k\u00f6nnen und m\u00fcssen. Nach der Halbzeit hatten wir eine 100%ige Doppelchance von unserem St\u00fcrmer Jan Freisinger, wo wir leider nicht das 2:0 machen. Dann war es schon so, dass Croatia den Druck erh\u00f6ht hat, wir aber trotzdem gut verteidigt haben, aber nicht alles verteidigen konnten. Und dann haben sie einmal beim 1:1 einen sehr guten Diagonalball gespielt auf der Au\u00dfenbahn, flach rein gespielt und der St\u00fcrmer schiebt ein. Das war sehr gut gespielt und sehr schwer zu verteidigen. Und dann haben sie das 2:1 nach einem Standard, Kopfball Innenpfosten und der Abpraller geht rein, gemacht.&#8220;<\/p>\n<p>Sein Fazit: &#8222;Wir haben alles versucht, immer dagegen gehalten und Moral gezeigt.&#8220; Bornheim II hat jetzt eine lange Pause, denn nach dem Osterwochenende ist man turnusgem\u00e4\u00df spielfrei und somit erst wieder am 14. April im Ausw\u00e4rtsspiel bei der Spvgg. 02 Griesheim aktiv. Am 7. April muss sich der FC Croatia beim Vierten SV Griesheim Tarik messen, um weiter in Sachen Aufstieg dran zu bleiben.\u00a0<\/p>\n<h3><span style=\"text-decoration: underline;\">Schiedsrichter: Bernd B\u00fcttner (FC Gelnhausen). Zuschauer: 90. <\/span><\/h3>\n<h3><span style=\"text-decoration: underline;\">Tore: 0:1 Jan Freisinger (27.), 1:1 Aleksandar Sasa Matovic (72.), 2:1 Jackie Lee Reljic (83.). <\/span><\/h3>\n<h3><span style=\"text-decoration: underline;\">Bildergalerie: Andre Sturmeit war vor Ort, da die Erste Mannschaft der Bornheimer in der Verbandsliga S\u00fcd nicht am Sonntag spielte. Vielen Dank! <\/span>\u00a0\u00a0<\/h3>\n\n\n<figure class=\"wp-block-gallery has-nested-images columns-default is-cropped wp-block-gallery-1 is-layout-flex wp-block-gallery-is-layout-flex\">\n<figure class=\"wp-block-image size-large is-style-default\"><img loading=\"lazy\" decoding=\"async\" width=\"1024\" height=\"683\" data-id=\"17721\" src=\"http:\/\/insideamateurfussball-ffm.de\/wp-content\/uploads\/2024\/03\/Croatia-SGBII_240324-107-1024x683.jpg\" alt=\"\" class=\"wp-image-17721\" srcset=\"https:\/\/insideamateurfussball-ffm.de\/wp-content\/uploads\/2024\/03\/Croatia-SGBII_240324-107-1024x683.jpg 1024w, https:\/\/insideamateurfussball-ffm.de\/wp-content\/uploads\/2024\/03\/Croatia-SGBII_240324-107-300x200.jpg 300w, https:\/\/insideamateurfussball-ffm.de\/wp-content\/uploads\/2024\/03\/Croatia-SGBII_240324-107-768x512.jpg 768w, https:\/\/insideamateurfussball-ffm.de\/wp-content\/uploads\/2024\/03\/Croatia-SGBII_240324-107-1536x1024.jpg 1536w, https:\/\/insideamateurfussball-ffm.de\/wp-content\/uploads\/2024\/03\/Croatia-SGBII_240324-107-2048x1365.jpg 2048w\" sizes=\"auto, (max-width: 1024px) 100vw, 1024px\" \/><\/figure>\n<\/figure>\n\n\n\n<figure class=\"wp-block-gallery has-nested-images columns-default is-cropped wp-block-gallery-2 is-layout-flex wp-block-gallery-is-layout-flex\">\n<figure class=\"wp-block-image size-large is-style-default\"><img loading=\"lazy\" decoding=\"async\" width=\"1024\" height=\"684\" data-id=\"17722\" src=\"http:\/\/insideamateurfussball-ffm.de\/wp-content\/uploads\/2024\/03\/Croatia-SGBII_240324-183-1024x684.jpg\" alt=\"\" class=\"wp-image-17722\" srcset=\"https:\/\/insideamateurfussball-ffm.de\/wp-content\/uploads\/2024\/03\/Croatia-SGBII_240324-183-1024x684.jpg 1024w, https:\/\/insideamateurfussball-ffm.de\/wp-content\/uploads\/2024\/03\/Croatia-SGBII_240324-183-300x201.jpg 300w, https:\/\/insideamateurfussball-ffm.de\/wp-content\/uploads\/2024\/03\/Croatia-SGBII_240324-183-768x513.jpg 768w, https:\/\/insideamateurfussball-ffm.de\/wp-content\/uploads\/2024\/03\/Croatia-SGBII_240324-183-1536x1027.jpg 1536w, https:\/\/insideamateurfussball-ffm.de\/wp-content\/uploads\/2024\/03\/Croatia-SGBII_240324-183-2048x1369.jpg 2048w\" sizes=\"auto, (max-width: 1024px) 100vw, 1024px\" \/><\/figure>\n<\/figure>\n\n\n\n<figure class=\"wp-block-gallery has-nested-images columns-default is-cropped wp-block-gallery-3 is-layout-flex wp-block-gallery-is-layout-flex\">\n<figure class=\"wp-block-image size-large is-style-default\"><img loading=\"lazy\" decoding=\"async\" width=\"1024\" height=\"683\" data-id=\"17723\" src=\"http:\/\/insideamateurfussball-ffm.de\/wp-content\/uploads\/2024\/03\/Croatia-SGBII_240324-257-1024x683.jpg\" alt=\"\" class=\"wp-image-17723\" srcset=\"https:\/\/insideamateurfussball-ffm.de\/wp-content\/uploads\/2024\/03\/Croatia-SGBII_240324-257-1024x683.jpg 1024w, https:\/\/insideamateurfussball-ffm.de\/wp-content\/uploads\/2024\/03\/Croatia-SGBII_240324-257-300x200.jpg 300w, https:\/\/insideamateurfussball-ffm.de\/wp-content\/uploads\/2024\/03\/Croatia-SGBII_240324-257-768x512.jpg 768w, https:\/\/insideamateurfussball-ffm.de\/wp-content\/uploads\/2024\/03\/Croatia-SGBII_240324-257-1536x1024.jpg 1536w, https:\/\/insideamateurfussball-ffm.de\/wp-content\/uploads\/2024\/03\/Croatia-SGBII_240324-257-2048x1365.jpg 2048w\" sizes=\"auto, (max-width: 1024px) 100vw, 1024px\" \/><\/figure>\n<\/figure>\n\n\n\n<figure class=\"wp-block-gallery has-nested-images columns-default is-cropped wp-block-gallery-4 is-layout-flex wp-block-gallery-is-layout-flex\">\n<figure class=\"wp-block-image size-large is-style-default\"><img loading=\"lazy\" decoding=\"async\" width=\"1024\" height=\"683\" data-id=\"17724\" src=\"http:\/\/insideamateurfussball-ffm.de\/wp-content\/uploads\/2024\/03\/Croatia-SGBII_240324-287-1024x683.jpg\" alt=\"\" class=\"wp-image-17724\" srcset=\"https:\/\/insideamateurfussball-ffm.de\/wp-content\/uploads\/2024\/03\/Croatia-SGBII_240324-287-1024x683.jpg 1024w, https:\/\/insideamateurfussball-ffm.de\/wp-content\/uploads\/2024\/03\/Croatia-SGBII_240324-287-300x200.jpg 300w, https:\/\/insideamateurfussball-ffm.de\/wp-content\/uploads\/2024\/03\/Croatia-SGBII_240324-287-768x512.jpg 768w, https:\/\/insideamateurfussball-ffm.de\/wp-content\/uploads\/2024\/03\/Croatia-SGBII_240324-287-1536x1024.jpg 1536w, https:\/\/insideamateurfussball-ffm.de\/wp-content\/uploads\/2024\/03\/Croatia-SGBII_240324-287-2048x1365.jpg 2048w\" sizes=\"auto, (max-width: 1024px) 100vw, 1024px\" \/><\/figure>\n<\/figure>\n\n\n\n<figure class=\"wp-block-gallery has-nested-images columns-default is-cropped wp-block-gallery-5 is-layout-flex wp-block-gallery-is-layout-flex\">\n<figure class=\"wp-block-image size-large is-style-default\"><img loading=\"lazy\" decoding=\"async\" width=\"1024\" height=\"683\" data-id=\"17725\" src=\"http:\/\/insideamateurfussball-ffm.de\/wp-content\/uploads\/2024\/03\/Croatia-SGBII_240324-310-1024x683.jpg\" alt=\"\" class=\"wp-image-17725\" srcset=\"https:\/\/insideamateurfussball-ffm.de\/wp-content\/uploads\/2024\/03\/Croatia-SGBII_240324-310-1024x683.jpg 1024w, https:\/\/insideamateurfussball-ffm.de\/wp-content\/uploads\/2024\/03\/Croatia-SGBII_240324-310-300x200.jpg 300w, https:\/\/insideamateurfussball-ffm.de\/wp-content\/uploads\/2024\/03\/Croatia-SGBII_240324-310-768x512.jpg 768w, https:\/\/insideamateurfussball-ffm.de\/wp-content\/uploads\/2024\/03\/Croatia-SGBII_240324-310-1536x1025.jpg 1536w, https:\/\/insideamateurfussball-ffm.de\/wp-content\/uploads\/2024\/03\/Croatia-SGBII_240324-310-2048x1366.jpg 2048w\" sizes=\"auto, (max-width: 1024px) 100vw, 1024px\" \/><\/figure>\n<\/figure>\n\n\n\n<figure class=\"wp-block-gallery has-nested-images columns-default is-cropped wp-block-gallery-6 is-layout-flex wp-block-gallery-is-layout-flex\">\n<figure class=\"wp-block-image size-large is-style-default\"><img loading=\"lazy\" decoding=\"async\" width=\"1024\" height=\"683\" data-id=\"17726\" src=\"http:\/\/insideamateurfussball-ffm.de\/wp-content\/uploads\/2024\/03\/Croatia-SGBII_240324-366-1024x683.jpg\" alt=\"\" class=\"wp-image-17726\" srcset=\"https:\/\/insideamateurfussball-ffm.de\/wp-content\/uploads\/2024\/03\/Croatia-SGBII_240324-366-1024x683.jpg 1024w, https:\/\/insideamateurfussball-ffm.de\/wp-content\/uploads\/2024\/03\/Croatia-SGBII_240324-366-300x200.jpg 300w, https:\/\/insideamateurfussball-ffm.de\/wp-content\/uploads\/2024\/03\/Croatia-SGBII_240324-366-768x512.jpg 768w, https:\/\/insideamateurfussball-ffm.de\/wp-content\/uploads\/2024\/03\/Croatia-SGBII_240324-366-1536x1024.jpg 1536w, https:\/\/insideamateurfussball-ffm.de\/wp-content\/uploads\/2024\/03\/Croatia-SGBII_240324-366-2048x1365.jpg 2048w\" sizes=\"auto, (max-width: 1024px) 100vw, 1024px\" \/><\/figure>\n<\/figure>\n\n\n\n<figure class=\"wp-block-gallery has-nested-images columns-default is-cropped wp-block-gallery-7 is-layout-flex wp-block-gallery-is-layout-flex\">\n<figure class=\"wp-block-image size-large is-style-default\"><img loading=\"lazy\" decoding=\"async\" width=\"1024\" height=\"686\" data-id=\"17727\" src=\"http:\/\/insideamateurfussball-ffm.de\/wp-content\/uploads\/2024\/03\/Croatia-SGBII_240324-432-1024x686.jpg\" alt=\"\" class=\"wp-image-17727\" srcset=\"https:\/\/insideamateurfussball-ffm.de\/wp-content\/uploads\/2024\/03\/Croatia-SGBII_240324-432-1024x686.jpg 1024w, https:\/\/insideamateurfussball-ffm.de\/wp-content\/uploads\/2024\/03\/Croatia-SGBII_240324-432-300x201.jpg 300w, https:\/\/insideamateurfussball-ffm.de\/wp-content\/uploads\/2024\/03\/Croatia-SGBII_240324-432-768x515.jpg 768w, https:\/\/insideamateurfussball-ffm.de\/wp-content\/uploads\/2024\/03\/Croatia-SGBII_240324-432-1536x1029.jpg 1536w, https:\/\/insideamateurfussball-ffm.de\/wp-content\/uploads\/2024\/03\/Croatia-SGBII_240324-432-2048x1372.jpg 2048w\" sizes=\"auto, (max-width: 1024px) 100vw, 1024px\" \/><\/figure>\n<\/figure>\n\n\n\n<figure class=\"wp-block-gallery has-nested-images columns-default is-cropped wp-block-gallery-8 is-layout-flex wp-block-gallery-is-layout-flex\">\n<figure class=\"wp-block-image size-large is-style-default\"><img loading=\"lazy\" decoding=\"async\" width=\"1024\" height=\"683\" data-id=\"17728\" src=\"http:\/\/insideamateurfussball-ffm.de\/wp-content\/uploads\/2024\/03\/Croatia-SGBII_240324-550-1024x683.jpg\" alt=\"\" class=\"wp-image-17728\" srcset=\"https:\/\/insideamateurfussball-ffm.de\/wp-content\/uploads\/2024\/03\/Croatia-SGBII_240324-550-1024x683.jpg 1024w, https:\/\/insideamateurfussball-ffm.de\/wp-content\/uploads\/2024\/03\/Croatia-SGBII_240324-550-300x200.jpg 300w, https:\/\/insideamateurfussball-ffm.de\/wp-content\/uploads\/2024\/03\/Croatia-SGBII_240324-550-768x512.jpg 768w, https:\/\/insideamateurfussball-ffm.de\/wp-content\/uploads\/2024\/03\/Croatia-SGBII_240324-550-1536x1024.jpg 1536w, https:\/\/insideamateurfussball-ffm.de\/wp-content\/uploads\/2024\/03\/Croatia-SGBII_240324-550-2048x1365.jpg 2048w\" sizes=\"auto, (max-width: 1024px) 100vw, 1024px\" \/><\/figure>\n<\/figure>\n\n\n\n<figure class=\"wp-block-gallery has-nested-images columns-default is-cropped wp-block-gallery-9 is-layout-flex wp-block-gallery-is-layout-flex\">\n<figure class=\"wp-block-image size-large is-style-default\"><img loading=\"lazy\" decoding=\"async\" width=\"1024\" height=\"644\" data-id=\"17729\" src=\"http:\/\/insideamateurfussball-ffm.de\/wp-content\/uploads\/2024\/03\/Croatia-SGBII_240324-646-1024x644.jpg\" alt=\"\" class=\"wp-image-17729\" srcset=\"https:\/\/insideamateurfussball-ffm.de\/wp-content\/uploads\/2024\/03\/Croatia-SGBII_240324-646-1024x644.jpg 1024w, https:\/\/insideamateurfussball-ffm.de\/wp-content\/uploads\/2024\/03\/Croatia-SGBII_240324-646-300x189.jpg 300w, https:\/\/insideamateurfussball-ffm.de\/wp-content\/uploads\/2024\/03\/Croatia-SGBII_240324-646-768x483.jpg 768w, https:\/\/insideamateurfussball-ffm.de\/wp-content\/uploads\/2024\/03\/Croatia-SGBII_240324-646-1536x966.jpg 1536w, https:\/\/insideamateurfussball-ffm.de\/wp-content\/uploads\/2024\/03\/Croatia-SGBII_240324-646-2048x1288.jpg 2048w\" sizes=\"auto, (max-width: 1024px) 100vw, 1024px\" \/><\/figure>\n<\/figure>\n\n\n\n<figure class=\"wp-block-gallery has-nested-images columns-default is-cropped wp-block-gallery-10 is-layout-flex wp-block-gallery-is-layout-flex\">\n<figure class=\"wp-block-image size-large is-style-default\"><img loading=\"lazy\" decoding=\"async\" width=\"1024\" height=\"683\" data-id=\"17730\" src=\"http:\/\/insideamateurfussball-ffm.de\/wp-content\/uploads\/2024\/03\/Croatia-SGBII_240324-694-1024x683.jpg\" alt=\"\" class=\"wp-image-17730\" srcset=\"https:\/\/insideamateurfussball-ffm.de\/wp-content\/uploads\/2024\/03\/Croatia-SGBII_240324-694-1024x683.jpg 1024w, https:\/\/insideamateurfussball-ffm.de\/wp-content\/uploads\/2024\/03\/Croatia-SGBII_240324-694-300x200.jpg 300w, https:\/\/insideamateurfussball-ffm.de\/wp-content\/uploads\/2024\/03\/Croatia-SGBII_240324-694-768x512.jpg 768w, https:\/\/insideamateurfussball-ffm.de\/wp-content\/uploads\/2024\/03\/Croatia-SGBII_240324-694-1536x1024.jpg 1536w, https:\/\/insideamateurfussball-ffm.de\/wp-content\/uploads\/2024\/03\/Croatia-SGBII_240324-694-2048x1365.jpg 2048w\" sizes=\"auto, (max-width: 1024px) 100vw, 1024px\" \/><\/figure>\n<\/figure>\n\n\n\n<figure class=\"wp-block-gallery has-nested-images columns-default is-cropped wp-block-gallery-11 is-layout-flex wp-block-gallery-is-layout-flex\">\n<figure class=\"wp-block-image size-large is-style-default\"><img loading=\"lazy\" decoding=\"async\" width=\"1024\" height=\"683\" data-id=\"17731\" src=\"http:\/\/insideamateurfussball-ffm.de\/wp-content\/uploads\/2024\/03\/Croatia-SGBII_240324-53-1024x683.jpg\" alt=\"\" class=\"wp-image-17731\" srcset=\"https:\/\/insideamateurfussball-ffm.de\/wp-content\/uploads\/2024\/03\/Croatia-SGBII_240324-53-1024x683.jpg 1024w, https:\/\/insideamateurfussball-ffm.de\/wp-content\/uploads\/2024\/03\/Croatia-SGBII_240324-53-300x200.jpg 300w, https:\/\/insideamateurfussball-ffm.de\/wp-content\/uploads\/2024\/03\/Croatia-SGBII_240324-53-768x512.jpg 768w, https:\/\/insideamateurfussball-ffm.de\/wp-content\/uploads\/2024\/03\/Croatia-SGBII_240324-53-1536x1024.jpg 1536w, https:\/\/insideamateurfussball-ffm.de\/wp-content\/uploads\/2024\/03\/Croatia-SGBII_240324-53-2048x1365.jpg 2048w\" sizes=\"auto, (max-width: 1024px) 100vw, 1024px\" \/><\/figure>\n<\/figure>\n\n\n\n<figure class=\"wp-block-gallery has-nested-images columns-default is-cropped wp-block-gallery-12 is-layout-flex wp-block-gallery-is-layout-flex\">\n<figure class=\"wp-block-image size-large is-style-default\"><img loading=\"lazy\" decoding=\"async\" width=\"1024\" height=\"683\" data-id=\"17732\" src=\"http:\/\/insideamateurfussball-ffm.de\/wp-content\/uploads\/2024\/03\/Croatia-SGBII_240324-88-1024x683.jpg\" alt=\"\" class=\"wp-image-17732\" srcset=\"https:\/\/insideamateurfussball-ffm.de\/wp-content\/uploads\/2024\/03\/Croatia-SGBII_240324-88-1024x683.jpg 1024w, https:\/\/insideamateurfussball-ffm.de\/wp-content\/uploads\/2024\/03\/Croatia-SGBII_240324-88-300x200.jpg 300w, https:\/\/insideamateurfussball-ffm.de\/wp-content\/uploads\/2024\/03\/Croatia-SGBII_240324-88-768x512.jpg 768w, https:\/\/insideamateurfussball-ffm.de\/wp-content\/uploads\/2024\/03\/Croatia-SGBII_240324-88-1536x1024.jpg 1536w, https:\/\/insideamateurfussball-ffm.de\/wp-content\/uploads\/2024\/03\/Croatia-SGBII_240324-88-2048x1365.jpg 2048w\" sizes=\"auto, (max-width: 1024px) 100vw, 1024px\" \/><\/figure>\n<\/figure>\n\n\n\n<figure class=\"wp-block-gallery has-nested-images columns-default is-cropped wp-block-gallery-13 is-layout-flex wp-block-gallery-is-layout-flex\">\n<figure class=\"wp-block-image size-large is-style-default\"><img loading=\"lazy\" decoding=\"async\" width=\"1024\" height=\"683\" data-id=\"17733\" src=\"http:\/\/insideamateurfussball-ffm.de\/wp-content\/uploads\/2024\/03\/Croatia-SGBII_240324-172-1024x683.jpg\" alt=\"\" class=\"wp-image-17733\" srcset=\"https:\/\/insideamateurfussball-ffm.de\/wp-content\/uploads\/2024\/03\/Croatia-SGBII_240324-172-1024x683.jpg 1024w, https:\/\/insideamateurfussball-ffm.de\/wp-content\/uploads\/2024\/03\/Croatia-SGBII_240324-172-300x200.jpg 300w, https:\/\/insideamateurfussball-ffm.de\/wp-content\/uploads\/2024\/03\/Croatia-SGBII_240324-172-768x512.jpg 768w, https:\/\/insideamateurfussball-ffm.de\/wp-content\/uploads\/2024\/03\/Croatia-SGBII_240324-172-1536x1024.jpg 1536w, https:\/\/insideamateurfussball-ffm.de\/wp-content\/uploads\/2024\/03\/Croatia-SGBII_240324-172-2048x1365.jpg 2048w\" sizes=\"auto, (max-width: 1024px) 100vw, 1024px\" \/><\/figure>\n<\/figure>\n\n\n\n<figure class=\"wp-block-gallery has-nested-images columns-default is-cropped wp-block-gallery-14 is-layout-flex wp-block-gallery-is-layout-flex\">\n<figure class=\"wp-block-image size-large is-style-default\"><img loading=\"lazy\" decoding=\"async\" width=\"1024\" height=\"683\" data-id=\"17734\" src=\"http:\/\/insideamateurfussball-ffm.de\/wp-content\/uploads\/2024\/03\/Croatia-SGBII_240324-241-1024x683.jpg\" alt=\"\" class=\"wp-image-17734\" srcset=\"https:\/\/insideamateurfussball-ffm.de\/wp-content\/uploads\/2024\/03\/Croatia-SGBII_240324-241-1024x683.jpg 1024w, https:\/\/insideamateurfussball-ffm.de\/wp-content\/uploads\/2024\/03\/Croatia-SGBII_240324-241-300x200.jpg 300w, https:\/\/insideamateurfussball-ffm.de\/wp-content\/uploads\/2024\/03\/Croatia-SGBII_240324-241-768x512.jpg 768w, https:\/\/insideamateurfussball-ffm.de\/wp-content\/uploads\/2024\/03\/Croatia-SGBII_240324-241-1536x1024.jpg 1536w, https:\/\/insideamateurfussball-ffm.de\/wp-content\/uploads\/2024\/03\/Croatia-SGBII_240324-241-2048x1365.jpg 2048w\" sizes=\"auto, (max-width: 1024px) 100vw, 1024px\" \/><\/figure>\n<\/figure>\n\n\n\n<figure class=\"wp-block-gallery has-nested-images columns-default is-cropped wp-block-gallery-15 is-layout-flex wp-block-gallery-is-layout-flex\">\n<figure class=\"wp-block-image size-large is-style-default\"><img loading=\"lazy\" decoding=\"async\" width=\"1024\" height=\"685\" data-id=\"17735\" src=\"http:\/\/insideamateurfussball-ffm.de\/wp-content\/uploads\/2024\/03\/Croatia-SGBII_240324-281-1024x685.jpg\" alt=\"\" class=\"wp-image-17735\" srcset=\"https:\/\/insideamateurfussball-ffm.de\/wp-content\/uploads\/2024\/03\/Croatia-SGBII_240324-281-1024x685.jpg 1024w, https:\/\/insideamateurfussball-ffm.de\/wp-content\/uploads\/2024\/03\/Croatia-SGBII_240324-281-300x201.jpg 300w, https:\/\/insideamateurfussball-ffm.de\/wp-content\/uploads\/2024\/03\/Croatia-SGBII_240324-281-768x514.jpg 768w, https:\/\/insideamateurfussball-ffm.de\/wp-content\/uploads\/2024\/03\/Croatia-SGBII_240324-281-1536x1028.jpg 1536w, https:\/\/insideamateurfussball-ffm.de\/wp-content\/uploads\/2024\/03\/Croatia-SGBII_240324-281-2048x1371.jpg 2048w\" sizes=\"auto, (max-width: 1024px) 100vw, 1024px\" \/><\/figure>\n<\/figure>\n\n\n\n<figure class=\"wp-block-gallery has-nested-images columns-default is-cropped wp-block-gallery-16 is-layout-flex wp-block-gallery-is-layout-flex\">\n<figure class=\"wp-block-image size-large is-style-default\"><img loading=\"lazy\" decoding=\"async\" width=\"1024\" height=\"683\" data-id=\"17736\" src=\"http:\/\/insideamateurfussball-ffm.de\/wp-content\/uploads\/2024\/03\/Croatia-SGBII_240324-308-1024x683.jpg\" alt=\"\" class=\"wp-image-17736\" srcset=\"https:\/\/insideamateurfussball-ffm.de\/wp-content\/uploads\/2024\/03\/Croatia-SGBII_240324-308-1024x683.jpg 1024w, https:\/\/insideamateurfussball-ffm.de\/wp-content\/uploads\/2024\/03\/Croatia-SGBII_240324-308-300x200.jpg 300w, https:\/\/insideamateurfussball-ffm.de\/wp-content\/uploads\/2024\/03\/Croatia-SGBII_240324-308-768x512.jpg 768w, https:\/\/insideamateurfussball-ffm.de\/wp-content\/uploads\/2024\/03\/Croatia-SGBII_240324-308-1536x1024.jpg 1536w, https:\/\/insideamateurfussball-ffm.de\/wp-content\/uploads\/2024\/03\/Croatia-SGBII_240324-308-2048x1365.jpg 2048w\" sizes=\"auto, (max-width: 1024px) 100vw, 1024px\" \/><\/figure>\n<\/figure>\n\n\n\n<figure class=\"wp-block-gallery has-nested-images columns-default is-cropped wp-block-gallery-17 is-layout-flex wp-block-gallery-is-layout-flex\">\n<figure class=\"wp-block-image size-large is-style-default\"><img loading=\"lazy\" decoding=\"async\" width=\"1024\" height=\"683\" data-id=\"17737\" src=\"http:\/\/insideamateurfussball-ffm.de\/wp-content\/uploads\/2024\/03\/Croatia-SGBII_240324-337-1024x683.jpg\" alt=\"\" class=\"wp-image-17737\" srcset=\"https:\/\/insideamateurfussball-ffm.de\/wp-content\/uploads\/2024\/03\/Croatia-SGBII_240324-337-1024x683.jpg 1024w, https:\/\/insideamateurfussball-ffm.de\/wp-content\/uploads\/2024\/03\/Croatia-SGBII_240324-337-300x200.jpg 300w, https:\/\/insideamateurfussball-ffm.de\/wp-content\/uploads\/2024\/03\/Croatia-SGBII_240324-337-768x512.jpg 768w, https:\/\/insideamateurfussball-ffm.de\/wp-content\/uploads\/2024\/03\/Croatia-SGBII_240324-337-1536x1024.jpg 1536w, https:\/\/insideamateurfussball-ffm.de\/wp-content\/uploads\/2024\/03\/Croatia-SGBII_240324-337-2048x1365.jpg 2048w\" sizes=\"auto, (max-width: 1024px) 100vw, 1024px\" \/><\/figure>\n<\/figure>\n\n\n\n<figure class=\"wp-block-gallery has-nested-images columns-default is-cropped wp-block-gallery-18 is-layout-flex wp-block-gallery-is-layout-flex\">\n<figure class=\"wp-block-image size-large is-style-default\"><img loading=\"lazy\" decoding=\"async\" width=\"1024\" height=\"683\" data-id=\"17738\" src=\"http:\/\/insideamateurfussball-ffm.de\/wp-content\/uploads\/2024\/03\/Croatia-SGBII_240324-410-1024x683.jpg\" alt=\"\" class=\"wp-image-17738\" srcset=\"https:\/\/insideamateurfussball-ffm.de\/wp-content\/uploads\/2024\/03\/Croatia-SGBII_240324-410-1024x683.jpg 1024w, https:\/\/insideamateurfussball-ffm.de\/wp-content\/uploads\/2024\/03\/Croatia-SGBII_240324-410-300x200.jpg 300w, https:\/\/insideamateurfussball-ffm.de\/wp-content\/uploads\/2024\/03\/Croatia-SGBII_240324-410-768x512.jpg 768w, https:\/\/insideamateurfussball-ffm.de\/wp-content\/uploads\/2024\/03\/Croatia-SGBII_240324-410-1536x1024.jpg 1536w, https:\/\/insideamateurfussball-ffm.de\/wp-content\/uploads\/2024\/03\/Croatia-SGBII_240324-410-2048x1365.jpg 2048w\" sizes=\"auto, (max-width: 1024px) 100vw, 1024px\" \/><\/figure>\n<\/figure>\n\n\n\n<figure class=\"wp-block-gallery has-nested-images columns-default is-cropped wp-block-gallery-19 is-layout-flex wp-block-gallery-is-layout-flex\">\n<figure class=\"wp-block-image size-large is-style-default\"><img loading=\"lazy\" decoding=\"async\" width=\"1024\" height=\"626\" data-id=\"17739\" src=\"http:\/\/insideamateurfussball-ffm.de\/wp-content\/uploads\/2024\/03\/Croatia-SGBII_240324-506-1024x626.jpg\" alt=\"\" class=\"wp-image-17739\" srcset=\"https:\/\/insideamateurfussball-ffm.de\/wp-content\/uploads\/2024\/03\/Croatia-SGBII_240324-506-1024x626.jpg 1024w, https:\/\/insideamateurfussball-ffm.de\/wp-content\/uploads\/2024\/03\/Croatia-SGBII_240324-506-300x183.jpg 300w, https:\/\/insideamateurfussball-ffm.de\/wp-content\/uploads\/2024\/03\/Croatia-SGBII_240324-506-768x469.jpg 768w, https:\/\/insideamateurfussball-ffm.de\/wp-content\/uploads\/2024\/03\/Croatia-SGBII_240324-506-1536x939.jpg 1536w, https:\/\/insideamateurfussball-ffm.de\/wp-content\/uploads\/2024\/03\/Croatia-SGBII_240324-506-2048x1252.jpg 2048w\" sizes=\"auto, (max-width: 1024px) 100vw, 1024px\" \/><\/figure>\n<\/figure>\n\n\n\n<figure class=\"wp-block-gallery has-nested-images columns-default is-cropped wp-block-gallery-20 is-layout-flex wp-block-gallery-is-layout-flex\">\n<figure class=\"wp-block-image size-large is-style-default\"><img loading=\"lazy\" decoding=\"async\" width=\"1024\" height=\"683\" data-id=\"17740\" src=\"http:\/\/insideamateurfussball-ffm.de\/wp-content\/uploads\/2024\/03\/Croatia-SGBII_240324-613-1024x683.jpg\" alt=\"\" class=\"wp-image-17740\" srcset=\"https:\/\/insideamateurfussball-ffm.de\/wp-content\/uploads\/2024\/03\/Croatia-SGBII_240324-613-1024x683.jpg 1024w, https:\/\/insideamateurfussball-ffm.de\/wp-content\/uploads\/2024\/03\/Croatia-SGBII_240324-613-300x200.jpg 300w, https:\/\/insideamateurfussball-ffm.de\/wp-content\/uploads\/2024\/03\/Croatia-SGBII_240324-613-768x512.jpg 768w, https:\/\/insideamateurfussball-ffm.de\/wp-content\/uploads\/2024\/03\/Croatia-SGBII_240324-613-1536x1024.jpg 1536w, https:\/\/insideamateurfussball-ffm.de\/wp-content\/uploads\/2024\/03\/Croatia-SGBII_240324-613-2048x1365.jpg 2048w\" sizes=\"auto, (max-width: 1024px) 100vw, 1024px\" \/><\/figure>\n<\/figure>\n\n\n\n<figure class=\"wp-block-gallery has-nested-images columns-default is-cropped wp-block-gallery-21 is-layout-flex wp-block-gallery-is-layout-flex\">\n<figure class=\"wp-block-image size-large is-style-default\"><img loading=\"lazy\" decoding=\"async\" width=\"1024\" height=\"699\" data-id=\"17741\" src=\"http:\/\/insideamateurfussball-ffm.de\/wp-content\/uploads\/2024\/03\/Croatia-SGBII_240324-679-1024x699.jpg\" alt=\"\" class=\"wp-image-17741\" srcset=\"https:\/\/insideamateurfussball-ffm.de\/wp-content\/uploads\/2024\/03\/Croatia-SGBII_240324-679-1024x699.jpg 1024w, https:\/\/insideamateurfussball-ffm.de\/wp-content\/uploads\/2024\/03\/Croatia-SGBII_240324-679-300x205.jpg 300w, https:\/\/insideamateurfussball-ffm.de\/wp-content\/uploads\/2024\/03\/Croatia-SGBII_240324-679-768x525.jpg 768w, https:\/\/insideamateurfussball-ffm.de\/wp-content\/uploads\/2024\/03\/Croatia-SGBII_240324-679-1536x1049.jpg 1536w, https:\/\/insideamateurfussball-ffm.de\/wp-content\/uploads\/2024\/03\/Croatia-SGBII_240324-679-2048x1399.jpg 2048w\" sizes=\"auto, (max-width: 1024px) 100vw, 1024px\" \/><\/figure>\n<\/figure>\n\n\n\n<figure class=\"wp-block-gallery has-nested-images columns-default is-cropped wp-block-gallery-22 is-layout-flex wp-block-gallery-is-layout-flex\">\n<figure class=\"wp-block-image size-large is-style-default\"><img loading=\"lazy\" decoding=\"async\" width=\"1024\" height=\"683\" data-id=\"17742\" src=\"http:\/\/insideamateurfussball-ffm.de\/wp-content\/uploads\/2024\/03\/Croatia-SGBII_240324-3-1024x683.jpg\" alt=\"\" class=\"wp-image-17742\" srcset=\"https:\/\/insideamateurfussball-ffm.de\/wp-content\/uploads\/2024\/03\/Croatia-SGBII_240324-3-1024x683.jpg 1024w, https:\/\/insideamateurfussball-ffm.de\/wp-content\/uploads\/2024\/03\/Croatia-SGBII_240324-3-300x200.jpg 300w, https:\/\/insideamateurfussball-ffm.de\/wp-content\/uploads\/2024\/03\/Croatia-SGBII_240324-3-768x512.jpg 768w, https:\/\/insideamateurfussball-ffm.de\/wp-content\/uploads\/2024\/03\/Croatia-SGBII_240324-3-1536x1024.jpg 1536w, https:\/\/insideamateurfussball-ffm.de\/wp-content\/uploads\/2024\/03\/Croatia-SGBII_240324-3-2048x1365.jpg 2048w\" sizes=\"auto, (max-width: 1024px) 100vw, 1024px\" \/><\/figure>\n<\/figure>\n\n\n\n<figure class=\"wp-block-gallery has-nested-images columns-default is-cropped wp-block-gallery-23 is-layout-flex wp-block-gallery-is-layout-flex\">\n<figure class=\"wp-block-image size-large is-style-default\"><img loading=\"lazy\" decoding=\"async\" width=\"1024\" height=\"683\" data-id=\"17745\" src=\"http:\/\/insideamateurfussball-ffm.de\/wp-content\/uploads\/2024\/03\/Croatia-SGBII_240324-81-1-1024x683.jpg\" alt=\"\" class=\"wp-image-17745\" srcset=\"https:\/\/insideamateurfussball-ffm.de\/wp-content\/uploads\/2024\/03\/Croatia-SGBII_240324-81-1-1024x683.jpg 1024w, https:\/\/insideamateurfussball-ffm.de\/wp-content\/uploads\/2024\/03\/Croatia-SGBII_240324-81-1-300x200.jpg 300w, https:\/\/insideamateurfussball-ffm.de\/wp-content\/uploads\/2024\/03\/Croatia-SGBII_240324-81-1-768x512.jpg 768w, https:\/\/insideamateurfussball-ffm.de\/wp-content\/uploads\/2024\/03\/Croatia-SGBII_240324-81-1-1536x1024.jpg 1536w, https:\/\/insideamateurfussball-ffm.de\/wp-content\/uploads\/2024\/03\/Croatia-SGBII_240324-81-1-2048x1365.jpg 2048w\" sizes=\"auto, (max-width: 1024px) 100vw, 1024px\" \/><\/figure>\n<\/figure>\n\n\n\n<figure class=\"wp-block-gallery has-nested-images columns-default is-cropped wp-block-gallery-24 is-layout-flex wp-block-gallery-is-layout-flex\">\n<figure class=\"wp-block-image size-large is-style-default\"><img loading=\"lazy\" decoding=\"async\" width=\"1024\" height=\"687\" data-id=\"17746\" src=\"http:\/\/insideamateurfussball-ffm.de\/wp-content\/uploads\/2024\/03\/Croatia-SGBII_240324-143-1024x687.jpg\" alt=\"\" class=\"wp-image-17746\" srcset=\"https:\/\/insideamateurfussball-ffm.de\/wp-content\/uploads\/2024\/03\/Croatia-SGBII_240324-143-1024x687.jpg 1024w, https:\/\/insideamateurfussball-ffm.de\/wp-content\/uploads\/2024\/03\/Croatia-SGBII_240324-143-300x201.jpg 300w, https:\/\/insideamateurfussball-ffm.de\/wp-content\/uploads\/2024\/03\/Croatia-SGBII_240324-143-768x515.jpg 768w, https:\/\/insideamateurfussball-ffm.de\/wp-content\/uploads\/2024\/03\/Croatia-SGBII_240324-143-1536x1031.jpg 1536w, https:\/\/insideamateurfussball-ffm.de\/wp-content\/uploads\/2024\/03\/Croatia-SGBII_240324-143-2048x1374.jpg 2048w\" sizes=\"auto, (max-width: 1024px) 100vw, 1024px\" \/><\/figure>\n<\/figure>\n\n\n\n<figure class=\"wp-block-gallery has-nested-images columns-default is-cropped wp-block-gallery-25 is-layout-flex wp-block-gallery-is-layout-flex\">\n<figure class=\"wp-block-image size-large is-style-default\"><img loading=\"lazy\" decoding=\"async\" width=\"1024\" height=\"683\" data-id=\"17747\" src=\"http:\/\/insideamateurfussball-ffm.de\/wp-content\/uploads\/2024\/03\/Croatia-SGBII_240324-214-1024x683.jpg\" alt=\"\" class=\"wp-image-17747\" srcset=\"https:\/\/insideamateurfussball-ffm.de\/wp-content\/uploads\/2024\/03\/Croatia-SGBII_240324-214-1024x683.jpg 1024w, https:\/\/insideamateurfussball-ffm.de\/wp-content\/uploads\/2024\/03\/Croatia-SGBII_240324-214-300x200.jpg 300w, https:\/\/insideamateurfussball-ffm.de\/wp-content\/uploads\/2024\/03\/Croatia-SGBII_240324-214-768x512.jpg 768w, https:\/\/insideamateurfussball-ffm.de\/wp-content\/uploads\/2024\/03\/Croatia-SGBII_240324-214-1536x1024.jpg 1536w, https:\/\/insideamateurfussball-ffm.de\/wp-content\/uploads\/2024\/03\/Croatia-SGBII_240324-214-2048x1365.jpg 2048w\" sizes=\"auto, (max-width: 1024px) 100vw, 1024px\" \/><\/figure>\n<\/figure>\n\n\n\n<figure class=\"wp-block-gallery has-nested-images columns-default is-cropped wp-block-gallery-26 is-layout-flex wp-block-gallery-is-layout-flex\">\n<figure class=\"wp-block-image size-large is-style-default\"><img loading=\"lazy\" decoding=\"async\" width=\"1024\" height=\"640\" data-id=\"17748\" src=\"http:\/\/insideamateurfussball-ffm.de\/wp-content\/uploads\/2024\/03\/Croatia-SGBII_240324-277-1024x640.jpg\" alt=\"\" class=\"wp-image-17748\" srcset=\"https:\/\/insideamateurfussball-ffm.de\/wp-content\/uploads\/2024\/03\/Croatia-SGBII_240324-277-1024x640.jpg 1024w, https:\/\/insideamateurfussball-ffm.de\/wp-content\/uploads\/2024\/03\/Croatia-SGBII_240324-277-300x188.jpg 300w, https:\/\/insideamateurfussball-ffm.de\/wp-content\/uploads\/2024\/03\/Croatia-SGBII_240324-277-768x480.jpg 768w, https:\/\/insideamateurfussball-ffm.de\/wp-content\/uploads\/2024\/03\/Croatia-SGBII_240324-277-1536x961.jpg 1536w, https:\/\/insideamateurfussball-ffm.de\/wp-content\/uploads\/2024\/03\/Croatia-SGBII_240324-277-2048x1281.jpg 2048w\" sizes=\"auto, (max-width: 1024px) 100vw, 1024px\" \/><\/figure>\n<\/figure>\n\n\n\n<figure class=\"wp-block-gallery has-nested-images columns-default is-cropped wp-block-gallery-27 is-layout-flex wp-block-gallery-is-layout-flex\">\n<figure class=\"wp-block-image size-large is-style-default\"><img loading=\"lazy\" decoding=\"async\" width=\"1024\" height=\"683\" data-id=\"17749\" src=\"http:\/\/insideamateurfussball-ffm.de\/wp-content\/uploads\/2024\/03\/Croatia-SGBII_240324-296-1024x683.jpg\" alt=\"\" class=\"wp-image-17749\" srcset=\"https:\/\/insideamateurfussball-ffm.de\/wp-content\/uploads\/2024\/03\/Croatia-SGBII_240324-296-1024x683.jpg 1024w, https:\/\/insideamateurfussball-ffm.de\/wp-content\/uploads\/2024\/03\/Croatia-SGBII_240324-296-300x200.jpg 300w, https:\/\/insideamateurfussball-ffm.de\/wp-content\/uploads\/2024\/03\/Croatia-SGBII_240324-296-768x512.jpg 768w, https:\/\/insideamateurfussball-ffm.de\/wp-content\/uploads\/2024\/03\/Croatia-SGBII_240324-296-1536x1024.jpg 1536w, https:\/\/insideamateurfussball-ffm.de\/wp-content\/uploads\/2024\/03\/Croatia-SGBII_240324-296-2048x1365.jpg 2048w\" sizes=\"auto, (max-width: 1024px) 100vw, 1024px\" \/><\/figure>\n<\/figure>\n\n\n\n<figure class=\"wp-block-gallery has-nested-images columns-default is-cropped wp-block-gallery-28 is-layout-flex wp-block-gallery-is-layout-flex\">\n<figure class=\"wp-block-image size-large is-style-default\"><img loading=\"lazy\" decoding=\"async\" width=\"1024\" height=\"683\" data-id=\"17750\" src=\"http:\/\/insideamateurfussball-ffm.de\/wp-content\/uploads\/2024\/03\/Croatia-SGBII_240324-321-1024x683.jpg\" alt=\"\" class=\"wp-image-17750\" srcset=\"https:\/\/insideamateurfussball-ffm.de\/wp-content\/uploads\/2024\/03\/Croatia-SGBII_240324-321-1024x683.jpg 1024w, https:\/\/insideamateurfussball-ffm.de\/wp-content\/uploads\/2024\/03\/Croatia-SGBII_240324-321-300x200.jpg 300w, https:\/\/insideamateurfussball-ffm.de\/wp-content\/uploads\/2024\/03\/Croatia-SGBII_240324-321-768x512.jpg 768w, https:\/\/insideamateurfussball-ffm.de\/wp-content\/uploads\/2024\/03\/Croatia-SGBII_240324-321-1536x1024.jpg 1536w, https:\/\/insideamateurfussball-ffm.de\/wp-content\/uploads\/2024\/03\/Croatia-SGBII_240324-321-2048x1365.jpg 2048w\" sizes=\"auto, (max-width: 1024px) 100vw, 1024px\" \/><\/figure>\n<\/figure>\n\n\n\n<figure class=\"wp-block-gallery has-nested-images columns-default is-cropped wp-block-gallery-29 is-layout-flex wp-block-gallery-is-layout-flex\">\n<figure class=\"wp-block-image size-large is-style-default\"><img loading=\"lazy\" decoding=\"async\" width=\"1024\" height=\"683\" data-id=\"17752\" src=\"http:\/\/insideamateurfussball-ffm.de\/wp-content\/uploads\/2024\/03\/Croatia-SGBII_240324-392-1-1024x683.jpg\" alt=\"\" class=\"wp-image-17752\" srcset=\"https:\/\/insideamateurfussball-ffm.de\/wp-content\/uploads\/2024\/03\/Croatia-SGBII_240324-392-1-1024x683.jpg 1024w, https:\/\/insideamateurfussball-ffm.de\/wp-content\/uploads\/2024\/03\/Croatia-SGBII_240324-392-1-300x200.jpg 300w, https:\/\/insideamateurfussball-ffm.de\/wp-content\/uploads\/2024\/03\/Croatia-SGBII_240324-392-1-768x512.jpg 768w, https:\/\/insideamateurfussball-ffm.de\/wp-content\/uploads\/2024\/03\/Croatia-SGBII_240324-392-1-1536x1024.jpg 1536w, https:\/\/insideamateurfussball-ffm.de\/wp-content\/uploads\/2024\/03\/Croatia-SGBII_240324-392-1-2048x1365.jpg 2048w\" sizes=\"auto, (max-width: 1024px) 100vw, 1024px\" \/><\/figure>\n<\/figure>\n\n\n\n<figure class=\"wp-block-gallery has-nested-images columns-default is-cropped wp-block-gallery-30 is-layout-flex wp-block-gallery-is-layout-flex\">\n<figure class=\"wp-block-image size-large is-style-default\"><img loading=\"lazy\" decoding=\"async\" width=\"1024\" height=\"679\" data-id=\"17753\" src=\"http:\/\/insideamateurfussball-ffm.de\/wp-content\/uploads\/2024\/03\/Croatia-SGBII_240324-467-1024x679.jpg\" alt=\"\" class=\"wp-image-17753\" srcset=\"https:\/\/insideamateurfussball-ffm.de\/wp-content\/uploads\/2024\/03\/Croatia-SGBII_240324-467-1024x679.jpg 1024w, https:\/\/insideamateurfussball-ffm.de\/wp-content\/uploads\/2024\/03\/Croatia-SGBII_240324-467-300x199.jpg 300w, https:\/\/insideamateurfussball-ffm.de\/wp-content\/uploads\/2024\/03\/Croatia-SGBII_240324-467-768x509.jpg 768w, https:\/\/insideamateurfussball-ffm.de\/wp-content\/uploads\/2024\/03\/Croatia-SGBII_240324-467-1536x1018.jpg 1536w, https:\/\/insideamateurfussball-ffm.de\/wp-content\/uploads\/2024\/03\/Croatia-SGBII_240324-467-2048x1357.jpg 2048w\" sizes=\"auto, (max-width: 1024px) 100vw, 1024px\" \/><\/figure>\n<\/figure>\n\n\n\n<figure class=\"wp-block-gallery has-nested-images columns-default is-cropped wp-block-gallery-31 is-layout-flex wp-block-gallery-is-layout-flex\">\n<figure class=\"wp-block-image size-large is-style-default\"><img loading=\"lazy\" decoding=\"async\" width=\"1024\" height=\"683\" data-id=\"17754\" src=\"http:\/\/insideamateurfussball-ffm.de\/wp-content\/uploads\/2024\/03\/Croatia-SGBII_240324-568-1024x683.jpg\" alt=\"\" class=\"wp-image-17754\" srcset=\"https:\/\/insideamateurfussball-ffm.de\/wp-content\/uploads\/2024\/03\/Croatia-SGBII_240324-568-1024x683.jpg 1024w, https:\/\/insideamateurfussball-ffm.de\/wp-content\/uploads\/2024\/03\/Croatia-SGBII_240324-568-300x200.jpg 300w, https:\/\/insideamateurfussball-ffm.de\/wp-content\/uploads\/2024\/03\/Croatia-SGBII_240324-568-768x512.jpg 768w, https:\/\/insideamateurfussball-ffm.de\/wp-content\/uploads\/2024\/03\/Croatia-SGBII_240324-568-1536x1024.jpg 1536w, https:\/\/insideamateurfussball-ffm.de\/wp-content\/uploads\/2024\/03\/Croatia-SGBII_240324-568-2048x1365.jpg 2048w\" sizes=\"auto, (max-width: 1024px) 100vw, 1024px\" \/><\/figure>\n<\/figure>\n\n\n\n<figure class=\"wp-block-gallery has-nested-images columns-default is-cropped wp-block-gallery-32 is-layout-flex wp-block-gallery-is-layout-flex\">\n<figure class=\"wp-block-image size-large is-style-default\"><img loading=\"lazy\" decoding=\"async\" width=\"1024\" height=\"683\" data-id=\"17756\" src=\"http:\/\/insideamateurfussball-ffm.de\/wp-content\/uploads\/2024\/03\/Croatia-SGBII_240324-658-1-1024x683.jpg\" alt=\"\" class=\"wp-image-17756\" srcset=\"https:\/\/insideamateurfussball-ffm.de\/wp-content\/uploads\/2024\/03\/Croatia-SGBII_240324-658-1-1024x683.jpg 1024w, https:\/\/insideamateurfussball-ffm.de\/wp-content\/uploads\/2024\/03\/Croatia-SGBII_240324-658-1-300x200.jpg 300w, https:\/\/insideamateurfussball-ffm.de\/wp-content\/uploads\/2024\/03\/Croatia-SGBII_240324-658-1-768x512.jpg 768w, https:\/\/insideamateurfussball-ffm.de\/wp-content\/uploads\/2024\/03\/Croatia-SGBII_240324-658-1-1536x1024.jpg 1536w\" sizes=\"auto, (max-width: 1024px) 100vw, 1024px\" \/><\/figure>\n<\/figure>\n\n\n\n<figure class=\"wp-block-gallery has-nested-images columns-default is-cropped wp-block-gallery-33 is-layout-flex wp-block-gallery-is-layout-flex\">\n<figure class=\"wp-block-image size-large is-style-default\"><img loading=\"lazy\" decoding=\"async\" width=\"1024\" height=\"683\" data-id=\"17758\" src=\"http:\/\/insideamateurfussball-ffm.de\/wp-content\/uploads\/2024\/03\/Croatia-SGBII_240324-708-1024x683.jpg\" alt=\"\" class=\"wp-image-17758\" srcset=\"https:\/\/insideamateurfussball-ffm.de\/wp-content\/uploads\/2024\/03\/Croatia-SGBII_240324-708-1024x683.jpg 1024w, https:\/\/insideamateurfussball-ffm.de\/wp-content\/uploads\/2024\/03\/Croatia-SGBII_240324-708-300x200.jpg 300w, https:\/\/insideamateurfussball-ffm.de\/wp-content\/uploads\/2024\/03\/Croatia-SGBII_240324-708-768x512.jpg 768w, https:\/\/insideamateurfussball-ffm.de\/wp-content\/uploads\/2024\/03\/Croatia-SGBII_240324-708-1536x1024.jpg 1536w, https:\/\/insideamateurfussball-ffm.de\/wp-content\/uploads\/2024\/03\/Croatia-SGBII_240324-708-2048x1365.jpg 2048w\" sizes=\"auto, (max-width: 1024px) 100vw, 1024px\" \/><\/figure>\n<\/figure>\n","protected":false},"excerpt":{"rendered":"<p>Der FC Croatia drehte beim 2:1 (0:1) gegen die SG Bornheim\/Gr\u00fcn-Wei\u00df II das Spiel und bleibt oben dran. Der R\u00fcckstand auf den Relegationsplatz zur Gruppenliga betr\u00e4gt jetzt nur noch drei Punkte. Die Bornheimer Reserve musste zwar drei Spielen ohne Niederlage wieder Punkte lassen, der Vorsprung auf den vorletzten Rang, der in die Relegation mit den [&hellip;]<\/p>\n","protected":false},"author":1,"featured_media":17720,"comment_status":"open","ping_status":"open","sticky":true,"template":"","format":"standard","meta":{"footnotes":""},"categories":[2],"tags":[],"class_list":["post-17719","post","type-post","status-publish","format-standard","has-post-thumbnail","hentry","category-kreisoberliga-frankfurt"],"_links":{"self":[{"href":"https:\/\/insideamateurfussball-ffm.de\/index.php?rest_route=\/wp\/v2\/posts\/17719","targetHints":{"allow":["GET"]}}],"collection":[{"href":"https:\/\/insideamateurfussball-ffm.de\/index.php?rest_route=\/wp\/v2\/posts"}],"about":[{"href":"https:\/\/insideamateurfussball-ffm.de\/index.php?rest_route=\/wp\/v2\/types\/post"}],"author":[{"embeddable":true,"href":"https:\/\/insideamateurfussball-ffm.de\/index.php?rest_route=\/wp\/v2\/users\/1"}],"replies":[{"embeddable":true,"href":"https:\/\/insideamateurfussball-ffm.de\/index.php?rest_route=%2Fwp%2Fv2%2Fcomments&post=17719"}],"version-history":[{"count":2,"href":"https:\/\/insideamateurfussball-ffm.de\/index.php?rest_route=\/wp\/v2\/posts\/17719\/revisions"}],"predecessor-version":[{"id":22537,"href":"https:\/\/insideamateurfussball-ffm.de\/index.php?rest_route=\/wp\/v2\/posts\/17719\/revisions\/22537"}],"wp:featuredmedia":[{"embeddable":true,"href":"https:\/\/insideamateurfussball-ffm.de\/index.php?rest_route=\/wp\/v2\/media\/17720"}],"wp:attachment":[{"href":"https:\/\/insideamateurfussball-ffm.de\/index.php?rest_route=%2Fwp%2Fv2%2Fmedia&parent=17719"}],"wp:term":[{"taxonomy":"category","embeddable":true,"href":"https:\/\/insideamateurfussball-ffm.de\/index.php?rest_route=%2Fwp%2Fv2%2Fcategories&post=17719"},{"taxonomy":"post_tag","embeddable":true,"href":"https:\/\/insideamateurfussball-ffm.de\/index.php?rest_route=%2Fwp%2Fv2%2Ftags&post=17719"}],"curies":[{"name":"wp","href":"https:\/\/api.w.org\/{rel}","templated":true}]}}