{"id":17706,"date":"2024-03-26T20:03:17","date_gmt":"2024-03-26T18:03:17","guid":{"rendered":"http:\/\/insideamateurfussball-ffm.de\/?p=17706"},"modified":"2024-03-26T20:03:17","modified_gmt":"2024-03-26T18:03:17","slug":"makkabi-kassiert-in-roedelheim-spaeten-ausgleich","status":"publish","type":"post","link":"https:\/\/insideamateurfussball-ffm.de\/?p=17706","title":{"rendered":"Makkabi kassiert in R\u00f6delheim sp\u00e4ten Ausgleich"},"content":{"rendered":"<h3>Dem 1. R\u00f6delheimer FC 02 gelang in letzter Minute noch der Ausgleich gegen den TuS Makkabi. Durch das 1:1 (0:0) konnte der Vorletzte den Abstand von f\u00fcnf Punkten zum 13. der Tabelle wahren. Die G\u00e4ste verpassten es derweil, den Vorsprung auf die sich weiter auf dem Relegationsplatz befindenden R\u00f6delheimer auf acht Z\u00e4hler zu vergr\u00f6\u00dfern.<\/h3>\n<figure id=\"attachment_17707\" aria-describedby=\"caption-attachment-17707\" style=\"width: 640px\" class=\"wp-caption alignright\"><img loading=\"lazy\" decoding=\"async\" class=\"wp-image-17707 size-large\" src=\"http:\/\/insideamateurfussball-ffm.de\/wp-content\/uploads\/2024\/03\/Roe-mak-1024x633.jpg\" alt=\"\" width=\"640\" height=\"396\" srcset=\"https:\/\/insideamateurfussball-ffm.de\/wp-content\/uploads\/2024\/03\/Roe-mak-1024x633.jpg 1024w, https:\/\/insideamateurfussball-ffm.de\/wp-content\/uploads\/2024\/03\/Roe-mak-300x185.jpg 300w, https:\/\/insideamateurfussball-ffm.de\/wp-content\/uploads\/2024\/03\/Roe-mak-768x474.jpg 768w, https:\/\/insideamateurfussball-ffm.de\/wp-content\/uploads\/2024\/03\/Roe-mak-1536x949.jpg 1536w, https:\/\/insideamateurfussball-ffm.de\/wp-content\/uploads\/2024\/03\/Roe-mak.jpg 2048w\" sizes=\"auto, (max-width: 640px) 100vw, 640px\" \/><figcaption id=\"caption-attachment-17707\" class=\"wp-caption-text\">Der R\u00f6delheimer Enno Lang (links) im Zweikampf mit dem Makkab\u00e4er Constantin Hellmich. Foto: Dago Reinprecht.\u00a0\u00a0<\/figcaption><\/figure>\n<h3>1. R\u00f6delheimer FC 02 &#8211; TuS Makkabi 1:1 (0:0)<\/h3>\n<p><img loading=\"lazy\" decoding=\"async\" class=\"alignnone size-full wp-image-932\" src=\"http:\/\/insideamateurfussball-ffm.de\/wp-content\/uploads\/2022\/06\/Roedelheim.jpg\" alt=\"\" width=\"80\" height=\"73\" \/><img loading=\"lazy\" decoding=\"async\" class=\"alignnone size-full wp-image-90\" src=\"http:\/\/insideamateurfussball-ffm.de\/wp-content\/uploads\/2022\/05\/makkabi-neu.jpg\" alt=\"\" width=\"80\" height=\"80\" \/><\/p>\n<p>Die nur 25 Unentwegten sahen bei vorgezogenem Aprilwetter ein letztendlich gerechtes Unentschieden zweier gegen den Abstieg k\u00e4mpfenden Mannschaften. In der ersten Halbzeit hatte Makkabi viel mehr vom Spiel, aber au\u00dfer einem Lattentreffer keine weiteren guten Chancen.<\/p>\n<p>Der Club, der sich immer wieder mit langen B\u00e4llen befreite, hatte auch nur zwei Chancen durch Benedikt Herbert, der frei vor dem Torwart der G\u00e4ste Pap Assan Njie scheiterte und einem verungl\u00fcckten R\u00fcckpass der G\u00e4ste, der fast ins eigene Tor ging. Zweite Halbzeit verst\u00e4rkte Makkabi den Druck, schn\u00fcrte den Club in der eigenen H\u00e4lfte ein, doch die vielbeinige Abwehr und der sicher haltende Daniel Gude verhinderten den F\u00fchrungstreffer der G\u00e4ste. Der Club befreite sich in den letzten 20 Minuten und es war ein offenes Spiel. Enno Lang mit einem Flachschuss aus 16 Metern knapp am Tor vorbei, Maximilian R\u00f6mer mit einem Schuss ans Au\u00dfennetz nach einem Eckball und Maurizio Nicolosi mit einem Lattenschuss hatten die besten Gelegenheiten. Als sich schon die wenigen Zuschauer mit dem Unentschieden zufrieden gaben, hatte Aziz Derrou seinen spektakul\u00e4ren Auftritt.<\/p>\n<h3><span style=\"text-decoration: underline;\">Rote Karte gegen Makkabis Robel Seiverth-Tsegai<\/span><\/h3>\n<p>Nach einem langen Ball, einer verungl\u00fcckten Kopfballabwehr donnerte er den Ball volley aus 20 Metern unhaltbar in den Winkel (85.). Doch der Club gab nicht auf, warf alles nach vorne und wurde durch den Ausgleich durch Paskal Marinic belohnt (90.+2). Robel Seiverth-Tsegai von Makkabi beschwerte sich beim Schiri so intensiv, dass es doch Abseits gewesen w\u00e4re, dass er mit Rot vom Platz gestellt wurde. &#8222;Wir haben nach dem sp\u00e4ten R\u00fcckstand nicht aufgegeben und mit toller Moral noch den Ausgleich geschafft. Das l\u00e4sst mich trotz der schwierigen Situation positiv in die Zukunft blicken&#8220;, lautete das Fazit von RFC-Pressesprecher Volker Flauaus. Lasse Krakow aus dem Makkabi-Trainerteam hatte &#8222;ein bitteres 1:1&#8220; gesehen. &#8222;Wenn du bis zur 90.+2 1:0 f\u00fchrst und dann ein klares Abseitstor kassierst, dann ist das bitter. Der Schiedsrichter stand vom Tor 70 Meter entfernt beim Freisto\u00df der R\u00f6delheimer in der eigenen H\u00e4lfte. So konnte er die Abseitsposition nach der Kopfballverl\u00e4ngerung nicht sehen. Unglaublich, dass der Schiri nicht auf der H\u00f6he stand. Er kann ja Fehler machen, aber muss auf Ballh\u00f6he sein.&#8220;<\/p>\n<p>Zum Spiel: &#8222;Kein gutes KOL-Spiel, wir hatten 70 % Ballbesitz und waren klar die \u00fcberlegene Mannschaft. R\u00f6delheim kam nur \u00fcber Standards oder Konter. Im Endeffekt war es leider ein gerechtes Unentschieden. Wir haben kein gutes Spiel gemacht, hatten zwar ein Chancenplus. Am Ende ist der Punkt eigentlich in Ordnung, aber der sp\u00e4te Ausgleich ist unglaublich bitter. Der Gegner stand mit zehn Mann hinten drin und wollte nicht am Spiel teilnehmen.&#8220; Nach der Osterpause geht es f\u00fcr R\u00f6delheim zur davor platzierten und vier Punkte besser dastehenden Concordia Eschersheim (15 Uhr). Zeitgleich ist Makkabi beim Tabellenzweiten Viktoria Preu\u00dfen zu Gast.<\/p>\n<h3><span style=\"text-decoration: underline;\">Schiedsrichter: Falko Peckelsen (1. FC-TSG K\u00f6nigstein). Zuschauer: 25. <\/span><\/h3>\n<h3><span style=\"text-decoration: underline;\">Tore: 0:1 Aziz Derrou (85.), 1:1 Paskal Marinic (90.\/+2).<\/span><\/h3>\n","protected":false},"excerpt":{"rendered":"<p>Dem 1. R\u00f6delheimer FC 02 gelang in letzter Minute noch der Ausgleich gegen den TuS Makkabi. Durch das 1:1 (0:0) konnte der Vorletzte den Abstand von f\u00fcnf Punkten zum 13. der Tabelle wahren. Die G\u00e4ste verpassten es derweil, den Vorsprung auf die sich weiter auf dem Relegationsplatz befindenden R\u00f6delheimer auf acht Z\u00e4hler zu vergr\u00f6\u00dfern. 1. [&hellip;]<\/p>\n","protected":false},"author":1,"featured_media":17707,"comment_status":"open","ping_status":"open","sticky":true,"template":"","format":"standard","meta":{"footnotes":""},"categories":[2],"tags":[],"class_list":["post-17706","post","type-post","status-publish","format-standard","has-post-thumbnail","hentry","category-kreisoberliga-frankfurt"],"_links":{"self":[{"href":"https:\/\/insideamateurfussball-ffm.de\/index.php?rest_route=\/wp\/v2\/posts\/17706","targetHints":{"allow":["GET"]}}],"collection":[{"href":"https:\/\/insideamateurfussball-ffm.de\/index.php?rest_route=\/wp\/v2\/posts"}],"about":[{"href":"https:\/\/insideamateurfussball-ffm.de\/index.php?rest_route=\/wp\/v2\/types\/post"}],"author":[{"embeddable":true,"href":"https:\/\/insideamateurfussball-ffm.de\/index.php?rest_route=\/wp\/v2\/users\/1"}],"replies":[{"embeddable":true,"href":"https:\/\/insideamateurfussball-ffm.de\/index.php?rest_route=%2Fwp%2Fv2%2Fcomments&post=17706"}],"version-history":[{"count":1,"href":"https:\/\/insideamateurfussball-ffm.de\/index.php?rest_route=\/wp\/v2\/posts\/17706\/revisions"}],"predecessor-version":[{"id":17708,"href":"https:\/\/insideamateurfussball-ffm.de\/index.php?rest_route=\/wp\/v2\/posts\/17706\/revisions\/17708"}],"wp:featuredmedia":[{"embeddable":true,"href":"https:\/\/insideamateurfussball-ffm.de\/index.php?rest_route=\/wp\/v2\/media\/17707"}],"wp:attachment":[{"href":"https:\/\/insideamateurfussball-ffm.de\/index.php?rest_route=%2Fwp%2Fv2%2Fmedia&parent=17706"}],"wp:term":[{"taxonomy":"category","embeddable":true,"href":"https:\/\/insideamateurfussball-ffm.de\/index.php?rest_route=%2Fwp%2Fv2%2Fcategories&post=17706"},{"taxonomy":"post_tag","embeddable":true,"href":"https:\/\/insideamateurfussball-ffm.de\/index.php?rest_route=%2Fwp%2Fv2%2Ftags&post=17706"}],"curies":[{"name":"wp","href":"https:\/\/api.w.org\/{rel}","templated":true}]}}