{"id":17598,"date":"2024-03-25T23:10:48","date_gmt":"2024-03-25T21:10:48","guid":{"rendered":"http:\/\/insideamateurfussball-ffm.de\/?p=17598"},"modified":"2024-03-25T23:10:48","modified_gmt":"2024-03-25T21:10:48","slug":"heddernheim-kann-ueberzahl-nicht-nutzen","status":"publish","type":"post","link":"https:\/\/insideamateurfussball-ffm.de\/?p=17598","title":{"rendered":"Heddernheim kann \u00dcberzahl nicht nutzen"},"content":{"rendered":"<h3>Leistungsgerecht trennten sich die Spvgg. 02 Griesheim und der SV 07 Heddernheim bei vorgezogenem Aprilwetter mit 2:2 (1:1). In der ereignisreichen Partie konnten die G\u00e4ste nach zweimaligem R\u00fcckstand jeweils ausgleichen, verpassten aber in \u00dcberzahl in der letzten Viertelstunde den m\u00f6glichen Siegtreffer.\u00a0<\/h3>\n<figure id=\"attachment_17599\" aria-describedby=\"caption-attachment-17599\" style=\"width: 640px\" class=\"wp-caption alignright\"><img loading=\"lazy\" decoding=\"async\" class=\"wp-image-17599 size-large\" src=\"http:\/\/insideamateurfussball-ffm.de\/wp-content\/uploads\/2024\/03\/capt-1024x577.jpg\" alt=\"\" width=\"640\" height=\"361\" srcset=\"https:\/\/insideamateurfussball-ffm.de\/wp-content\/uploads\/2024\/03\/capt-1024x577.jpg 1024w, https:\/\/insideamateurfussball-ffm.de\/wp-content\/uploads\/2024\/03\/capt-300x169.jpg 300w, https:\/\/insideamateurfussball-ffm.de\/wp-content\/uploads\/2024\/03\/capt-768x432.jpg 768w, https:\/\/insideamateurfussball-ffm.de\/wp-content\/uploads\/2024\/03\/capt-1536x865.jpg 1536w, https:\/\/insideamateurfussball-ffm.de\/wp-content\/uploads\/2024\/03\/capt.jpg 2048w\" sizes=\"auto, (max-width: 640px) 100vw, 640px\" \/><figcaption id=\"caption-attachment-17599\" class=\"wp-caption-text\">Die Kapit\u00e4ne Philipp Siegel (links) und Ante Peko begr\u00fc\u00dfen sich vor dem Anpfiff. Foto: PA.\u00a0\u00a0<\/figcaption><\/figure>\n<h3>Spvgg. 02 Griesheim &#8211; SV 07 Heddernheim 2:2 (1:1)<\/h3>\n<p><img loading=\"lazy\" decoding=\"async\" class=\"alignnone size-full wp-image-287\" src=\"http:\/\/insideamateurfussball-ffm.de\/wp-content\/uploads\/2022\/05\/SpVgg._02_Griesheim_02.jpg\" alt=\"\" width=\"100\" height=\"100\" \/><img loading=\"lazy\" decoding=\"async\" class=\"alignnone size-full wp-image-302\" src=\"http:\/\/insideamateurfussball-ffm.de\/wp-content\/uploads\/2022\/05\/1sv07_news2_4511-1.jpg\" alt=\"\" width=\"80\" height=\"80\" \/><\/p>\n<p>Hagel, Regen, Regenbogen, Sonne, Wind &#8211; allerlei Wetterph\u00e4nomene im Wechsel begleiteten nicht nur diese Partie, sondern alle Begegnungen an diesem wechselhaften Sonntag auf den Frankfurter Sportpl\u00e4tzen. Die G\u00e4ste starteten mit schnellen Kontern in die intensive Partie auf einem sehr rutschigen Kunstrasen. Yassir Achati hatte sich dynamisch durchgesetzt und hatte schon freie Bahn auf das Griesheimer Tor, zog es aber vor, nach links auf Oliver Solarz zu geben. Der St\u00fcrmer schoss am Tor vorbei (2.). Auf der Gegenseite hatte Spielmacher Amar Koljenovic die erste gute Chance der Griesheimer, zog aber knapp am Tor vorbei (5.). Kurz darauf landete eine Flanke von Awet Tekle Hagos am Pfosten des Heddernheimer Tores (10.). Der zum St\u00fcrmer umfunktionierte Michael Ofosu pr\u00fcfte dann SVH-Torh\u00fcter Marc Tomczyk, ehe sich die meisten der nur 67 Zuschauer angesichts tempor\u00e4rer heftiger Regeng\u00fcsse unter die sp\u00e4rlichen \u00dcberdachungen stellten.<\/p>\n<p>Kurz vor der Pause gelang Griesheims Enver Kelmendi aus dem Gew\u00fchl heraus die F\u00fchrung der Gastgeber (40.). Nach einem fulminanten Schuss von Solarz parierte der neue japanische Torh\u00fcter Mizuki Yamaki super, aber der Ball flog etwas durch die Luft. SVH-Torj\u00e4ger Marcus Kreckel reagierte schnell und bugsierte das Leder zum Ausgleich \u00fcber die Linie (44.). Im Gegenzug k\u00f6pfte Ofosu freistehend \u00fcber den Kasten. Nach dem Seitenwechsel f\u00fchrte ein Ballverlust der G\u00e4ste zur zweiten Griesheimer F\u00fchrung. Koljenovic nahm den Ball gekonnt an und traf sehenswert ins lange Eck (48.). Heddernheim antwortete mit einem Freisto\u00dftreffer von Philipp Siegel, der von der Unterkante der Latte ins Tor ging (55.). Kurz darauf verweigerte der Schiedsrichter Solarz die Anerkennung eines Tores wegen einer Abseitsposition (57.). Griesheims Trainer Erc\u00fcment Sahin versuchte nun mit drei Spielerwechseln f\u00fcr neuen Schwung zu sorgen. Durch sein lautstarkes Coaching teilweise auch in englischer oder japanischer Sprache begleitete er die Partie fast immer auf Ballh\u00f6he. In der 74. Minute gab es eine kuriose Situation. Solarz kam im Strafraum zu Fall, der Schiedsrichter hatte auf Abseits entschieden, wurde aber von den G\u00e4sten auf den letzten Mann auf der Torlinie hingewiesen. Da der Unparteiische seine Entscheidung nicht revidieren konnte, gab er Schiedsrichterball und die Griesheimer spielten das Leder fair dem Gegner zur\u00fcck.<\/p>\n<h3><span style=\"text-decoration: underline;\">Brnas vergibt Riesenchance<\/span><\/h3>\n<p>Koljenovic, der als Spielmacher das Griesheimer Spiel lenkte, lie\u00df sich nach einem Foulspiel an ihm provozieren und wurde wegen unsportlichen Verhaltens mit der Roten Karte vom Platz gestellt (76.). Trotz Unterzahl hielt Griesheim das Spiel offen, weil Heddernheim nicht volles Risiko gehen wollte. Allerdings vergab Luka Filip Brnas noch eine Riesenchance, sein Abschluss war aber zu schwach. In den letzten Minuten und in der Nachspielzeit segelten aber noch einige Eckb\u00e4lle und Freist\u00f6\u00dfe in den Heddernheimer Strafraum, doch es blieb letztlich beim 2:2, der beiden Teams den Klassenerhalt wieder ein St\u00fcck n\u00e4her bringt. Trainer Sahin beorderte nach dem Abpfiff seinen Kapit\u00e4n Ante Peko zum Interview, &#8222;denn ich m\u00f6chte meine Spieler mit einbeziehen&#8220;, wie Sahin darlegte. Peko bewertete das 2:2 als &#8222;leistungsgerecht. Die erste Halbzeit war das von beiden Mannschaften kein gutes Spiel. Nach dem Seitenwechsel haben wir uns gesteigert, es ging hin und her. Am Ende des Tages geht das 2:2 vollkommen in Ordnung, wir haben uns die Dinger aber durch einen technischen Fehler vor dem ersten Gegentor und einen unn\u00f6tig verursachten Freisto\u00df selbst rein gehauen haben. Am Ende war der Lucky Punch f\u00fcr beide m\u00f6glich.&#8220; Zum Platzverweis gegen Koljenovic sagte der Griesheimer Kapit\u00e4n: &#8222;Wenn die Schiedsrichter so auftreten, kann man an jedem Spieltag gef\u00fchlt drei Rote Karten verteilen. Ich denke, eine Zeitstrafe h\u00e4tte es auch sein k\u00f6nnen, wir m\u00fcssen aber die Entscheidung akzeptieren und schauen wie lange Amar ausf\u00e4llt.&#8220;<\/p>\n<p>Durch den Trainerwechsel sei &#8222;frischer Wind rein gekommen. Durch die Mentalit\u00e4t ziehen wir an einem Strang und so werden wir unser Saisonziel Klassenerhalt erreichen&#8220;, meinte Peko. G\u00e4stecoach Andreas Berggold betonte, es sei f\u00fcr beide Teams schwer gewesen bei diesen Wetterbedingungen Fu\u00dfball zu spielen. Der Platz war sehr glatt, viele sind ausgerutscht. Aufgrund der zweiten Halbzeit m\u00fcssen wir hier als Sieger vom Platz gehen. Die erste Halbzeit war relativ ausgeglichen. Ein bl\u00f6des Tor haben wir kassiert und dann postwendend das 1:1 gemacht. Ich denke, das war sehr wichtig. Die Rote Karte hat man erstmal nicht gemerkt, wir hatten aber die besseren Chancen und m\u00fcssen hier als Sieger vom Platz gehen. Griesheim war nur bei Standards gef\u00e4hrlich.&#8220; Mit 36 Punkten steht der SV 07 weiter auf Rang acht, der seit Monaten abonniert ist. &#8222;Unser Ziel ist den Platz bis Saisonende zu halten. Wir wollen die gute Saison weiter fortf\u00fchren.&#8220; Nach der Osterpause erwartet die Spvgg. 02 Griesheim die G\u00e4ste von Union Niederrad. Heddernheim hat dann Germania 94 zu Gast. &#8222;Das ist eine neue Chance, sich gegen eine Mannschaft aus dem oberen Drittel zu beweisen und vielleicht als Sieger vom Platz zu gehen. Germania 94 hat aber eine gewisse Klasse, das hat man schon beim 2:2 im Hinspiel gesehen. Diese starke Mannschaft wird uns alles abverlangen.&#8220;<\/p>\n<h3><span style=\"text-decoration: underline;\">Schiedsrichter: Christian Rau (Oestrich-Winkel). Zuschauer: 67. <\/span><\/h3>\n<h3><span style=\"text-decoration: underline;\">Tore: 1:0 Enver Kelmendi (40.), 1:1 Marcus Kreckel (44.), 2:1 Amar Koljenovic (48.), 2:2 Philipp Siegel (55.). <\/span><\/h3>\n<h3><span style=\"text-decoration: underline;\">Bildergalerie:<\/span>\u00a0 \u00a0 \u00a0 \u00a0 \u00a0<\/h3>\n\n\n<figure class=\"wp-block-gallery has-nested-images columns-default is-cropped wp-block-gallery-1 is-layout-flex wp-block-gallery-is-layout-flex\">\n<figure class=\"wp-block-image size-large is-style-default\"><img loading=\"lazy\" decoding=\"async\" width=\"1024\" height=\"577\" data-id=\"17600\" src=\"http:\/\/insideamateurfussball-ffm.de\/wp-content\/uploads\/2024\/03\/Gri-hed1-1024x577.jpg\" alt=\"\" class=\"wp-image-17600\" srcset=\"https:\/\/insideamateurfussball-ffm.de\/wp-content\/uploads\/2024\/03\/Gri-hed1-1024x577.jpg 1024w, https:\/\/insideamateurfussball-ffm.de\/wp-content\/uploads\/2024\/03\/Gri-hed1-300x169.jpg 300w, https:\/\/insideamateurfussball-ffm.de\/wp-content\/uploads\/2024\/03\/Gri-hed1-768x432.jpg 768w, https:\/\/insideamateurfussball-ffm.de\/wp-content\/uploads\/2024\/03\/Gri-hed1-1536x865.jpg 1536w, https:\/\/insideamateurfussball-ffm.de\/wp-content\/uploads\/2024\/03\/Gri-hed1.jpg 2048w\" sizes=\"auto, (max-width: 1024px) 100vw, 1024px\" \/><\/figure>\n<\/figure>\n\n\n\n<figure class=\"wp-block-gallery has-nested-images columns-default is-cropped wp-block-gallery-2 is-layout-flex wp-block-gallery-is-layout-flex\">\n<figure class=\"wp-block-image size-large is-style-default\"><img loading=\"lazy\" decoding=\"async\" width=\"1024\" height=\"577\" data-id=\"17601\" src=\"http:\/\/insideamateurfussball-ffm.de\/wp-content\/uploads\/2024\/03\/gri-hed2-1024x577.jpg\" alt=\"\" class=\"wp-image-17601\" srcset=\"https:\/\/insideamateurfussball-ffm.de\/wp-content\/uploads\/2024\/03\/gri-hed2-1024x577.jpg 1024w, https:\/\/insideamateurfussball-ffm.de\/wp-content\/uploads\/2024\/03\/gri-hed2-300x169.jpg 300w, https:\/\/insideamateurfussball-ffm.de\/wp-content\/uploads\/2024\/03\/gri-hed2-768x432.jpg 768w, https:\/\/insideamateurfussball-ffm.de\/wp-content\/uploads\/2024\/03\/gri-hed2-1536x865.jpg 1536w, https:\/\/insideamateurfussball-ffm.de\/wp-content\/uploads\/2024\/03\/gri-hed2.jpg 2048w\" sizes=\"auto, (max-width: 1024px) 100vw, 1024px\" \/><\/figure>\n<\/figure>\n\n\n\n<figure class=\"wp-block-gallery has-nested-images columns-default is-cropped wp-block-gallery-3 is-layout-flex wp-block-gallery-is-layout-flex\">\n<figure class=\"wp-block-image size-large is-style-default\"><img loading=\"lazy\" decoding=\"async\" width=\"1024\" height=\"577\" data-id=\"17602\" src=\"http:\/\/insideamateurfussball-ffm.de\/wp-content\/uploads\/2024\/03\/gri-hed3-1024x577.jpg\" alt=\"\" class=\"wp-image-17602\" srcset=\"https:\/\/insideamateurfussball-ffm.de\/wp-content\/uploads\/2024\/03\/gri-hed3-1024x577.jpg 1024w, https:\/\/insideamateurfussball-ffm.de\/wp-content\/uploads\/2024\/03\/gri-hed3-300x169.jpg 300w, https:\/\/insideamateurfussball-ffm.de\/wp-content\/uploads\/2024\/03\/gri-hed3-768x432.jpg 768w, https:\/\/insideamateurfussball-ffm.de\/wp-content\/uploads\/2024\/03\/gri-hed3-1536x865.jpg 1536w, https:\/\/insideamateurfussball-ffm.de\/wp-content\/uploads\/2024\/03\/gri-hed3.jpg 2048w\" sizes=\"auto, (max-width: 1024px) 100vw, 1024px\" \/><\/figure>\n<\/figure>\n\n\n\n<figure class=\"wp-block-gallery has-nested-images columns-default is-cropped wp-block-gallery-4 is-layout-flex wp-block-gallery-is-layout-flex\">\n<figure class=\"wp-block-image size-large is-style-default\"><img loading=\"lazy\" decoding=\"async\" width=\"1024\" height=\"577\" data-id=\"17603\" src=\"http:\/\/insideamateurfussball-ffm.de\/wp-content\/uploads\/2024\/03\/gri-hed4-1024x577.jpg\" alt=\"\" class=\"wp-image-17603\" srcset=\"https:\/\/insideamateurfussball-ffm.de\/wp-content\/uploads\/2024\/03\/gri-hed4-1024x577.jpg 1024w, https:\/\/insideamateurfussball-ffm.de\/wp-content\/uploads\/2024\/03\/gri-hed4-300x169.jpg 300w, https:\/\/insideamateurfussball-ffm.de\/wp-content\/uploads\/2024\/03\/gri-hed4-768x432.jpg 768w, https:\/\/insideamateurfussball-ffm.de\/wp-content\/uploads\/2024\/03\/gri-hed4-1536x865.jpg 1536w, https:\/\/insideamateurfussball-ffm.de\/wp-content\/uploads\/2024\/03\/gri-hed4.jpg 2048w\" sizes=\"auto, (max-width: 1024px) 100vw, 1024px\" \/><\/figure>\n<\/figure>\n\n\n\n<figure class=\"wp-block-gallery has-nested-images columns-default is-cropped wp-block-gallery-5 is-layout-flex wp-block-gallery-is-layout-flex\">\n<figure class=\"wp-block-image size-large is-style-default\"><img loading=\"lazy\" decoding=\"async\" width=\"1024\" height=\"577\" data-id=\"17604\" src=\"http:\/\/insideamateurfussball-ffm.de\/wp-content\/uploads\/2024\/03\/gri-hed5-1024x577.jpg\" alt=\"\" class=\"wp-image-17604\" srcset=\"https:\/\/insideamateurfussball-ffm.de\/wp-content\/uploads\/2024\/03\/gri-hed5-1024x577.jpg 1024w, https:\/\/insideamateurfussball-ffm.de\/wp-content\/uploads\/2024\/03\/gri-hed5-300x169.jpg 300w, https:\/\/insideamateurfussball-ffm.de\/wp-content\/uploads\/2024\/03\/gri-hed5-768x432.jpg 768w, https:\/\/insideamateurfussball-ffm.de\/wp-content\/uploads\/2024\/03\/gri-hed5-1536x865.jpg 1536w, https:\/\/insideamateurfussball-ffm.de\/wp-content\/uploads\/2024\/03\/gri-hed5.jpg 2048w\" sizes=\"auto, (max-width: 1024px) 100vw, 1024px\" \/><\/figure>\n<\/figure>\n\n\n\n<figure class=\"wp-block-gallery has-nested-images columns-default is-cropped wp-block-gallery-6 is-layout-flex wp-block-gallery-is-layout-flex\">\n<figure class=\"wp-block-image size-large is-style-default\"><img loading=\"lazy\" decoding=\"async\" width=\"1024\" height=\"577\" data-id=\"17605\" src=\"http:\/\/insideamateurfussball-ffm.de\/wp-content\/uploads\/2024\/03\/gri-hed6-1024x577.jpg\" alt=\"\" class=\"wp-image-17605\" srcset=\"https:\/\/insideamateurfussball-ffm.de\/wp-content\/uploads\/2024\/03\/gri-hed6-1024x577.jpg 1024w, https:\/\/insideamateurfussball-ffm.de\/wp-content\/uploads\/2024\/03\/gri-hed6-300x169.jpg 300w, https:\/\/insideamateurfussball-ffm.de\/wp-content\/uploads\/2024\/03\/gri-hed6-768x432.jpg 768w, https:\/\/insideamateurfussball-ffm.de\/wp-content\/uploads\/2024\/03\/gri-hed6-1536x865.jpg 1536w, https:\/\/insideamateurfussball-ffm.de\/wp-content\/uploads\/2024\/03\/gri-hed6.jpg 2048w\" sizes=\"auto, (max-width: 1024px) 100vw, 1024px\" \/><\/figure>\n<\/figure>\n\n\n\n<figure class=\"wp-block-gallery has-nested-images columns-default is-cropped wp-block-gallery-7 is-layout-flex wp-block-gallery-is-layout-flex\">\n<figure class=\"wp-block-image size-large is-style-default\"><img loading=\"lazy\" decoding=\"async\" width=\"1024\" height=\"577\" data-id=\"17606\" src=\"http:\/\/insideamateurfussball-ffm.de\/wp-content\/uploads\/2024\/03\/gri-hed7-1024x577.jpg\" alt=\"\" class=\"wp-image-17606\" srcset=\"https:\/\/insideamateurfussball-ffm.de\/wp-content\/uploads\/2024\/03\/gri-hed7-1024x577.jpg 1024w, https:\/\/insideamateurfussball-ffm.de\/wp-content\/uploads\/2024\/03\/gri-hed7-300x169.jpg 300w, https:\/\/insideamateurfussball-ffm.de\/wp-content\/uploads\/2024\/03\/gri-hed7-768x432.jpg 768w, https:\/\/insideamateurfussball-ffm.de\/wp-content\/uploads\/2024\/03\/gri-hed7-1536x865.jpg 1536w, https:\/\/insideamateurfussball-ffm.de\/wp-content\/uploads\/2024\/03\/gri-hed7.jpg 2048w\" sizes=\"auto, (max-width: 1024px) 100vw, 1024px\" \/><\/figure>\n<\/figure>\n\n\n\n<figure class=\"wp-block-gallery has-nested-images columns-default is-cropped wp-block-gallery-8 is-layout-flex wp-block-gallery-is-layout-flex\">\n<figure class=\"wp-block-image size-large is-style-default\"><img loading=\"lazy\" decoding=\"async\" width=\"1024\" height=\"577\" data-id=\"17607\" src=\"http:\/\/insideamateurfussball-ffm.de\/wp-content\/uploads\/2024\/03\/gri-hed8-1024x577.jpg\" alt=\"\" class=\"wp-image-17607\" srcset=\"https:\/\/insideamateurfussball-ffm.de\/wp-content\/uploads\/2024\/03\/gri-hed8-1024x577.jpg 1024w, https:\/\/insideamateurfussball-ffm.de\/wp-content\/uploads\/2024\/03\/gri-hed8-300x169.jpg 300w, https:\/\/insideamateurfussball-ffm.de\/wp-content\/uploads\/2024\/03\/gri-hed8-768x432.jpg 768w, https:\/\/insideamateurfussball-ffm.de\/wp-content\/uploads\/2024\/03\/gri-hed8-1536x865.jpg 1536w, https:\/\/insideamateurfussball-ffm.de\/wp-content\/uploads\/2024\/03\/gri-hed8.jpg 2048w\" sizes=\"auto, (max-width: 1024px) 100vw, 1024px\" \/><\/figure>\n<\/figure>\n\n\n\n<figure class=\"wp-block-gallery has-nested-images columns-default is-cropped wp-block-gallery-9 is-layout-flex wp-block-gallery-is-layout-flex\">\n<figure class=\"wp-block-image size-large is-style-default\"><img loading=\"lazy\" decoding=\"async\" width=\"1024\" height=\"577\" data-id=\"17608\" src=\"http:\/\/insideamateurfussball-ffm.de\/wp-content\/uploads\/2024\/03\/gri-hed9-1024x577.jpg\" alt=\"\" class=\"wp-image-17608\" srcset=\"https:\/\/insideamateurfussball-ffm.de\/wp-content\/uploads\/2024\/03\/gri-hed9-1024x577.jpg 1024w, https:\/\/insideamateurfussball-ffm.de\/wp-content\/uploads\/2024\/03\/gri-hed9-300x169.jpg 300w, https:\/\/insideamateurfussball-ffm.de\/wp-content\/uploads\/2024\/03\/gri-hed9-768x432.jpg 768w, https:\/\/insideamateurfussball-ffm.de\/wp-content\/uploads\/2024\/03\/gri-hed9-1536x865.jpg 1536w, https:\/\/insideamateurfussball-ffm.de\/wp-content\/uploads\/2024\/03\/gri-hed9.jpg 2048w\" sizes=\"auto, (max-width: 1024px) 100vw, 1024px\" \/><\/figure>\n<\/figure>\n\n\n\n<figure class=\"wp-block-gallery has-nested-images columns-default is-cropped wp-block-gallery-10 is-layout-flex wp-block-gallery-is-layout-flex\">\n<figure class=\"wp-block-image size-large is-style-default\"><img loading=\"lazy\" decoding=\"async\" width=\"1024\" height=\"577\" data-id=\"17609\" src=\"http:\/\/insideamateurfussball-ffm.de\/wp-content\/uploads\/2024\/03\/gri-hed10-1024x577.jpg\" alt=\"\" class=\"wp-image-17609\" srcset=\"https:\/\/insideamateurfussball-ffm.de\/wp-content\/uploads\/2024\/03\/gri-hed10-1024x577.jpg 1024w, https:\/\/insideamateurfussball-ffm.de\/wp-content\/uploads\/2024\/03\/gri-hed10-300x169.jpg 300w, https:\/\/insideamateurfussball-ffm.de\/wp-content\/uploads\/2024\/03\/gri-hed10-768x432.jpg 768w, https:\/\/insideamateurfussball-ffm.de\/wp-content\/uploads\/2024\/03\/gri-hed10-1536x865.jpg 1536w, https:\/\/insideamateurfussball-ffm.de\/wp-content\/uploads\/2024\/03\/gri-hed10.jpg 2048w\" sizes=\"auto, (max-width: 1024px) 100vw, 1024px\" \/><\/figure>\n<\/figure>\n","protected":false},"excerpt":{"rendered":"<p>Leistungsgerecht trennten sich die Spvgg. 02 Griesheim und der SV 07 Heddernheim bei vorgezogenem Aprilwetter mit 2:2 (1:1). In der ereignisreichen Partie konnten die G\u00e4ste nach zweimaligem R\u00fcckstand jeweils ausgleichen, verpassten aber in \u00dcberzahl in der letzten Viertelstunde den m\u00f6glichen Siegtreffer.\u00a0 Spvgg. 02 Griesheim &#8211; SV 07 Heddernheim 2:2 (1:1) Hagel, Regen, Regenbogen, Sonne, Wind [&hellip;]<\/p>\n","protected":false},"author":1,"featured_media":17599,"comment_status":"open","ping_status":"open","sticky":true,"template":"","format":"standard","meta":{"footnotes":""},"categories":[2],"tags":[],"class_list":["post-17598","post","type-post","status-publish","format-standard","has-post-thumbnail","hentry","category-kreisoberliga-frankfurt"],"_links":{"self":[{"href":"https:\/\/insideamateurfussball-ffm.de\/index.php?rest_route=\/wp\/v2\/posts\/17598","targetHints":{"allow":["GET"]}}],"collection":[{"href":"https:\/\/insideamateurfussball-ffm.de\/index.php?rest_route=\/wp\/v2\/posts"}],"about":[{"href":"https:\/\/insideamateurfussball-ffm.de\/index.php?rest_route=\/wp\/v2\/types\/post"}],"author":[{"embeddable":true,"href":"https:\/\/insideamateurfussball-ffm.de\/index.php?rest_route=\/wp\/v2\/users\/1"}],"replies":[{"embeddable":true,"href":"https:\/\/insideamateurfussball-ffm.de\/index.php?rest_route=%2Fwp%2Fv2%2Fcomments&post=17598"}],"version-history":[{"count":1,"href":"https:\/\/insideamateurfussball-ffm.de\/index.php?rest_route=\/wp\/v2\/posts\/17598\/revisions"}],"predecessor-version":[{"id":17610,"href":"https:\/\/insideamateurfussball-ffm.de\/index.php?rest_route=\/wp\/v2\/posts\/17598\/revisions\/17610"}],"wp:featuredmedia":[{"embeddable":true,"href":"https:\/\/insideamateurfussball-ffm.de\/index.php?rest_route=\/wp\/v2\/media\/17599"}],"wp:attachment":[{"href":"https:\/\/insideamateurfussball-ffm.de\/index.php?rest_route=%2Fwp%2Fv2%2Fmedia&parent=17598"}],"wp:term":[{"taxonomy":"category","embeddable":true,"href":"https:\/\/insideamateurfussball-ffm.de\/index.php?rest_route=%2Fwp%2Fv2%2Fcategories&post=17598"},{"taxonomy":"post_tag","embeddable":true,"href":"https:\/\/insideamateurfussball-ffm.de\/index.php?rest_route=%2Fwp%2Fv2%2Ftags&post=17598"}],"curies":[{"name":"wp","href":"https:\/\/api.w.org\/{rel}","templated":true}]}}