{"id":1756,"date":"2022-07-28T17:25:06","date_gmt":"2022-07-28T17:25:06","guid":{"rendered":"http:\/\/insideamateurfussball-ffm.de\/?p=1756"},"modified":"2025-01-07T15:14:59","modified_gmt":"2025-01-07T14:14:59","slug":"bsc-19-und-naziri-gehen-getrennte-wege","status":"publish","type":"post","link":"https:\/\/insideamateurfussball-ffm.de\/?p=1756","title":{"rendered":"BSC 19 und Naziri gehen getrennte Wege"},"content":{"rendered":"<h4>Kurz vor dem Saisonstart haben sich der BSC Schwarz-Wei\u00df 19, Meisterschaftsanw\u00e4rter in der Kreisliga A Frankfurt (Gruppe 1) und Trainer Parwes Naziri auf eine Beendigung der Zusamenarbeit verst\u00e4ndigt.<\/h4>\n<figure id=\"attachment_1759\" aria-describedby=\"caption-attachment-1759\" style=\"width: 289px\" class=\"wp-caption alignnone\"><img loading=\"lazy\" decoding=\"async\" class=\"wp-image-1759 size-full\" src=\"http:\/\/insideamateurfussball-ffm.de\/wp-content\/uploads\/2022\/07\/PN.jpg\" alt=\"\" width=\"289\" height=\"280\" \/><figcaption id=\"caption-attachment-1759\" class=\"wp-caption-text\">Parwes Naziri (rechts) sitzt nicht mehr auf dem Trainerstuhl des BSC SW 19. Foto: Katja Schnitzler.<\/figcaption><\/figure>\n<p>Vor zweieinhalb Jahren kam Naziri als Spielertrainer vom Gruppenligisten Spvgg. 03 Fechenheim an den Rosegger und sein Wirken wurde stark von der Ausbremsung des Spielbetriebes durch zwei Corona-Lockdowns gepr\u00e4gt.<\/p>\n<p>Platz f\u00fcnf und sieben standen in den abgebrochenen Spielzeiten zu Buche, in der letzten Saison landete der BSC hinter Aufsteiger SG Harheim auf Rang zwei. Nun gehen der Verein und Naziri im sportlichen Bereich getrennte Wege, als P\u00e4chter des Vereinsheims wird der Deutsch-Iraner aber weiter pr\u00e4sent sein.<\/p>\n<h4>Nachfolger Eleyas Kahsay<\/h4>\n<p>&#8222;Wir haben uns im gegenseitigem Einvernehmen getrennt und gehen respektvoll auseinander&#8220;, erkl\u00e4rt Walther Reinmold, der Schriftf\u00fchrer des Vereins. Die Nachfolge Naziris wurde bereits mit einer internen L\u00f6sung gekl\u00e4rt.<\/p>\n<p>Eleyas Kahsay, bisher f\u00fcr die Zweite Mannschaft in der B-Klasse verantwortlich, \u00fcbernimmt nun die &#8222;Erste&#8220;. Die Reserve wird vorl\u00e4ufig vom bisherigen Co-Trainer Ararat Akkus gecoacht.<\/p>\n","protected":false},"excerpt":{"rendered":"<p>Kurz vor dem Saisonstart haben sich der BSC Schwarz-Wei\u00df 19, Meisterschaftsanw\u00e4rter in der Kreisliga A Frankfurt (Gruppe 1) und Trainer Parwes Naziri auf eine Beendigung der Zusamenarbeit verst\u00e4ndigt. Vor zweieinhalb Jahren kam Naziri als Spielertrainer vom Gruppenligisten Spvgg. 03 Fechenheim an den Rosegger und sein Wirken wurde stark von der Ausbremsung des Spielbetriebes durch zwei [&hellip;]<\/p>\n","protected":false},"author":1,"featured_media":0,"comment_status":"open","ping_status":"open","sticky":false,"template":"","format":"standard","meta":{"footnotes":""},"categories":[12],"tags":[],"class_list":["post-1756","post","type-post","status-publish","format-standard","hentry","category-kreisliga-a1"],"_links":{"self":[{"href":"https:\/\/insideamateurfussball-ffm.de\/index.php?rest_route=\/wp\/v2\/posts\/1756","targetHints":{"allow":["GET"]}}],"collection":[{"href":"https:\/\/insideamateurfussball-ffm.de\/index.php?rest_route=\/wp\/v2\/posts"}],"about":[{"href":"https:\/\/insideamateurfussball-ffm.de\/index.php?rest_route=\/wp\/v2\/types\/post"}],"author":[{"embeddable":true,"href":"https:\/\/insideamateurfussball-ffm.de\/index.php?rest_route=\/wp\/v2\/users\/1"}],"replies":[{"embeddable":true,"href":"https:\/\/insideamateurfussball-ffm.de\/index.php?rest_route=%2Fwp%2Fv2%2Fcomments&post=1756"}],"version-history":[{"count":3,"href":"https:\/\/insideamateurfussball-ffm.de\/index.php?rest_route=\/wp\/v2\/posts\/1756\/revisions"}],"predecessor-version":[{"id":1761,"href":"https:\/\/insideamateurfussball-ffm.de\/index.php?rest_route=\/wp\/v2\/posts\/1756\/revisions\/1761"}],"wp:attachment":[{"href":"https:\/\/insideamateurfussball-ffm.de\/index.php?rest_route=%2Fwp%2Fv2%2Fmedia&parent=1756"}],"wp:term":[{"taxonomy":"category","embeddable":true,"href":"https:\/\/insideamateurfussball-ffm.de\/index.php?rest_route=%2Fwp%2Fv2%2Fcategories&post=1756"},{"taxonomy":"post_tag","embeddable":true,"href":"https:\/\/insideamateurfussball-ffm.de\/index.php?rest_route=%2Fwp%2Fv2%2Ftags&post=1756"}],"curies":[{"name":"wp","href":"https:\/\/api.w.org\/{rel}","templated":true}]}}