{"id":17535,"date":"2024-03-25T12:53:37","date_gmt":"2024-03-25T10:53:37","guid":{"rendered":"http:\/\/insideamateurfussball-ffm.de\/?p=17535"},"modified":"2024-03-25T12:53:37","modified_gmt":"2024-03-25T10:53:37","slug":"kalbach-verdient-sich-20-in-der-zweiten-halbzeit","status":"publish","type":"post","link":"https:\/\/insideamateurfussball-ffm.de\/?p=17535","title":{"rendered":"Kalbach verdient sich 2:0 in der zweiten Halbzeit"},"content":{"rendered":"<h4>Im Spiel der beiden besten Mannschaften nach der Winterpause behielt der FC Kalbach aufgrund einer Leistungssteigerung in der zweiten Halbzeit verdient mit 2:0 die Oberhand gegen die Spvgg. 03 Fechenheim, die damit die erste Niederlage 2024 einstecken musste.<\/h4>\n<figure id=\"attachment_17550\" aria-describedby=\"caption-attachment-17550\" style=\"width: 2016px\" class=\"wp-caption alignnone\"><img loading=\"lazy\" decoding=\"async\" class=\"wp-image-17550 size-full\" src=\"http:\/\/insideamateurfussball-ffm.de\/wp-content\/uploads\/2024\/03\/kalbachfechenheim15.jpg\" alt=\"\" width=\"2016\" height=\"1512\" srcset=\"https:\/\/insideamateurfussball-ffm.de\/wp-content\/uploads\/2024\/03\/kalbachfechenheim15.jpg 2016w, https:\/\/insideamateurfussball-ffm.de\/wp-content\/uploads\/2024\/03\/kalbachfechenheim15-300x225.jpg 300w\" sizes=\"auto, (max-width: 2016px) 100vw, 2016px\" \/><figcaption id=\"caption-attachment-17550\" class=\"wp-caption-text\">Die Kalbacher Mannschaft kam zum f\u00fcnften Sieg in Folge. Foto: MZ<\/figcaption><\/figure>\n<h4>FC Kalbach &#8211; Spvgg. 03 Fechenheim 2:0 (0:0)<\/h4>\n<p><img loading=\"lazy\" decoding=\"async\" class=\"alignnone size-full wp-image-16\" src=\"http:\/\/insideamateurfussball-ffm.de\/wp-content\/uploads\/2021\/11\/kalbach-wappen.jpg\" alt=\"\" width=\"80\" height=\"80\" \/><img loading=\"lazy\" decoding=\"async\" class=\"alignnone size-full wp-image-603\" src=\"http:\/\/insideamateurfussball-ffm.de\/wp-content\/uploads\/2022\/06\/Fech03.jpg\" alt=\"\" width=\"52\" height=\"80\" \/><\/p>\n<p>Viele waren gespannt auf das Spiel beider Mannschaften, waren der FC Kalbach mit 13 Punkten aus 5 Spielen und vier Siegen in Folge und die Spvgg. 03 Fechenheim mit 10 Punkten aus 4 Spielen doch die erfolgreichsten Mannschaften nach der Winterpause. Bei Aprilwetter mit Sonne, Regen und Wind entwickelte sich in der ersten Halbzeit ein Spiel mit wenigen Torchancen. Die Fechenheimer kamen besser ins Spiel und hatten in der 3.Minute eine gute Chance durch den in den letzten Spielen erfolgreichen Kaleab Eyassu, doch Kalbachs Torh\u00fcter Fabian Lanthaler konnte geschickt den Winkel verk\u00fcrzen. In der 23.Minute kam Achraf Gara Ali frei zum Kopfball, traf den Ball aber nicht richtig. Kalbachs Trainer Aaz-Dine Zarioh forderte Mitte der ersten Halbzeit mehr Dynamik von seiner Mannschaft, doch Kalbach kam nicht richtig ins Spiel. Und in der Nachspielzeit der ersten H\u00e4lfte dann die Riesenchance f\u00fcr Fechenheim, nach einem zu kurzen R\u00fcckpass kam Mohamed Youssef frei vor Torwart Lanthaler an den Ball, schob diesen aber am Pfosten vorbei.<\/p>\n<p>In der zweiten Halbzeit dann ein ganz anderes Bild, die vor der Pause noch so spielsicheren Fechenheimer kamen kaum noch ins Spiel und die Kalbacher dominierten die Partie. Nach einer Flanke von Moritz Uppenkamp in der 64.Minute konnte Achraf Gara Ali am langen Pfosten den Ball zum 1:0 mit dem Kopf in die Maschen dr\u00fccken, sein 35.Saisontor. In der 71.Minute dann ein Missverst\u00e4ndnis in der Fechenheimer Abwehr, ein Verteidiger k\u00f6pfte den Ball vor dem fangbereiten Torh\u00fcter weg, aber direkt in die Beine von Aleksej Radulaski, der den Ball annahm und mit einem satten Schuss das 2.0 erzielte, der Ball sprang vom Innenpfosten ins Tor. Danach hatten die Kalbacher weitere Chancen, in der 73.Minute scheiterten Achraf Gara Ali mit einem Elfmeter und Aleksej Radulaski mit dem Nachschuss am gro\u00dfartig haltenden Torh\u00fcter Armin Buchholz, kurz danach traf Achraf Gara Ali nur den Innenpfosten und ein weiterer Schuss von Radulaski landete an der Querlatte. Von Fechenheim, die nur mit drei Ersatzspielern angereist waren, war in der zweiten Halbzeit nichts mehr zu sehen.<\/p>\n<p>Fechenheims Pr\u00e4sident Reinhold Schmidt nach dem Spiel: \u201eeine gute Halbzeit, in der wir meiner Meinung nach in F\u00fchrung h\u00e4tten gehen m\u00fcssen, ist dann halt zu wenig, in der zweiten Halbzeit haben wir dann nach 20 Minuten das Fu\u00dfballspielen eingestellt, haben dann auch das Gl\u00fcck, dass wir nicht das 3:0 kriegen. Fazit: unn\u00f6tige Niederlage meiner Meinung nach, wenn du hier mit den Chancen 1:0 in F\u00fchrung gehst, dann entwickelt sich das Spiel anders. Das haben wir nicht geschafft, deshalb Gl\u00fcckwunsch an Kalbach, m\u00fcssen wir unsere Punkte woanders holen.\u201c<\/p>\n<p>Manni Meyer aus der Sportlichen Leitung von Kalbach: \u201ewir haben in der ersten Halbzeit \u00fcberhaupt nicht ins Spiel gefunden, es war eine ganz miese Partie, aber mit dem Anpfiff der zweiten Halbzeit haben wir ins Spiel zur\u00fcckgefunden und auch im Endeffekt verdient gewonnen. Es war kein sch\u00f6nes Spiel, aber ein Arbeitssieg, mehr k\u00f6nnen wir nicht sagen, und der war ganz wichtig, wenn man die Ergebnisse vom heutigen Spieltag sieht.\u201c<\/p>\n<p>Am Wochenende nach Ostern trifft die Spvgg. 03 Fechenheim in einem wichtigen Spiel im Stadtduell auf die FG Seckbach, w\u00e4hrend der FC Kalbach zum abstiegsbedrohten FC Gronau reist.<\/p>\n<h4>Schiedsrichter: Max Milau (FV Delkenheim). Zuschauer: 60.<\/h4>\n<h4>Tore: 1:0 Achraf Gara Ali (64.), 2:0 Aleksej Radulaski (71.)<\/h4>\n<blockquote>\n<h4>Anbei noch ein paar Fotos zum Spiel.<\/h4>\n<\/blockquote>\n\n\n<figure class=\"wp-block-image size-large\"><img loading=\"lazy\" decoding=\"async\" width=\"1024\" height=\"768\" src=\"http:\/\/insideamateurfussball-ffm.de\/wp-content\/uploads\/2024\/03\/kalbachfechenheim18-1024x768.jpg\" alt=\"\" class=\"wp-image-17557\" srcset=\"https:\/\/insideamateurfussball-ffm.de\/wp-content\/uploads\/2024\/03\/kalbachfechenheim18-1024x768.jpg 1024w, https:\/\/insideamateurfussball-ffm.de\/wp-content\/uploads\/2024\/03\/kalbachfechenheim18-300x225.jpg 300w, https:\/\/insideamateurfussball-ffm.de\/wp-content\/uploads\/2024\/03\/kalbachfechenheim18-768x576.jpg 768w, https:\/\/insideamateurfussball-ffm.de\/wp-content\/uploads\/2024\/03\/kalbachfechenheim18-1536x1152.jpg 1536w, https:\/\/insideamateurfussball-ffm.de\/wp-content\/uploads\/2024\/03\/kalbachfechenheim18.jpg 2016w\" sizes=\"auto, (max-width: 1024px) 100vw, 1024px\" \/><\/figure>\n\n\n\n<figure class=\"wp-block-image size-large\"><img loading=\"lazy\" decoding=\"async\" width=\"1024\" height=\"768\" src=\"http:\/\/insideamateurfussball-ffm.de\/wp-content\/uploads\/2024\/03\/kalbachfechenheim17-1024x768.jpg\" alt=\"\" class=\"wp-image-17556\" srcset=\"https:\/\/insideamateurfussball-ffm.de\/wp-content\/uploads\/2024\/03\/kalbachfechenheim17-1024x768.jpg 1024w, https:\/\/insideamateurfussball-ffm.de\/wp-content\/uploads\/2024\/03\/kalbachfechenheim17-300x225.jpg 300w, https:\/\/insideamateurfussball-ffm.de\/wp-content\/uploads\/2024\/03\/kalbachfechenheim17-768x576.jpg 768w, https:\/\/insideamateurfussball-ffm.de\/wp-content\/uploads\/2024\/03\/kalbachfechenheim17-1536x1152.jpg 1536w, https:\/\/insideamateurfussball-ffm.de\/wp-content\/uploads\/2024\/03\/kalbachfechenheim17.jpg 2016w\" sizes=\"auto, (max-width: 1024px) 100vw, 1024px\" \/><\/figure>\n\n\n\n<figure class=\"wp-block-image size-large\"><img loading=\"lazy\" decoding=\"async\" width=\"1024\" height=\"768\" src=\"http:\/\/insideamateurfussball-ffm.de\/wp-content\/uploads\/2024\/03\/kalbachfechenheim14-1024x768.jpg\" alt=\"\" class=\"wp-image-17549\" srcset=\"https:\/\/insideamateurfussball-ffm.de\/wp-content\/uploads\/2024\/03\/kalbachfechenheim14-1024x768.jpg 1024w, https:\/\/insideamateurfussball-ffm.de\/wp-content\/uploads\/2024\/03\/kalbachfechenheim14-300x225.jpg 300w, https:\/\/insideamateurfussball-ffm.de\/wp-content\/uploads\/2024\/03\/kalbachfechenheim14-768x576.jpg 768w, https:\/\/insideamateurfussball-ffm.de\/wp-content\/uploads\/2024\/03\/kalbachfechenheim14-1536x1152.jpg 1536w, https:\/\/insideamateurfussball-ffm.de\/wp-content\/uploads\/2024\/03\/kalbachfechenheim14.jpg 2016w\" sizes=\"auto, (max-width: 1024px) 100vw, 1024px\" \/><\/figure>\n\n\n\n<figure class=\"wp-block-image size-large\"><img loading=\"lazy\" decoding=\"async\" width=\"1024\" height=\"768\" src=\"http:\/\/insideamateurfussball-ffm.de\/wp-content\/uploads\/2024\/03\/kalbachfechenheim13-1024x768.jpg\" alt=\"\" class=\"wp-image-17548\" srcset=\"https:\/\/insideamateurfussball-ffm.de\/wp-content\/uploads\/2024\/03\/kalbachfechenheim13-1024x768.jpg 1024w, https:\/\/insideamateurfussball-ffm.de\/wp-content\/uploads\/2024\/03\/kalbachfechenheim13-300x225.jpg 300w, https:\/\/insideamateurfussball-ffm.de\/wp-content\/uploads\/2024\/03\/kalbachfechenheim13-768x576.jpg 768w, https:\/\/insideamateurfussball-ffm.de\/wp-content\/uploads\/2024\/03\/kalbachfechenheim13-1536x1152.jpg 1536w, https:\/\/insideamateurfussball-ffm.de\/wp-content\/uploads\/2024\/03\/kalbachfechenheim13.jpg 2016w\" sizes=\"auto, (max-width: 1024px) 100vw, 1024px\" \/><\/figure>\n\n\n\n<figure class=\"wp-block-image size-large\"><img loading=\"lazy\" decoding=\"async\" width=\"1024\" height=\"768\" src=\"http:\/\/insideamateurfussball-ffm.de\/wp-content\/uploads\/2024\/03\/kalbachfechenheim12-1024x768.jpg\" alt=\"\" class=\"wp-image-17547\" srcset=\"https:\/\/insideamateurfussball-ffm.de\/wp-content\/uploads\/2024\/03\/kalbachfechenheim12-1024x768.jpg 1024w, https:\/\/insideamateurfussball-ffm.de\/wp-content\/uploads\/2024\/03\/kalbachfechenheim12-300x225.jpg 300w, https:\/\/insideamateurfussball-ffm.de\/wp-content\/uploads\/2024\/03\/kalbachfechenheim12-768x576.jpg 768w, https:\/\/insideamateurfussball-ffm.de\/wp-content\/uploads\/2024\/03\/kalbachfechenheim12-1536x1152.jpg 1536w, https:\/\/insideamateurfussball-ffm.de\/wp-content\/uploads\/2024\/03\/kalbachfechenheim12.jpg 2016w\" sizes=\"auto, (max-width: 1024px) 100vw, 1024px\" \/><\/figure>\n\n\n\n<figure class=\"wp-block-image size-large\"><img loading=\"lazy\" decoding=\"async\" width=\"1024\" height=\"768\" src=\"http:\/\/insideamateurfussball-ffm.de\/wp-content\/uploads\/2024\/03\/kalbachfechenheim11-1024x768.jpg\" alt=\"\" class=\"wp-image-17546\" srcset=\"https:\/\/insideamateurfussball-ffm.de\/wp-content\/uploads\/2024\/03\/kalbachfechenheim11-1024x768.jpg 1024w, https:\/\/insideamateurfussball-ffm.de\/wp-content\/uploads\/2024\/03\/kalbachfechenheim11-300x225.jpg 300w, https:\/\/insideamateurfussball-ffm.de\/wp-content\/uploads\/2024\/03\/kalbachfechenheim11-768x576.jpg 768w, https:\/\/insideamateurfussball-ffm.de\/wp-content\/uploads\/2024\/03\/kalbachfechenheim11-1536x1152.jpg 1536w, https:\/\/insideamateurfussball-ffm.de\/wp-content\/uploads\/2024\/03\/kalbachfechenheim11.jpg 2016w\" sizes=\"auto, (max-width: 1024px) 100vw, 1024px\" \/><\/figure>\n\n\n\n<figure class=\"wp-block-image size-large\"><img loading=\"lazy\" decoding=\"async\" width=\"1024\" height=\"768\" src=\"http:\/\/insideamateurfussball-ffm.de\/wp-content\/uploads\/2024\/03\/kalbachfechenheim09-1024x768.jpg\" alt=\"\" class=\"wp-image-17544\" srcset=\"https:\/\/insideamateurfussball-ffm.de\/wp-content\/uploads\/2024\/03\/kalbachfechenheim09-1024x768.jpg 1024w, https:\/\/insideamateurfussball-ffm.de\/wp-content\/uploads\/2024\/03\/kalbachfechenheim09-300x225.jpg 300w, https:\/\/insideamateurfussball-ffm.de\/wp-content\/uploads\/2024\/03\/kalbachfechenheim09-768x576.jpg 768w, https:\/\/insideamateurfussball-ffm.de\/wp-content\/uploads\/2024\/03\/kalbachfechenheim09-1536x1152.jpg 1536w, https:\/\/insideamateurfussball-ffm.de\/wp-content\/uploads\/2024\/03\/kalbachfechenheim09.jpg 2016w\" sizes=\"auto, (max-width: 1024px) 100vw, 1024px\" \/><\/figure>\n\n\n\n<figure class=\"wp-block-image size-large\"><img loading=\"lazy\" decoding=\"async\" width=\"1024\" height=\"768\" src=\"http:\/\/insideamateurfussball-ffm.de\/wp-content\/uploads\/2024\/03\/kalbachfechenheim05-1024x768.jpg\" alt=\"\" class=\"wp-image-17541\" srcset=\"https:\/\/insideamateurfussball-ffm.de\/wp-content\/uploads\/2024\/03\/kalbachfechenheim05-1024x768.jpg 1024w, https:\/\/insideamateurfussball-ffm.de\/wp-content\/uploads\/2024\/03\/kalbachfechenheim05-300x225.jpg 300w, https:\/\/insideamateurfussball-ffm.de\/wp-content\/uploads\/2024\/03\/kalbachfechenheim05-768x576.jpg 768w, https:\/\/insideamateurfussball-ffm.de\/wp-content\/uploads\/2024\/03\/kalbachfechenheim05-1536x1152.jpg 1536w, https:\/\/insideamateurfussball-ffm.de\/wp-content\/uploads\/2024\/03\/kalbachfechenheim05.jpg 2016w\" sizes=\"auto, (max-width: 1024px) 100vw, 1024px\" \/><\/figure>\n\n\n\n<figure class=\"wp-block-image size-large\"><img loading=\"lazy\" decoding=\"async\" width=\"1024\" height=\"768\" src=\"http:\/\/insideamateurfussball-ffm.de\/wp-content\/uploads\/2024\/03\/kalbachfechenheim04-1024x768.jpg\" alt=\"\" class=\"wp-image-17540\" srcset=\"https:\/\/insideamateurfussball-ffm.de\/wp-content\/uploads\/2024\/03\/kalbachfechenheim04-1024x768.jpg 1024w, https:\/\/insideamateurfussball-ffm.de\/wp-content\/uploads\/2024\/03\/kalbachfechenheim04-300x225.jpg 300w, https:\/\/insideamateurfussball-ffm.de\/wp-content\/uploads\/2024\/03\/kalbachfechenheim04-768x576.jpg 768w, https:\/\/insideamateurfussball-ffm.de\/wp-content\/uploads\/2024\/03\/kalbachfechenheim04-1536x1152.jpg 1536w, https:\/\/insideamateurfussball-ffm.de\/wp-content\/uploads\/2024\/03\/kalbachfechenheim04.jpg 2016w\" sizes=\"auto, (max-width: 1024px) 100vw, 1024px\" \/><\/figure>\n","protected":false},"excerpt":{"rendered":"<p>Im Spiel der beiden besten Mannschaften nach der Winterpause behielt der FC Kalbach aufgrund einer Leistungssteigerung in der zweiten Halbzeit verdient mit 2:0 die Oberhand gegen die Spvgg. 03 Fechenheim, die damit die erste Niederlage 2024 einstecken musste. FC Kalbach &#8211; Spvgg. 03 Fechenheim 2:0 (0:0) Viele waren gespannt auf das Spiel beider Mannschaften, waren [&hellip;]<\/p>\n","protected":false},"author":3,"featured_media":17550,"comment_status":"open","ping_status":"open","sticky":true,"template":"","format":"standard","meta":{"footnotes":""},"categories":[13],"tags":[],"class_list":["post-17535","post","type-post","status-publish","format-standard","has-post-thumbnail","hentry","category-gruppenliga-frankfurt-west"],"_links":{"self":[{"href":"https:\/\/insideamateurfussball-ffm.de\/index.php?rest_route=\/wp\/v2\/posts\/17535","targetHints":{"allow":["GET"]}}],"collection":[{"href":"https:\/\/insideamateurfussball-ffm.de\/index.php?rest_route=\/wp\/v2\/posts"}],"about":[{"href":"https:\/\/insideamateurfussball-ffm.de\/index.php?rest_route=\/wp\/v2\/types\/post"}],"author":[{"embeddable":true,"href":"https:\/\/insideamateurfussball-ffm.de\/index.php?rest_route=\/wp\/v2\/users\/3"}],"replies":[{"embeddable":true,"href":"https:\/\/insideamateurfussball-ffm.de\/index.php?rest_route=%2Fwp%2Fv2%2Fcomments&post=17535"}],"version-history":[{"count":4,"href":"https:\/\/insideamateurfussball-ffm.de\/index.php?rest_route=\/wp\/v2\/posts\/17535\/revisions"}],"predecessor-version":[{"id":17560,"href":"https:\/\/insideamateurfussball-ffm.de\/index.php?rest_route=\/wp\/v2\/posts\/17535\/revisions\/17560"}],"wp:featuredmedia":[{"embeddable":true,"href":"https:\/\/insideamateurfussball-ffm.de\/index.php?rest_route=\/wp\/v2\/media\/17550"}],"wp:attachment":[{"href":"https:\/\/insideamateurfussball-ffm.de\/index.php?rest_route=%2Fwp%2Fv2%2Fmedia&parent=17535"}],"wp:term":[{"taxonomy":"category","embeddable":true,"href":"https:\/\/insideamateurfussball-ffm.de\/index.php?rest_route=%2Fwp%2Fv2%2Fcategories&post=17535"},{"taxonomy":"post_tag","embeddable":true,"href":"https:\/\/insideamateurfussball-ffm.de\/index.php?rest_route=%2Fwp%2Fv2%2Ftags&post=17535"}],"curies":[{"name":"wp","href":"https:\/\/api.w.org\/{rel}","templated":true}]}}