{"id":17529,"date":"2024-03-25T12:18:01","date_gmt":"2024-03-25T10:18:01","guid":{"rendered":"http:\/\/insideamateurfussball-ffm.de\/?p=17529"},"modified":"2024-03-25T12:18:01","modified_gmt":"2024-03-25T10:18:01","slug":"wichtiger-sieg-fuer-seckbach-im-stadtduell","status":"publish","type":"post","link":"https:\/\/insideamateurfussball-ffm.de\/?p=17529","title":{"rendered":"Wichtiger Sieg f\u00fcr Seckbach im Stadtduell"},"content":{"rendered":"<h4>Die FG Seckbach kam im richtungsweisenden Stadtduell zu einem wichtigen 2:1-Sieg gegen den FC Tempo, beide Mannschaften k\u00e4mpfen um das Vermeiden von Platz 13, dem derzeitigen Relegationsplatz, auf dem die Seckbacher weiterhin liegen.<\/h4>\n<figure id=\"attachment_17238\" aria-describedby=\"caption-attachment-17238\" style=\"width: 2016px\" class=\"wp-caption alignnone\"><img loading=\"lazy\" decoding=\"async\" class=\"wp-image-17238 size-full\" src=\"http:\/\/insideamateurfussball-ffm.de\/wp-content\/uploads\/2024\/03\/seckbachKarben12.jpg\" alt=\"\" width=\"2016\" height=\"1512\" srcset=\"https:\/\/insideamateurfussball-ffm.de\/wp-content\/uploads\/2024\/03\/seckbachKarben12.jpg 2016w, https:\/\/insideamateurfussball-ffm.de\/wp-content\/uploads\/2024\/03\/seckbachKarben12-300x225.jpg 300w, https:\/\/insideamateurfussball-ffm.de\/wp-content\/uploads\/2024\/03\/seckbachKarben12-1024x768.jpg 1024w, https:\/\/insideamateurfussball-ffm.de\/wp-content\/uploads\/2024\/03\/seckbachKarben12-768x576.jpg 768w, https:\/\/insideamateurfussball-ffm.de\/wp-content\/uploads\/2024\/03\/seckbachKarben12-1536x1152.jpg 1536w\" sizes=\"auto, (max-width: 2016px) 100vw, 2016px\" \/><figcaption id=\"caption-attachment-17238\" class=\"wp-caption-text\">Diesmal konnten die Seckbacher am Ende \u00fcber drei Punkte jubeln. Foto Archiv<\/figcaption><\/figure>\n<h4>FG Seckbach &#8211; FC Tempo 2:1 (1:1)<\/h4>\n<p><img loading=\"lazy\" decoding=\"async\" class=\"alignnone size-full wp-image-544\" src=\"http:\/\/insideamateurfussball-ffm.de\/wp-content\/uploads\/2022\/06\/Seckbach.jpg\" alt=\"\" width=\"80\" height=\"80\" \/><img loading=\"lazy\" decoding=\"async\" class=\"alignnone size-full wp-image-31\" src=\"http:\/\/insideamateurfussball-ffm.de\/wp-content\/uploads\/2021\/11\/Tempo.jpg\" alt=\"\" width=\"80\" height=\"80\" \/><\/p>\n<p>Nach dem schwachen Auftritt in Stierstadt brauchten die Seckbacher gegen den FC Tempo dringend ein Erfolgserlebnis, damit der 13.Tabellenplatz und damit Relegationsplatz noch verlassen werden kann. Und die Seckbacher legten gut los und erzielten in der 3.Minute bereits das 1:0, nach einer sch\u00f6nen Vorarbeit von Maximilian Waas schoss Florian Schuberth mit seinem 24.Saisontor die Gastgeber schnell in Front. Doch die Freude w\u00e4hrte nicht lange und der FC Tempo kam nach einem haarstr\u00e4ubenden Abwehrfehler in der Seckbacher Abwehr in der 11.Minute durch Boris Tatomirovic zum 1:1 Ausgleich. Die Seckbacher blieben in der ersten Halbzeit spielbestimmend und konnten ihre Chancen nicht nutzen, w\u00e4hrend der FC Tempo kaum einmal vor das Tor der Gastgeber kam.<\/p>\n<p>In der 2.Halbzeit erzielten die Seckbacher erneut ein fr\u00fches Tor, Benedict Linzenmeier traf in der 49.Minute nach einer Hereingabe von Janis Wendlandt zur 2:1-F\u00fchrung. Danach wurde es ein anderes Spiel, die Seckbacher kamen nach Aussagen vom Seckbacher Spielausschuss-Vorsitzenden Jo Nareike \u201eins Schwimmen\u201c, doch die G\u00e4ste vom FC Tempo konnten ihre Chancen nicht nutzen. In der dritten Minute der Nachspielzeit erhielt der eingewechselte Spieler des FC Tempo, Bojan Miljus, noch die gelb-rote Karte. Jo Nareike nach dem Spiel: \u201eaufgrund der ersten H\u00e4lfte ist der Sieg verdient, wir h\u00e4tten uns aber auch nicht \u00fcber den Ausgleich beschweren d\u00fcrfen.\u201c<\/p>\n<p>Tempos Sportlicher Leiter Zoran Marcetic zum Spiel: \u201ewir haben die erste H\u00e4lfte verschlafen und keinen guten Fu\u00dfball gespielt, waren noch gut bedient mit dem 2:1. In der 2.Halbzeit waren wir die klar bessere Mannschaft und hatten noch viele Torchancen, den Ausgleich aber nicht gemacht und wichtige Punkte im 6-Punkte-Spiele liegenlassen.\u201c<\/p>\n<p>Der Kampf um den Tabellenplatz 13, der derzeit die Abstiegsrelegation bedeutet, wird immer spannender, den derzeitigen Tabellendreizehnten FG Seckbach mit 35 Punkten trennen vom Tabellenneunten nur zwei Punkte, mit in der Verlosung sind hierbei auch die Spvgg. 03 Fechenheim und der FC Tempo mit 37 Punkten. Der Abstand zu den direkten Abstiegspl\u00e4tzen betr\u00e4gt schon 16 Punkte. Am Wochenende nach Ostern muss die FG Seckbach in einem Stadtduell zur Spvgg. 03 Fechenheim, w\u00e4hrend der FC Tempo ebenfalls in einem Stadtduell den SV BKC Bosnien\/Herzegowina empf\u00e4ngt.<\/p>\n<h4>Schiedsrichter: Noah Bursky (VfR Niedertiefenbach). Zuschauer: 120.<\/h4>\n<h4>Tore: 1:0 Florian Schuberth (3.), 1:1 Boris Tatomirovic (11.), 2:1 Benedicct Linzenmeier (49.)<\/h4>\n","protected":false},"excerpt":{"rendered":"<p>Die FG Seckbach kam im richtungsweisenden Stadtduell zu einem wichtigen 2:1-Sieg gegen den FC Tempo, beide Mannschaften k\u00e4mpfen um das Vermeiden von Platz 13, dem derzeitigen Relegationsplatz, auf dem die Seckbacher weiterhin liegen. FG Seckbach &#8211; FC Tempo 2:1 (1:1) Nach dem schwachen Auftritt in Stierstadt brauchten die Seckbacher gegen den FC Tempo dringend ein [&hellip;]<\/p>\n","protected":false},"author":3,"featured_media":17238,"comment_status":"open","ping_status":"open","sticky":true,"template":"","format":"standard","meta":{"footnotes":""},"categories":[13],"tags":[],"class_list":["post-17529","post","type-post","status-publish","format-standard","has-post-thumbnail","hentry","category-gruppenliga-frankfurt-west"],"_links":{"self":[{"href":"https:\/\/insideamateurfussball-ffm.de\/index.php?rest_route=\/wp\/v2\/posts\/17529","targetHints":{"allow":["GET"]}}],"collection":[{"href":"https:\/\/insideamateurfussball-ffm.de\/index.php?rest_route=\/wp\/v2\/posts"}],"about":[{"href":"https:\/\/insideamateurfussball-ffm.de\/index.php?rest_route=\/wp\/v2\/types\/post"}],"author":[{"embeddable":true,"href":"https:\/\/insideamateurfussball-ffm.de\/index.php?rest_route=\/wp\/v2\/users\/3"}],"replies":[{"embeddable":true,"href":"https:\/\/insideamateurfussball-ffm.de\/index.php?rest_route=%2Fwp%2Fv2%2Fcomments&post=17529"}],"version-history":[{"count":2,"href":"https:\/\/insideamateurfussball-ffm.de\/index.php?rest_route=\/wp\/v2\/posts\/17529\/revisions"}],"predecessor-version":[{"id":17531,"href":"https:\/\/insideamateurfussball-ffm.de\/index.php?rest_route=\/wp\/v2\/posts\/17529\/revisions\/17531"}],"wp:featuredmedia":[{"embeddable":true,"href":"https:\/\/insideamateurfussball-ffm.de\/index.php?rest_route=\/wp\/v2\/media\/17238"}],"wp:attachment":[{"href":"https:\/\/insideamateurfussball-ffm.de\/index.php?rest_route=%2Fwp%2Fv2%2Fmedia&parent=17529"}],"wp:term":[{"taxonomy":"category","embeddable":true,"href":"https:\/\/insideamateurfussball-ffm.de\/index.php?rest_route=%2Fwp%2Fv2%2Fcategories&post=17529"},{"taxonomy":"post_tag","embeddable":true,"href":"https:\/\/insideamateurfussball-ffm.de\/index.php?rest_route=%2Fwp%2Fv2%2Ftags&post=17529"}],"curies":[{"name":"wp","href":"https:\/\/api.w.org\/{rel}","templated":true}]}}