{"id":17518,"date":"2024-03-25T11:47:41","date_gmt":"2024-03-25T09:47:41","guid":{"rendered":"http:\/\/insideamateurfussball-ffm.de\/?p=17518"},"modified":"2024-03-25T20:01:55","modified_gmt":"2024-03-25T18:01:55","slug":"rw-frankfurt-erneut-punktlos","status":"publish","type":"post","link":"https:\/\/insideamateurfussball-ffm.de\/?p=17518","title":{"rendered":"RW Frankfurt erneut punktlos"},"content":{"rendered":"<h4>Die Rot-Weissen aus Frankfurt konnten auch bei Germania Ober-Roden nicht punkten, zwei Elfmeter und eine gelb-rote Karte sorgten schnell f\u00fcr einen nicht aufholbaren R\u00fcckstand, am Ende stand es 0:4, ein Eigentor tat sein \u00dcbriges.<\/h4>\n<figure id=\"attachment_17578\" aria-describedby=\"caption-attachment-17578\" style=\"width: 1772px\" class=\"wp-caption alignnone\"><img loading=\"lazy\" decoding=\"async\" class=\"wp-image-17578 size-full\" src=\"http:\/\/insideamateurfussball-ffm.de\/wp-content\/uploads\/2024\/03\/germ-oberr2.jpg\" alt=\"\" width=\"1772\" height=\"1168\" srcset=\"https:\/\/insideamateurfussball-ffm.de\/wp-content\/uploads\/2024\/03\/germ-oberr2.jpg 1772w, https:\/\/insideamateurfussball-ffm.de\/wp-content\/uploads\/2024\/03\/germ-oberr2-300x198.jpg 300w, https:\/\/insideamateurfussball-ffm.de\/wp-content\/uploads\/2024\/03\/germ-oberr2-1024x675.jpg 1024w, https:\/\/insideamateurfussball-ffm.de\/wp-content\/uploads\/2024\/03\/germ-oberr2-768x506.jpg 768w, https:\/\/insideamateurfussball-ffm.de\/wp-content\/uploads\/2024\/03\/germ-oberr2-1536x1012.jpg 1536w\" sizes=\"auto, (max-width: 1772px) 100vw, 1772px\" \/><figcaption id=\"caption-attachment-17578\" class=\"wp-caption-text\">Germania Ober-Roden kam zu einem ungef\u00e4hrdeten Sieg. Foto: Mithat G\u00fcrser<\/figcaption><\/figure>\n<h4>Germania Ober-Roden &#8211; SG RW Frankfurt 4:0 (2:0)<\/h4>\n<p><img loading=\"lazy\" decoding=\"async\" class=\"alignnone  wp-image-17592\" src=\"http:\/\/insideamateurfussball-ffm.de\/wp-content\/uploads\/2024\/03\/germania.jpeg\" alt=\"\" width=\"84\" height=\"81\" \/><img loading=\"lazy\" decoding=\"async\" class=\"alignnone size-full wp-image-120\" src=\"http:\/\/insideamateurfussball-ffm.de\/wp-content\/uploads\/2022\/05\/rot-weiss.png\" alt=\"\" width=\"80\" height=\"70\" \/><\/p>\n<p>Ibo Cigdem, Trainer von RW Frankfurt, klagte nach dem Spiel: \u201ees war wie zuletzt, wir haben gut trainiert und uns gut auf das Spiel vorbereitet, sind auch gut ins Spiel reingekommen, und schlagen uns dann wieder selbst.\u201c Nach einem Abwehrfehler in der 25.Minute wusste sich ein Frankfurter nur durch ein Foul zu helfen, den f\u00e4lligen Elfmeter verwandelte Germanias Marco Christophori-Como zum 1:0 f\u00fcr die Gastgeber. \u00a0Nur drei Minuten sp\u00e4ter erhielt Raymond Williams wie schon vor drei Wochen gegen Pars Neu-Isenburg die gelb-rote Karte, die Frankfurter musste also \u00fcber 60 Minuten in Unterzahl spielen. Und weitere 4 Minuten sp\u00e4ter, in der 32.Minute, gab es den n\u00e4chsten Elfmeter f\u00fcr Germania Ober-Roden, Marco Christophero-Como verwandelte erneut sicher zum 2:0. Noch in der ersten Halbzeit wechselte Trainer Cigdem dreimal und wollte damit f\u00fcr mehr Belebung im Spiel sorgen.<\/p>\n<p>Die Rot-Weissen kamen dann in der 2.Halbzeit wieder gut ins Spiel, bis ein Eigentor in der 56.Minute alle Hoffnungen schwinden lie\u00df. Nach einem R\u00fcckpass eines Verteidigers traf RW-Torwart Dusan Zbiljic den Ball so ungl\u00fccklich, dass er in hohem Bogen \u00fcber ihn ins eigene Tor flog. Auch das vierte Gegentor war ungl\u00fccklich f\u00fcr die Rot-Weissen, bei einem langen Ball der Germania rutschte der Verteidiger aus und Hakan Firat konnte in der 59.Minute zum 4:0-Endstand vollenden. Damit stehen die Frankfurter nun auf einem direkten Abstiegsplatz, aufgrund des gewonnenen direkten Duells mit der punktgleichen S.K.G Rodgau auf Platz 15.<\/p>\n<p>Nach dem spielfreien Osterwochenende empfangen die Rot-Weissen den VfR Fehlheim, der mit zwei Spielen weniger nur 3 Punkte vor den Frankfurtern liegt und das Hinspiel mit 4:1 gewonnen hat. RW hat es immer noch selber in der Hand, den Abstieg zu verhindern, da gegen fast alle Mannschaften aus dem unteren Tabellendrittel noch gespielt werden muss.<\/p>\n<h4>Schiedsrichter: Devin Kakmaci (JSG Aarbergen). Zuschauer: 100.<\/h4>\n<h4>Tore: 1:0 Marco Christophori-Como (25., Elfmeter), 2:0 Marco Christophori-Como (32., Elfmeter), 3:0 Dusan Zbiljic (56., Eigentor), 4:0 Hakan Firat (59.)<\/h4>\n<blockquote>\n<h4>Eine Bildergalerie von Mithat G\u00fcrser, vielen Dank.<\/h4>\n<\/blockquote>\n\n\n<figure class=\"wp-block-image size-large\"><img loading=\"lazy\" decoding=\"async\" width=\"1024\" height=\"688\" src=\"http:\/\/insideamateurfussball-ffm.de\/wp-content\/uploads\/2024\/03\/germ1-1024x688.jpg\" alt=\"\" class=\"wp-image-17562\" srcset=\"https:\/\/insideamateurfussball-ffm.de\/wp-content\/uploads\/2024\/03\/germ1-1024x688.jpg 1024w, https:\/\/insideamateurfussball-ffm.de\/wp-content\/uploads\/2024\/03\/germ1-300x201.jpg 300w, https:\/\/insideamateurfussball-ffm.de\/wp-content\/uploads\/2024\/03\/germ1-768x516.jpg 768w, https:\/\/insideamateurfussball-ffm.de\/wp-content\/uploads\/2024\/03\/germ1-1536x1031.jpg 1536w, https:\/\/insideamateurfussball-ffm.de\/wp-content\/uploads\/2024\/03\/germ1.jpg 1890w\" sizes=\"auto, (max-width: 1024px) 100vw, 1024px\" \/><\/figure>\n\n\n\n<figure class=\"wp-block-image size-large\"><img loading=\"lazy\" decoding=\"async\" width=\"1024\" height=\"697\" src=\"http:\/\/insideamateurfussball-ffm.de\/wp-content\/uploads\/2024\/03\/germ2-1024x697.jpg\" alt=\"\" class=\"wp-image-17563\" srcset=\"https:\/\/insideamateurfussball-ffm.de\/wp-content\/uploads\/2024\/03\/germ2-1024x697.jpg 1024w, https:\/\/insideamateurfussball-ffm.de\/wp-content\/uploads\/2024\/03\/germ2-300x204.jpg 300w, https:\/\/insideamateurfussball-ffm.de\/wp-content\/uploads\/2024\/03\/germ2-768x523.jpg 768w, https:\/\/insideamateurfussball-ffm.de\/wp-content\/uploads\/2024\/03\/germ2-1536x1046.jpg 1536w, https:\/\/insideamateurfussball-ffm.de\/wp-content\/uploads\/2024\/03\/germ2.jpg 1878w\" sizes=\"auto, (max-width: 1024px) 100vw, 1024px\" \/><\/figure>\n\n\n\n<figure class=\"wp-block-image size-large\"><img loading=\"lazy\" decoding=\"async\" width=\"1024\" height=\"695\" src=\"http:\/\/insideamateurfussball-ffm.de\/wp-content\/uploads\/2024\/03\/germ3-1024x695.jpg\" alt=\"\" class=\"wp-image-17564\" srcset=\"https:\/\/insideamateurfussball-ffm.de\/wp-content\/uploads\/2024\/03\/germ3-1024x695.jpg 1024w, https:\/\/insideamateurfussball-ffm.de\/wp-content\/uploads\/2024\/03\/germ3-300x204.jpg 300w, https:\/\/insideamateurfussball-ffm.de\/wp-content\/uploads\/2024\/03\/germ3-768x521.jpg 768w, https:\/\/insideamateurfussball-ffm.de\/wp-content\/uploads\/2024\/03\/germ3-1536x1043.jpg 1536w, https:\/\/insideamateurfussball-ffm.de\/wp-content\/uploads\/2024\/03\/germ3.jpg 1890w\" sizes=\"auto, (max-width: 1024px) 100vw, 1024px\" \/><\/figure>\n\n\n\n<figure class=\"wp-block-image size-large\"><img loading=\"lazy\" decoding=\"async\" width=\"1024\" height=\"665\" src=\"http:\/\/insideamateurfussball-ffm.de\/wp-content\/uploads\/2024\/03\/germ-oberr4-1024x665.jpg\" alt=\"\" class=\"wp-image-17580\" srcset=\"https:\/\/insideamateurfussball-ffm.de\/wp-content\/uploads\/2024\/03\/germ-oberr4-1024x665.jpg 1024w, https:\/\/insideamateurfussball-ffm.de\/wp-content\/uploads\/2024\/03\/germ-oberr4-300x195.jpg 300w, https:\/\/insideamateurfussball-ffm.de\/wp-content\/uploads\/2024\/03\/germ-oberr4-768x498.jpg 768w, https:\/\/insideamateurfussball-ffm.de\/wp-content\/uploads\/2024\/03\/germ-oberr4-1536x997.jpg 1536w, https:\/\/insideamateurfussball-ffm.de\/wp-content\/uploads\/2024\/03\/germ-oberr4.jpg 1772w\" sizes=\"auto, (max-width: 1024px) 100vw, 1024px\" \/><\/figure>\n\n\n\n<figure class=\"wp-block-image size-large\"><img loading=\"lazy\" decoding=\"async\" width=\"1024\" height=\"695\" src=\"http:\/\/insideamateurfussball-ffm.de\/wp-content\/uploads\/2024\/03\/germ-oberr3-1024x695.jpg\" alt=\"\" class=\"wp-image-17579\" srcset=\"https:\/\/insideamateurfussball-ffm.de\/wp-content\/uploads\/2024\/03\/germ-oberr3-1024x695.jpg 1024w, https:\/\/insideamateurfussball-ffm.de\/wp-content\/uploads\/2024\/03\/germ-oberr3-300x203.jpg 300w, https:\/\/insideamateurfussball-ffm.de\/wp-content\/uploads\/2024\/03\/germ-oberr3-768x521.jpg 768w, https:\/\/insideamateurfussball-ffm.de\/wp-content\/uploads\/2024\/03\/germ-oberr3-1536x1042.jpg 1536w, https:\/\/insideamateurfussball-ffm.de\/wp-content\/uploads\/2024\/03\/germ-oberr3.jpg 1772w\" sizes=\"auto, (max-width: 1024px) 100vw, 1024px\" \/><\/figure>\n\n\n\n<figure class=\"wp-block-image size-large is-resized\"><img loading=\"lazy\" decoding=\"async\" width=\"1024\" height=\"690\" src=\"http:\/\/insideamateurfussball-ffm.de\/wp-content\/uploads\/2024\/03\/germ9-1024x690.jpg\" alt=\"\" class=\"wp-image-17570\" style=\"width:802px;height:auto\" srcset=\"https:\/\/insideamateurfussball-ffm.de\/wp-content\/uploads\/2024\/03\/germ9-1024x690.jpg 1024w, https:\/\/insideamateurfussball-ffm.de\/wp-content\/uploads\/2024\/03\/germ9-300x202.jpg 300w, https:\/\/insideamateurfussball-ffm.de\/wp-content\/uploads\/2024\/03\/germ9-768x518.jpg 768w, https:\/\/insideamateurfussball-ffm.de\/wp-content\/uploads\/2024\/03\/germ9-1536x1035.jpg 1536w, https:\/\/insideamateurfussball-ffm.de\/wp-content\/uploads\/2024\/03\/germ9.jpg 1890w\" sizes=\"auto, (max-width: 1024px) 100vw, 1024px\" \/><\/figure>\n\n\n\n<figure class=\"wp-block-image size-large\"><img loading=\"lazy\" decoding=\"async\" width=\"1024\" height=\"682\" src=\"http:\/\/insideamateurfussball-ffm.de\/wp-content\/uploads\/2024\/03\/germ4-1024x682.jpg\" alt=\"\" class=\"wp-image-17565\" srcset=\"https:\/\/insideamateurfussball-ffm.de\/wp-content\/uploads\/2024\/03\/germ4-1024x682.jpg 1024w, https:\/\/insideamateurfussball-ffm.de\/wp-content\/uploads\/2024\/03\/germ4-300x200.jpg 300w, https:\/\/insideamateurfussball-ffm.de\/wp-content\/uploads\/2024\/03\/germ4-768x511.jpg 768w, https:\/\/insideamateurfussball-ffm.de\/wp-content\/uploads\/2024\/03\/germ4-1536x1022.jpg 1536w, https:\/\/insideamateurfussball-ffm.de\/wp-content\/uploads\/2024\/03\/germ4.jpg 1890w\" sizes=\"auto, (max-width: 1024px) 100vw, 1024px\" \/><\/figure>\n\n\n\n<figure class=\"wp-block-image size-large\"><img loading=\"lazy\" decoding=\"async\" width=\"1024\" height=\"678\" src=\"http:\/\/insideamateurfussball-ffm.de\/wp-content\/uploads\/2024\/03\/germ5-1024x678.jpg\" alt=\"\" class=\"wp-image-17566\" srcset=\"https:\/\/insideamateurfussball-ffm.de\/wp-content\/uploads\/2024\/03\/germ5-1024x678.jpg 1024w, https:\/\/insideamateurfussball-ffm.de\/wp-content\/uploads\/2024\/03\/germ5-300x199.jpg 300w, https:\/\/insideamateurfussball-ffm.de\/wp-content\/uploads\/2024\/03\/germ5-768x508.jpg 768w, https:\/\/insideamateurfussball-ffm.de\/wp-content\/uploads\/2024\/03\/germ5-1536x1017.jpg 1536w, https:\/\/insideamateurfussball-ffm.de\/wp-content\/uploads\/2024\/03\/germ5.jpg 1890w\" sizes=\"auto, (max-width: 1024px) 100vw, 1024px\" \/><\/figure>\n\n\n\n<figure class=\"wp-block-image size-large\"><img loading=\"lazy\" decoding=\"async\" width=\"1024\" height=\"710\" src=\"http:\/\/insideamateurfussball-ffm.de\/wp-content\/uploads\/2024\/03\/germ6-1024x710.jpg\" alt=\"\" class=\"wp-image-17567\" srcset=\"https:\/\/insideamateurfussball-ffm.de\/wp-content\/uploads\/2024\/03\/germ6-1024x710.jpg 1024w, https:\/\/insideamateurfussball-ffm.de\/wp-content\/uploads\/2024\/03\/germ6-300x208.jpg 300w, https:\/\/insideamateurfussball-ffm.de\/wp-content\/uploads\/2024\/03\/germ6-768x532.jpg 768w, https:\/\/insideamateurfussball-ffm.de\/wp-content\/uploads\/2024\/03\/germ6-1536x1065.jpg 1536w, https:\/\/insideamateurfussball-ffm.de\/wp-content\/uploads\/2024\/03\/germ6.jpg 1890w\" sizes=\"auto, (max-width: 1024px) 100vw, 1024px\" \/><\/figure>\n\n\n\n<figure class=\"wp-block-image size-large\"><img loading=\"lazy\" decoding=\"async\" width=\"1024\" height=\"740\" src=\"http:\/\/insideamateurfussball-ffm.de\/wp-content\/uploads\/2024\/03\/germ7-1024x740.jpg\" alt=\"\" class=\"wp-image-17568\" srcset=\"https:\/\/insideamateurfussball-ffm.de\/wp-content\/uploads\/2024\/03\/germ7-1024x740.jpg 1024w, https:\/\/insideamateurfussball-ffm.de\/wp-content\/uploads\/2024\/03\/germ7-300x217.jpg 300w, https:\/\/insideamateurfussball-ffm.de\/wp-content\/uploads\/2024\/03\/germ7-768x555.jpg 768w, https:\/\/insideamateurfussball-ffm.de\/wp-content\/uploads\/2024\/03\/germ7-1536x1109.jpg 1536w, https:\/\/insideamateurfussball-ffm.de\/wp-content\/uploads\/2024\/03\/germ7.jpg 1890w\" sizes=\"auto, (max-width: 1024px) 100vw, 1024px\" \/><\/figure>\n\n\n\n<figure class=\"wp-block-image size-large\"><img loading=\"lazy\" decoding=\"async\" width=\"1024\" height=\"709\" src=\"http:\/\/insideamateurfussball-ffm.de\/wp-content\/uploads\/2024\/03\/germ11-1024x709.jpg\" alt=\"\" class=\"wp-image-17572\" srcset=\"https:\/\/insideamateurfussball-ffm.de\/wp-content\/uploads\/2024\/03\/germ11-1024x709.jpg 1024w, https:\/\/insideamateurfussball-ffm.de\/wp-content\/uploads\/2024\/03\/germ11-300x208.jpg 300w, https:\/\/insideamateurfussball-ffm.de\/wp-content\/uploads\/2024\/03\/germ11-768x532.jpg 768w, https:\/\/insideamateurfussball-ffm.de\/wp-content\/uploads\/2024\/03\/germ11-1536x1064.jpg 1536w, https:\/\/insideamateurfussball-ffm.de\/wp-content\/uploads\/2024\/03\/germ11.jpg 1705w\" sizes=\"auto, (max-width: 1024px) 100vw, 1024px\" \/><\/figure>\n\n\n\n<figure class=\"wp-block-image size-large\"><img loading=\"lazy\" decoding=\"async\" width=\"1024\" height=\"719\" src=\"http:\/\/insideamateurfussball-ffm.de\/wp-content\/uploads\/2024\/03\/germ12-1024x719.jpg\" alt=\"\" class=\"wp-image-17573\" srcset=\"https:\/\/insideamateurfussball-ffm.de\/wp-content\/uploads\/2024\/03\/germ12-1024x719.jpg 1024w, https:\/\/insideamateurfussball-ffm.de\/wp-content\/uploads\/2024\/03\/germ12-300x211.jpg 300w, https:\/\/insideamateurfussball-ffm.de\/wp-content\/uploads\/2024\/03\/germ12-768x539.jpg 768w, https:\/\/insideamateurfussball-ffm.de\/wp-content\/uploads\/2024\/03\/germ12-1536x1078.jpg 1536w, https:\/\/insideamateurfussball-ffm.de\/wp-content\/uploads\/2024\/03\/germ12.jpg 1890w\" sizes=\"auto, (max-width: 1024px) 100vw, 1024px\" \/><\/figure>\n\n\n\n<figure class=\"wp-block-image size-large\"><img loading=\"lazy\" decoding=\"async\" width=\"1024\" height=\"688\" src=\"http:\/\/insideamateurfussball-ffm.de\/wp-content\/uploads\/2024\/03\/germ13-1024x688.jpg\" alt=\"\" class=\"wp-image-17574\" srcset=\"https:\/\/insideamateurfussball-ffm.de\/wp-content\/uploads\/2024\/03\/germ13-1024x688.jpg 1024w, https:\/\/insideamateurfussball-ffm.de\/wp-content\/uploads\/2024\/03\/germ13-300x202.jpg 300w, https:\/\/insideamateurfussball-ffm.de\/wp-content\/uploads\/2024\/03\/germ13-768x516.jpg 768w, https:\/\/insideamateurfussball-ffm.de\/wp-content\/uploads\/2024\/03\/germ13-1536x1032.jpg 1536w, https:\/\/insideamateurfussball-ffm.de\/wp-content\/uploads\/2024\/03\/germ13.jpg 1890w\" sizes=\"auto, (max-width: 1024px) 100vw, 1024px\" \/><\/figure>\n\n\n\n<figure class=\"wp-block-image size-large\"><img loading=\"lazy\" decoding=\"async\" width=\"1024\" height=\"705\" src=\"http:\/\/insideamateurfussball-ffm.de\/wp-content\/uploads\/2024\/03\/germ14-1024x705.jpg\" alt=\"\" class=\"wp-image-17575\" srcset=\"https:\/\/insideamateurfussball-ffm.de\/wp-content\/uploads\/2024\/03\/germ14-1024x705.jpg 1024w, https:\/\/insideamateurfussball-ffm.de\/wp-content\/uploads\/2024\/03\/germ14-300x207.jpg 300w, https:\/\/insideamateurfussball-ffm.de\/wp-content\/uploads\/2024\/03\/germ14-768x529.jpg 768w, https:\/\/insideamateurfussball-ffm.de\/wp-content\/uploads\/2024\/03\/germ14-1536x1057.jpg 1536w, https:\/\/insideamateurfussball-ffm.de\/wp-content\/uploads\/2024\/03\/germ14.jpg 1890w\" sizes=\"auto, (max-width: 1024px) 100vw, 1024px\" \/><\/figure>\n\n\n\n<figure class=\"wp-block-image size-large\"><img loading=\"lazy\" decoding=\"async\" width=\"1024\" height=\"705\" src=\"http:\/\/insideamateurfussball-ffm.de\/wp-content\/uploads\/2024\/03\/germ15-1024x705.jpg\" alt=\"\" class=\"wp-image-17576\" srcset=\"https:\/\/insideamateurfussball-ffm.de\/wp-content\/uploads\/2024\/03\/germ15-1024x705.jpg 1024w, https:\/\/insideamateurfussball-ffm.de\/wp-content\/uploads\/2024\/03\/germ15-300x207.jpg 300w, https:\/\/insideamateurfussball-ffm.de\/wp-content\/uploads\/2024\/03\/germ15-768x529.jpg 768w, https:\/\/insideamateurfussball-ffm.de\/wp-content\/uploads\/2024\/03\/germ15-1536x1058.jpg 1536w, https:\/\/insideamateurfussball-ffm.de\/wp-content\/uploads\/2024\/03\/germ15-2048x1410.jpg 2048w\" sizes=\"auto, (max-width: 1024px) 100vw, 1024px\" \/><\/figure>\n\n\n","protected":false},"excerpt":{"rendered":"<p>Die Rot-Weissen aus Frankfurt konnten auch bei Germania Ober-Roden nicht punkten, zwei Elfmeter und eine gelb-rote Karte sorgten schnell f\u00fcr einen nicht aufholbaren R\u00fcckstand, am Ende stand es 0:4, ein Eigentor tat sein \u00dcbriges. Germania Ober-Roden &#8211; SG RW Frankfurt 4:0 (2:0) Ibo Cigdem, Trainer von RW Frankfurt, klagte nach dem Spiel: \u201ees war wie [&hellip;]<\/p>\n","protected":false},"author":3,"featured_media":17578,"comment_status":"open","ping_status":"open","sticky":true,"template":"","format":"standard","meta":{"footnotes":""},"categories":[10],"tags":[],"class_list":["post-17518","post","type-post","status-publish","format-standard","has-post-thumbnail","hentry","category-verbandsliga-sued"],"_links":{"self":[{"href":"https:\/\/insideamateurfussball-ffm.de\/index.php?rest_route=\/wp\/v2\/posts\/17518","targetHints":{"allow":["GET"]}}],"collection":[{"href":"https:\/\/insideamateurfussball-ffm.de\/index.php?rest_route=\/wp\/v2\/posts"}],"about":[{"href":"https:\/\/insideamateurfussball-ffm.de\/index.php?rest_route=\/wp\/v2\/types\/post"}],"author":[{"embeddable":true,"href":"https:\/\/insideamateurfussball-ffm.de\/index.php?rest_route=\/wp\/v2\/users\/3"}],"replies":[{"embeddable":true,"href":"https:\/\/insideamateurfussball-ffm.de\/index.php?rest_route=%2Fwp%2Fv2%2Fcomments&post=17518"}],"version-history":[{"count":6,"href":"https:\/\/insideamateurfussball-ffm.de\/index.php?rest_route=\/wp\/v2\/posts\/17518\/revisions"}],"predecessor-version":[{"id":17593,"href":"https:\/\/insideamateurfussball-ffm.de\/index.php?rest_route=\/wp\/v2\/posts\/17518\/revisions\/17593"}],"wp:featuredmedia":[{"embeddable":true,"href":"https:\/\/insideamateurfussball-ffm.de\/index.php?rest_route=\/wp\/v2\/media\/17578"}],"wp:attachment":[{"href":"https:\/\/insideamateurfussball-ffm.de\/index.php?rest_route=%2Fwp%2Fv2%2Fmedia&parent=17518"}],"wp:term":[{"taxonomy":"category","embeddable":true,"href":"https:\/\/insideamateurfussball-ffm.de\/index.php?rest_route=%2Fwp%2Fv2%2Fcategories&post=17518"},{"taxonomy":"post_tag","embeddable":true,"href":"https:\/\/insideamateurfussball-ffm.de\/index.php?rest_route=%2Fwp%2Fv2%2Ftags&post=17518"}],"curies":[{"name":"wp","href":"https:\/\/api.w.org\/{rel}","templated":true}]}}