{"id":1745,"date":"2022-07-27T19:55:35","date_gmt":"2022-07-27T19:55:35","guid":{"rendered":"http:\/\/insideamateurfussball-ffm.de\/?p=1745"},"modified":"2025-01-07T15:15:13","modified_gmt":"2025-01-07T14:15:13","slug":"keskin-neuer-trainer-in-enkheim","status":"publish","type":"post","link":"https:\/\/insideamateurfussball-ffm.de\/?p=1745","title":{"rendered":"Keskin neuer Trainer in Enkheim"},"content":{"rendered":"<h4>A-Ligist Germania Enkheim geht mit S\u00fcleyman Keskin als Cheftrainer in die neue Saison. Am Sonntag (15 Uhr) im Kreispokalspiel gegen die SG Westend gibt der 44-j\u00e4hrige sein Pflichtspieldeb\u00fct im Riedstadion.<\/h4>\n<figure id=\"attachment_1747\" aria-describedby=\"caption-attachment-1747\" style=\"width: 232px\" class=\"wp-caption alignnone\"><img loading=\"lazy\" decoding=\"async\" class=\"wp-image-1747\" src=\"http:\/\/insideamateurfussball-ffm.de\/wp-content\/uploads\/2022\/07\/keskin-225x300.jpg\" alt=\"\" width=\"232\" height=\"309\" srcset=\"https:\/\/insideamateurfussball-ffm.de\/wp-content\/uploads\/2022\/07\/keskin-225x300.jpg 225w, https:\/\/insideamateurfussball-ffm.de\/wp-content\/uploads\/2022\/07\/keskin.jpg 768w\" sizes=\"auto, (max-width: 232px) 100vw, 232px\" \/><figcaption id=\"caption-attachment-1747\" class=\"wp-caption-text\">S\u00fcleyman Keskin auf der Tartanbahn im Riedstadion. Foto: FCGE.<\/figcaption><\/figure>\n<p><img loading=\"lazy\" decoding=\"async\" class=\"alignnone size-full wp-image-1748\" src=\"http:\/\/insideamateurfussball-ffm.de\/wp-content\/uploads\/2022\/07\/Enkheim-1.jpg\" alt=\"\" width=\"63\" height=\"80\" \/><\/p>\n<p>Keskins letzte Trainerstation war der seinerzeit noch in der Kreisoberliga spielende FV Saz-Rock, wo der ehemalige Regionalliga-Spieler aufgrund der seiner Ansicht nach inakzeptablen Trainingsbeteiligung schon im September 2021 das Handtuch warf. Nun findet der Deutsch-T\u00fcrke im Osten der Stadt eine ambitionierte Mannschaft und hervorragende Trainingsbedingungen vor, soll den langj\u00e4hrigen Gruppenligisten zumindest wieder in die Kreisoberliga f\u00fchren. &#8222;In Enkheim gibt es Strukturen und sehr gute Fu\u00dfballer. Aus dem Umfeld kommt viel Unterst\u00fctzung, so ein Verein hat in der A-Klasse nichts zu suchen&#8220;, erkl\u00e4rt Keskin.<\/p>\n<p>Seine beste aktive Zeit verbrachte Keskin beim 1. FC Eschborn, wo der offensive Mittelfeldspieler in den Spielzeiten 2003\/04 und 2005\/06 45 Eins\u00e4tze absolvierte und ein Tor erzielte. Am l\u00e4ngsten spielte Keskin in der Oberliga Hessen. Hier stehen 159 Spiele und 28 Treffer in der Statistik. Von 1999 bis 2008 spielte er f\u00fcr den SV J\u00fcgesheim, FV Bad Vilbel, SG Hoechst, 1. FC Eschborn, Buchonia Flieden und Rot-Weiss Frankfurt.<\/p>\n","protected":false},"excerpt":{"rendered":"<p>A-Ligist Germania Enkheim geht mit S\u00fcleyman Keskin als Cheftrainer in die neue Saison. Am Sonntag (15 Uhr) im Kreispokalspiel gegen die SG Westend gibt der 44-j\u00e4hrige sein Pflichtspieldeb\u00fct im Riedstadion. Keskins letzte Trainerstation war der seinerzeit noch in der Kreisoberliga spielende FV Saz-Rock, wo der ehemalige Regionalliga-Spieler aufgrund der seiner Ansicht nach inakzeptablen Trainingsbeteiligung schon [&hellip;]<\/p>\n","protected":false},"author":1,"featured_media":1747,"comment_status":"open","ping_status":"open","sticky":false,"template":"","format":"standard","meta":{"footnotes":""},"categories":[14],"tags":[],"class_list":["post-1745","post","type-post","status-publish","format-standard","has-post-thumbnail","hentry","category-kreisliga-a2"],"_links":{"self":[{"href":"https:\/\/insideamateurfussball-ffm.de\/index.php?rest_route=\/wp\/v2\/posts\/1745","targetHints":{"allow":["GET"]}}],"collection":[{"href":"https:\/\/insideamateurfussball-ffm.de\/index.php?rest_route=\/wp\/v2\/posts"}],"about":[{"href":"https:\/\/insideamateurfussball-ffm.de\/index.php?rest_route=\/wp\/v2\/types\/post"}],"author":[{"embeddable":true,"href":"https:\/\/insideamateurfussball-ffm.de\/index.php?rest_route=\/wp\/v2\/users\/1"}],"replies":[{"embeddable":true,"href":"https:\/\/insideamateurfussball-ffm.de\/index.php?rest_route=%2Fwp%2Fv2%2Fcomments&post=1745"}],"version-history":[{"count":3,"href":"https:\/\/insideamateurfussball-ffm.de\/index.php?rest_route=\/wp\/v2\/posts\/1745\/revisions"}],"predecessor-version":[{"id":1755,"href":"https:\/\/insideamateurfussball-ffm.de\/index.php?rest_route=\/wp\/v2\/posts\/1745\/revisions\/1755"}],"wp:featuredmedia":[{"embeddable":true,"href":"https:\/\/insideamateurfussball-ffm.de\/index.php?rest_route=\/wp\/v2\/media\/1747"}],"wp:attachment":[{"href":"https:\/\/insideamateurfussball-ffm.de\/index.php?rest_route=%2Fwp%2Fv2%2Fmedia&parent=1745"}],"wp:term":[{"taxonomy":"category","embeddable":true,"href":"https:\/\/insideamateurfussball-ffm.de\/index.php?rest_route=%2Fwp%2Fv2%2Fcategories&post=1745"},{"taxonomy":"post_tag","embeddable":true,"href":"https:\/\/insideamateurfussball-ffm.de\/index.php?rest_route=%2Fwp%2Fv2%2Ftags&post=1745"}],"curies":[{"name":"wp","href":"https:\/\/api.w.org\/{rel}","templated":true}]}}