{"id":17417,"date":"2024-03-18T18:55:50","date_gmt":"2024-03-18T16:55:50","guid":{"rendered":"http:\/\/insideamateurfussball-ffm.de\/?p=17417"},"modified":"2024-03-18T23:14:44","modified_gmt":"2024-03-18T21:14:44","slug":"fechenheim-mit-pflichtsieg-in-oberstedten","status":"publish","type":"post","link":"https:\/\/insideamateurfussball-ffm.de\/?p=17417","title":{"rendered":"Fechenheim mit \u201ePflichtsieg\u201c in Oberstedten"},"content":{"rendered":"<h4>Die Spvgg. 03 Fechenheim setzt seine Erfolgsserie mit dem 3:0 beim 1.FC 09 Oberstedten fort und kann sich zwischenzeitlich nach 10 Punkten aus vier Spielen auf den neunten Tabellenrang verbessern.<\/h4>\n<figure id=\"attachment_13048\" aria-describedby=\"caption-attachment-13048\" style=\"width: 2016px\" class=\"wp-caption alignnone\"><img loading=\"lazy\" decoding=\"async\" class=\"wp-image-13048 size-full\" src=\"http:\/\/insideamateurfussball-ffm.de\/wp-content\/uploads\/2023\/09\/vilbelfech06.jpg\" alt=\"\" width=\"2016\" height=\"1512\" srcset=\"https:\/\/insideamateurfussball-ffm.de\/wp-content\/uploads\/2023\/09\/vilbelfech06.jpg 2016w, https:\/\/insideamateurfussball-ffm.de\/wp-content\/uploads\/2023\/09\/vilbelfech06-300x225.jpg 300w, https:\/\/insideamateurfussball-ffm.de\/wp-content\/uploads\/2023\/09\/vilbelfech06-1024x768.jpg 1024w, https:\/\/insideamateurfussball-ffm.de\/wp-content\/uploads\/2023\/09\/vilbelfech06-768x576.jpg 768w, https:\/\/insideamateurfussball-ffm.de\/wp-content\/uploads\/2023\/09\/vilbelfech06-1536x1152.jpg 1536w\" sizes=\"auto, (max-width: 2016px) 100vw, 2016px\" \/><figcaption id=\"caption-attachment-13048\" class=\"wp-caption-text\">Die Fechenheimer Mannschaft, hier beim Spiel in Bad Vilbel, setzte seine Erfolgsserie fort. Foto: Archiv<\/figcaption><\/figure>\n<h4>1.FC 09 Oberstedten &#8211; Spvgg. 03 Fechenheim 0:3 (0:0)<\/h4>\n<p><img loading=\"lazy\" decoding=\"async\" class=\"alignnone size-full wp-image-10171\" src=\"http:\/\/insideamateurfussball-ffm.de\/wp-content\/uploads\/2023\/06\/Oberstedten.jpg\" alt=\"\" width=\"64\" height=\"80\" \/><img loading=\"lazy\" decoding=\"async\" class=\"alignnone size-full wp-image-603\" src=\"http:\/\/insideamateurfussball-ffm.de\/wp-content\/uploads\/2022\/06\/Fech03.jpg\" alt=\"\" width=\"52\" height=\"80\" \/><\/p>\n<p>Die Spvgg. 03 Fechenheim fuhr mit viel Selbstbewusstsein zum 1.FC 09 Oberstedten, der als Tabellenvierzehnter bereits 17 Punkte R\u00fcckstand zum derzeitigen Relegationsplatz hat. Pr\u00e4sident Reinhold Schmidt sagte nach dem 3:0-Sieg: \u201edas waren die Spiele, die du gewinnen musst, um da unten herauszukommen.\u201c<\/p>\n<p>Aber es war ein schwer erk\u00e4mpfter Sieg, denn die Platzbedingungen in Oberstedten lie\u00dfen kein richtiges Spiel aufkommen. Und so taten sich die Fechenheimer in der ersten Halbzeit auch schwer, spielerisch zu Chancen zu kommen. Oberstedten hielt lange dagegen, und Fechenheims Torwart Armin Buchholz musste bei zwei Aktionen zugreifen, um die G\u00e4ste vor einem R\u00fcckstand zu bewahren. In der zweiten Halbzeit wirkten die Frankfurter G\u00e4ste dann spielerisch besser und fanden auch den Weg in die Spitze. Innerhalb von 11 Minuten war dann das Spiel entschieden. Zuerst profitierten die Fechenheimer von einem Eigentor der Gastgeber, Philipp Sch\u00e4fer erzielte das 1:0 f\u00fcr die Spvgg. Nur 6 Minuten sp\u00e4ter in der 62.Minute war es der in letzter Zeit sehr erfolgreiche Kaleab Eyassu, der das 2:0 folgen lie\u00df, und in der 67.Minute war es Kapit\u00e4n Ouassim Ouass, der den Endstand von 3.0 erzielte. Pr\u00e4sident Schmidt: \u201ees war das erwartet schwere Spiel, aber am Ende hat sich die Qualit\u00e4t durchgesetzt. Und wir haben gezeigt, dass wir auch ohne Mittelst\u00fcrmer Tore erzielen k\u00f6nnen.\u201c<\/p>\n<p>Mit dem Sieg in Oberstedten erspielten sich die Fechenheimer jetzt 10 Punkte aus 4 Spielen mit einem Torverh\u00e4ltnis von 17:2. Nach zuletzt 3 Ausw\u00e4rtssiegen geht es am kommenden Wochenende wieder ausw\u00e4rts weiter, man f\u00e4hrt zum FC Kalbach, der gerade seinen vierten Sieg in Folge feierte.<\/p>\n<h4>Schiedsrichter: Florian Rahn (SV Herolz). Zuschauer:80.<\/h4>\n<h4>Tore: 0:1 Philipp Sch\u00e4fer (56., Eigentor), 0:2 Kaleab Eyassu (62.), 0:3 Ouassim Ouass (67.)<\/h4>\n","protected":false},"excerpt":{"rendered":"<p>Die Spvgg. 03 Fechenheim setzt seine Erfolgsserie mit dem 3:0 beim 1.FC 09 Oberstedten fort und kann sich zwischenzeitlich nach 10 Punkten aus vier Spielen auf den neunten Tabellenrang verbessern. 1.FC 09 Oberstedten &#8211; Spvgg. 03 Fechenheim 0:3 (0:0) Die Spvgg. 03 Fechenheim fuhr mit viel Selbstbewusstsein zum 1.FC 09 Oberstedten, der als Tabellenvierzehnter bereits [&hellip;]<\/p>\n","protected":false},"author":3,"featured_media":13048,"comment_status":"open","ping_status":"open","sticky":true,"template":"","format":"standard","meta":{"footnotes":""},"categories":[13],"tags":[],"class_list":["post-17417","post","type-post","status-publish","format-standard","has-post-thumbnail","hentry","category-gruppenliga-frankfurt-west"],"_links":{"self":[{"href":"https:\/\/insideamateurfussball-ffm.de\/index.php?rest_route=\/wp\/v2\/posts\/17417","targetHints":{"allow":["GET"]}}],"collection":[{"href":"https:\/\/insideamateurfussball-ffm.de\/index.php?rest_route=\/wp\/v2\/posts"}],"about":[{"href":"https:\/\/insideamateurfussball-ffm.de\/index.php?rest_route=\/wp\/v2\/types\/post"}],"author":[{"embeddable":true,"href":"https:\/\/insideamateurfussball-ffm.de\/index.php?rest_route=\/wp\/v2\/users\/3"}],"replies":[{"embeddable":true,"href":"https:\/\/insideamateurfussball-ffm.de\/index.php?rest_route=%2Fwp%2Fv2%2Fcomments&post=17417"}],"version-history":[{"count":3,"href":"https:\/\/insideamateurfussball-ffm.de\/index.php?rest_route=\/wp\/v2\/posts\/17417\/revisions"}],"predecessor-version":[{"id":17477,"href":"https:\/\/insideamateurfussball-ffm.de\/index.php?rest_route=\/wp\/v2\/posts\/17417\/revisions\/17477"}],"wp:featuredmedia":[{"embeddable":true,"href":"https:\/\/insideamateurfussball-ffm.de\/index.php?rest_route=\/wp\/v2\/media\/13048"}],"wp:attachment":[{"href":"https:\/\/insideamateurfussball-ffm.de\/index.php?rest_route=%2Fwp%2Fv2%2Fmedia&parent=17417"}],"wp:term":[{"taxonomy":"category","embeddable":true,"href":"https:\/\/insideamateurfussball-ffm.de\/index.php?rest_route=%2Fwp%2Fv2%2Fcategories&post=17417"},{"taxonomy":"post_tag","embeddable":true,"href":"https:\/\/insideamateurfussball-ffm.de\/index.php?rest_route=%2Fwp%2Fv2%2Ftags&post=17417"}],"curies":[{"name":"wp","href":"https:\/\/api.w.org\/{rel}","templated":true}]}}