{"id":17414,"date":"2024-03-18T18:55:31","date_gmt":"2024-03-18T16:55:31","guid":{"rendered":"http:\/\/insideamateurfussball-ffm.de\/?p=17414"},"modified":"2024-03-18T18:55:31","modified_gmt":"2024-03-18T16:55:31","slug":"kalbach-weiter-auf-dem-vormarsch","status":"publish","type":"post","link":"https:\/\/insideamateurfussball-ffm.de\/?p=17414","title":{"rendered":"Kalbach weiter auf dem Vormarsch"},"content":{"rendered":"<h4>Der FC Kalbach h\u00e4lt den Kontakt zur Tabellenspitze. Mit dem 3:0 im Frankfurter Stadtduell beim FC Tempo konnte man den vierten Sieg in Folge einfahren, w\u00e4hrend der FC Tempo trotz der Niederlage seinen 5-Punkte-Abstand auf den Relegationsplatz halten kann.<\/h4>\n<figure id=\"attachment_12857\" aria-describedby=\"caption-attachment-12857\" style=\"width: 1058px\" class=\"wp-caption alignnone\"><img loading=\"lazy\" decoding=\"async\" class=\"wp-image-12857 size-full\" src=\"http:\/\/insideamateurfussball-ffm.de\/wp-content\/uploads\/2023\/09\/kal16.jpg\" alt=\"\" width=\"1058\" height=\"778\" srcset=\"https:\/\/insideamateurfussball-ffm.de\/wp-content\/uploads\/2023\/09\/kal16.jpg 1058w, https:\/\/insideamateurfussball-ffm.de\/wp-content\/uploads\/2023\/09\/kal16-300x221.jpg 300w, https:\/\/insideamateurfussball-ffm.de\/wp-content\/uploads\/2023\/09\/kal16-1024x753.jpg 1024w, https:\/\/insideamateurfussball-ffm.de\/wp-content\/uploads\/2023\/09\/kal16-768x565.jpg 768w\" sizes=\"auto, (max-width: 1058px) 100vw, 1058px\" \/><figcaption id=\"caption-attachment-12857\" class=\"wp-caption-text\">Am Donnerstag von der Sportzeitschrift kicker gew\u00fcrdigt war Achraf Gara Ali mal wieder mit zwei Toren Garant des Erfolges. Foto: Archiv: Mithat G\u00fcrser<\/figcaption><\/figure>\n<h4>FC Tempo &#8211; FC Kalbach 0:3 (0:2)<\/h4>\n<p><img loading=\"lazy\" decoding=\"async\" class=\"alignnone size-full wp-image-31\" src=\"http:\/\/insideamateurfussball-ffm.de\/wp-content\/uploads\/2021\/11\/Tempo.jpg\" alt=\"\" width=\"80\" height=\"80\" \/><img loading=\"lazy\" decoding=\"async\" class=\"alignnone size-full wp-image-16\" src=\"http:\/\/insideamateurfussball-ffm.de\/wp-content\/uploads\/2021\/11\/kalbach-wappen.jpg\" alt=\"\" width=\"80\" height=\"80\" \/><\/p>\n<p>Nach einem Unentschieden und drei Siegen in Folge im Jahr 2024 trat der FC Kalbach selbstbewusst beim Aufsteiger FC Tempo an und begann sehr aggressiv und dominant. Manfred Meyer aus der sportlichen Leitung der Kalbacher sagte: \u201ees war ein tolles und fantastisches Spiel meiner Mannschaft.\u201c Die Kalbacher waren in der ersten Halbzeit in allen Belangen besser als der FC Tempo, dessen sportlicher Zoran Marcetic konstatierte: \u201ewir haben die erste Halbzeit komplett verschlafen und zwei Tore bekommen, wir haben kein Mittel gegen den Topst\u00fcrmer von Kalbach gefunden.\u201c<\/p>\n<p>Eben jener Topst\u00fcrmer, Achraf Gara Ali, brachte die Kalbacher in der 31.Minute in Front, ehe dann Facundo Javier Benitez in der 43.Minute f\u00fcr die G\u00e4ste sogar auf 2:0 erh\u00f6hen konnte. In der zweiten Halbzeit konnte der Aufsteiger aus Ginnheim die Partie dann ausgeglichener gestalten, war vor dem Tor aber nicht gef\u00e4hrlich genug. So konnte der Gast auf Kalbach in der 89.Minute durch einen Konter durch Achraf Gara Ali noch auf 3:0 erh\u00f6hen. Achraf Gara Ali, \u00fcber den am Donnerstag in der Sportzeitschtrft kicker berichtet wurde, schoss damit erneut zwei Tore und setzte sich in der Torsch\u00fctzenliste mit jetzt 34 Toren an der Spitze weiter ab. Zoran Marcetic sagte nach dem Spiel: \u201ezwei Tore Unterschied ist ok, drei ist etwas viel. Aber wir haben verdient verloren und haben in der zweiten Halbzeit das nicht wieder gutmachen k\u00f6nnen, was wir in der ersten vers\u00e4umt haben.\u201c Kalbachs Manfred Meyer freut sich \u00fcber das \u201efantastische Spiel\u201c seiner Mannschaft und dar\u00fcber, dass man die Chance auf Platz 2 erhalten konnte.<\/p>\n<p>Am kommenden Wochenende kommt es in Kalbach zum Topduell der zwei erfolgreichsten Mannschaften nach der Winterpause, Kalbach mit seinen 13 Punkten aus 5 Spielen trifft auf die Spvgg. 03 Fechenheim, die in vier Spielen 10 Punkte ergattern konnte. Der FC Tempo hingegen muss nach Seckbach, ein wichtiges Spiel im Kampf um den Relegationsplatz.<\/p>\n<h4>Schiedsrichter: Pascal Kischel (SKG Bickenbach). Zuschauer: 180.<\/h4>\n<h4>Tore: 0:1 Achraf Gara Ali (31.), 0:2 Facundo Javier Benitez (43.), 0:3 Achraf Gara Ali (89.)<\/h4>\n","protected":false},"excerpt":{"rendered":"<p>Der FC Kalbach h\u00e4lt den Kontakt zur Tabellenspitze. Mit dem 3:0 im Frankfurter Stadtduell beim FC Tempo konnte man den vierten Sieg in Folge einfahren, w\u00e4hrend der FC Tempo trotz der Niederlage seinen 5-Punkte-Abstand auf den Relegationsplatz halten kann. FC Tempo &#8211; FC Kalbach 0:3 (0:2) Nach einem Unentschieden und drei Siegen in Folge im [&hellip;]<\/p>\n","protected":false},"author":3,"featured_media":12857,"comment_status":"open","ping_status":"open","sticky":true,"template":"","format":"standard","meta":{"footnotes":""},"categories":[13],"tags":[],"class_list":["post-17414","post","type-post","status-publish","format-standard","has-post-thumbnail","hentry","category-gruppenliga-frankfurt-west"],"_links":{"self":[{"href":"https:\/\/insideamateurfussball-ffm.de\/index.php?rest_route=\/wp\/v2\/posts\/17414","targetHints":{"allow":["GET"]}}],"collection":[{"href":"https:\/\/insideamateurfussball-ffm.de\/index.php?rest_route=\/wp\/v2\/posts"}],"about":[{"href":"https:\/\/insideamateurfussball-ffm.de\/index.php?rest_route=\/wp\/v2\/types\/post"}],"author":[{"embeddable":true,"href":"https:\/\/insideamateurfussball-ffm.de\/index.php?rest_route=\/wp\/v2\/users\/3"}],"replies":[{"embeddable":true,"href":"https:\/\/insideamateurfussball-ffm.de\/index.php?rest_route=%2Fwp%2Fv2%2Fcomments&post=17414"}],"version-history":[{"count":2,"href":"https:\/\/insideamateurfussball-ffm.de\/index.php?rest_route=\/wp\/v2\/posts\/17414\/revisions"}],"predecessor-version":[{"id":17416,"href":"https:\/\/insideamateurfussball-ffm.de\/index.php?rest_route=\/wp\/v2\/posts\/17414\/revisions\/17416"}],"wp:featuredmedia":[{"embeddable":true,"href":"https:\/\/insideamateurfussball-ffm.de\/index.php?rest_route=\/wp\/v2\/media\/12857"}],"wp:attachment":[{"href":"https:\/\/insideamateurfussball-ffm.de\/index.php?rest_route=%2Fwp%2Fv2%2Fmedia&parent=17414"}],"wp:term":[{"taxonomy":"category","embeddable":true,"href":"https:\/\/insideamateurfussball-ffm.de\/index.php?rest_route=%2Fwp%2Fv2%2Fcategories&post=17414"},{"taxonomy":"post_tag","embeddable":true,"href":"https:\/\/insideamateurfussball-ffm.de\/index.php?rest_route=%2Fwp%2Fv2%2Ftags&post=17414"}],"curies":[{"name":"wp","href":"https:\/\/api.w.org\/{rel}","templated":true}]}}