{"id":1741,"date":"2022-07-27T19:14:32","date_gmt":"2022-07-27T19:14:32","guid":{"rendered":"http:\/\/insideamateurfussball-ffm.de\/?p=1741"},"modified":"2025-01-07T15:15:20","modified_gmt":"2025-01-07T14:15:20","slug":"bosnien-realistisch-ziel-mittelfeldplatz","status":"publish","type":"post","link":"https:\/\/insideamateurfussball-ffm.de\/?p=1741","title":{"rendered":"Bosnien realistisch: Ziel Mittelfeldplatz"},"content":{"rendered":"<h4>Nach drei Spielzeiten in der Fu\u00dfball-Verbandsliga S\u00fcd, wo der SV BKC Bosnien zweimal vom aufgrund der Corona-Pandemie ausgesetzten Abstieg profitierte und den Klassenerhalt im dritten Jahr sportlich nicht schaffte, hei\u00dft die Realit\u00e4t f\u00fcr die Bosnier wieder Gruppenliga Frankfurt West.<\/h4>\n<figure id=\"attachment_1742\" aria-describedby=\"caption-attachment-1742\" style=\"width: 309px\" class=\"wp-caption alignnone\"><img loading=\"lazy\" decoding=\"async\" class=\"wp-image-1742\" src=\"http:\/\/insideamateurfussball-ffm.de\/wp-content\/uploads\/2022\/07\/pressemann-bosnien-300x239.jpg\" alt=\"\" width=\"309\" height=\"246\" srcset=\"https:\/\/insideamateurfussball-ffm.de\/wp-content\/uploads\/2022\/07\/pressemann-bosnien-300x239.jpg 300w, https:\/\/insideamateurfussball-ffm.de\/wp-content\/uploads\/2022\/07\/pressemann-bosnien-768x612.jpg 768w, https:\/\/insideamateurfussball-ffm.de\/wp-content\/uploads\/2022\/07\/pressemann-bosnien.jpg 868w\" sizes=\"auto, (max-width: 309px) 100vw, 309px\" \/><figcaption id=\"caption-attachment-1742\" class=\"wp-caption-text\">Bosniens Pressesprecher Admir Malohodzic gibt realistische Saisonziele vor. Foto: Mithat G\u00fcrser.<\/figcaption><\/figure>\n<p><img loading=\"lazy\" decoding=\"async\" class=\"alignnone size-full wp-image-139\" src=\"http:\/\/insideamateurfussball-ffm.de\/wp-content\/uploads\/2022\/05\/Bosnien.jpg\" alt=\"\" width=\"79\" height=\"80\" \/><\/p>\n<p>In dieser Spielklasse verbrachte der Frankfurter Club mit den bosnischen Wurzeln nach dem Aufstieg aus der Kreisoberliga im Sommer 2016 ebenfalls drei Jahre, ehe das Abenteuer in der zweith\u00f6chsten hessischen Amateurklasse begann. Nach dem bitteren Abstieg hat sich jedoch das Gesicht der Mannschaft erneut stark ver\u00e4ndert, denn zw\u00f6lf Spieler haben den Verein verlassen. Darunter mit Torj\u00e4ger Kodai Hayashi und Abwehrmann Ren Gatamura die beiden Japaner, die es in die Hessenliga zu T\u00fcrk G\u00fcc\u00fc Friedberg zog. Andere Akteure wie Tolga Memet (VfB Ginsheim) und Denis Halilovic (Dersim R\u00fcsselsheim) wollten weiter Verbandsliga spielen und entschieden sich deswegen zu einem Wechsel.<\/p>\n<div><\/div>\n<div>Gleich ein ganzes Quartett (Edin Kitic, Irhan Hadzimehmedagic, Admir Cehajic und Kenan Hadzic) sind zum SV Gronau in die Kreisoberliga Friedberg gegangen. Au\u00dferdem nicht mehr dabei sind Asmir Hajdarovic (Wiking Offenbach) sowie Denis Adrovic, Jasmin Redzic und Musa Jamali (alle Ziel unbekannt). Gekommen sind im Gegenzug zw\u00f6lf neue Spieler, von denen Bakir Hota (Lichtenauer SV), Ular Mansour Mohamed, Noel Yosef (beide Germania Schwanheim) und Handzic Nadir (direkt aus Bosnien) h\u00f6herklassige Erfahrung mitbringen. Da der Club von der Ackermannwiese mit der Mentalit\u00e4t von Japanern gute Erfahrungen gemacht hat, steht mit Yo Yonemaru wieder ein Mann aus Fernasien im Aufgebot. Die weiteren Neuzug\u00e4nge Kevin Brandt, Ediz G\u00fcral (beide FC Wei\u00dfkirchen), Linus Dogan (OSC Rosenh\u00f6he Offenbach), Almedin Basic (SV Hofheim), Kenan Karic (SV Gronau), Ozan Nokipoglu (SFD Schwanheim) und Neagu Adrian (VfB Offenbach) m\u00fcssen sich \u00fcberwiegend noch an das Gruppenliga-Niveau gew\u00f6hnen.<\/div>\n<div><\/div>\n<blockquote>\n<div>&#8222;Wir haben nicht die Mannschaft, um vom Aufstieg zu sprechen, davon k\u00f6nnen wir nicht tr\u00e4umen.&#8220; (Pressesprecher Admir Malohodzic).<\/div>\n<\/blockquote>\n<div><\/div>\n<div>Dass angesichts dieser umfangreichen Personal\u00e4nderungen vom direkten Wiederaufstieg keine Rede sein kann, versteht sich bei den Bosniern von selbst. Pressesprecher Admir Malohodzic gibt mit dem Erreichen eines Mittelfeldplatzes ein realistisches Saisonziel aus. &#8222;Wir haben nicht die Mannschaft, um vom Aufstieg zu sprechen, davon k\u00f6nnen wir nicht tr\u00e4umen.&#8220; Der Qualit\u00e4tsverlust m\u00fcsse kompensiert werden und die Mannschaft die ver\u00e4nderte Spielweise in der Gruppenliga verinnerlichen. Die Vorbereitung verlief schleppend, denn aufgrund der Urlaubszeit fehlten eine Vielzahl an Leuten, was sich auch zu Beginn der Pflichtspiele nicht \u00e4ndern werde. Verl\u00e4ngert haben die Bosnier trotz des Abstieges die Zusammenarbeit mit dem erst im M\u00e4rz als Nachfolger von Kurzzeit-Trainer Enis Dzihic installierten Trainerduos Miodrag &#8222;Miki&#8220; Vucenovic und Ejub Bubalo. &#8222;Wir sind mit ihrer Arbeit trotz des Abstieges zufrieden, sie erreichen mit ihren Methoden die Mannschaft&#8220;, begr\u00fcndet Malohodzic die Verl\u00e4ngerung.<\/div>\n<div><\/div>\n<div><\/div>\n<div><\/div>\n<div>&#8222;Wir m\u00fcssen die Gruppenliga schnell wieder annehmen und uns im Mittelfeld der Tabelle einpendeln&#8220;, fordert Malohodzic. Der Funktion\u00e4r sieht den Club durch den Aufstieg der Zweiten Mannschaft in die A-Klasse (&#8222;Das Ziel hier ist der Klassenerhalt&#8220;) und der erstmaligen Meldung von zwei A-Jugendteams gut im Unterbau aufgestellt. &#8222;Gerade in der Jugend gibt es viel Potenzial, da kommen die n\u00e4chsten Jahre gute Kicker raus&#8220;, wei\u00df Malohodzic. Durch den Umbau der Sportanlage und die gute Vereinsstruktur sind die Bosnier in der Lage, immer wieder gute und interessante Spieler zu akquirieren. Die neuformierte Mannschaft sollte keine Probleme haben, sich wie vorgegeben im Mittelfeld zu bewegen. Zumal in der Offensive Leistungstr\u00e4ger wie Hamza Reko und Matej Rugle gehalten werden konnten. In Sachen Meisterschaft geht f\u00fcr Malohodzic kein Weg an den Sportfreunden Friedrichsdorf vorbei: &#8222;Sie haben Topspieler aus der Hessenliga geholt. Diese Mannschaft wird kaum zu halten sein.&#8220;<\/div>\n<div><\/div>\n<div><\/div>\n","protected":false},"excerpt":{"rendered":"<p>Nach drei Spielzeiten in der Fu\u00dfball-Verbandsliga S\u00fcd, wo der SV BKC Bosnien zweimal vom aufgrund der Corona-Pandemie ausgesetzten Abstieg profitierte und den Klassenerhalt im dritten Jahr sportlich nicht schaffte, hei\u00dft die Realit\u00e4t f\u00fcr die Bosnier wieder Gruppenliga Frankfurt West. In dieser Spielklasse verbrachte der Frankfurter Club mit den bosnischen Wurzeln nach dem Aufstieg aus der [&hellip;]<\/p>\n","protected":false},"author":1,"featured_media":1742,"comment_status":"open","ping_status":"open","sticky":false,"template":"","format":"standard","meta":{"footnotes":""},"categories":[13],"tags":[],"class_list":["post-1741","post","type-post","status-publish","format-standard","has-post-thumbnail","hentry","category-gruppenliga-frankfurt-west"],"_links":{"self":[{"href":"https:\/\/insideamateurfussball-ffm.de\/index.php?rest_route=\/wp\/v2\/posts\/1741","targetHints":{"allow":["GET"]}}],"collection":[{"href":"https:\/\/insideamateurfussball-ffm.de\/index.php?rest_route=\/wp\/v2\/posts"}],"about":[{"href":"https:\/\/insideamateurfussball-ffm.de\/index.php?rest_route=\/wp\/v2\/types\/post"}],"author":[{"embeddable":true,"href":"https:\/\/insideamateurfussball-ffm.de\/index.php?rest_route=\/wp\/v2\/users\/1"}],"replies":[{"embeddable":true,"href":"https:\/\/insideamateurfussball-ffm.de\/index.php?rest_route=%2Fwp%2Fv2%2Fcomments&post=1741"}],"version-history":[{"count":3,"href":"https:\/\/insideamateurfussball-ffm.de\/index.php?rest_route=\/wp\/v2\/posts\/1741\/revisions"}],"predecessor-version":[{"id":16518,"href":"https:\/\/insideamateurfussball-ffm.de\/index.php?rest_route=\/wp\/v2\/posts\/1741\/revisions\/16518"}],"wp:featuredmedia":[{"embeddable":true,"href":"https:\/\/insideamateurfussball-ffm.de\/index.php?rest_route=\/wp\/v2\/media\/1742"}],"wp:attachment":[{"href":"https:\/\/insideamateurfussball-ffm.de\/index.php?rest_route=%2Fwp%2Fv2%2Fmedia&parent=1741"}],"wp:term":[{"taxonomy":"category","embeddable":true,"href":"https:\/\/insideamateurfussball-ffm.de\/index.php?rest_route=%2Fwp%2Fv2%2Fcategories&post=1741"},{"taxonomy":"post_tag","embeddable":true,"href":"https:\/\/insideamateurfussball-ffm.de\/index.php?rest_route=%2Fwp%2Fv2%2Ftags&post=1741"}],"curies":[{"name":"wp","href":"https:\/\/api.w.org\/{rel}","templated":true}]}}