{"id":17409,"date":"2024-03-18T18:55:13","date_gmt":"2024-03-18T16:55:13","guid":{"rendered":"http:\/\/insideamateurfussball-ffm.de\/?p=17409"},"modified":"2024-03-18T18:55:13","modified_gmt":"2024-03-18T16:55:13","slug":"oberrad-mit-heim-debakel-gegen-spitzenreiter","status":"publish","type":"post","link":"https:\/\/insideamateurfussball-ffm.de\/?p=17409","title":{"rendered":"Oberrad mit Heim-Debakel gegen Spitzenreiter"},"content":{"rendered":"<h4>Die Spvgg. Oberrad konnte ihren guten Lauf mit drei Siegen in Folge nicht fortsetzen und verlor gegen den Tabellenf\u00fchrer FC Neu-Anspach deutlich mit 0:5. W\u00e4hrend der Spitzenreiter sich weiter absetzen konnte, verlor die Spvgg. den Kontakt zu den Aufstiegspl\u00e4tzen.<\/h4>\n<figure id=\"attachment_14872\" aria-describedby=\"caption-attachment-14872\" style=\"width: 2016px\" class=\"wp-caption alignnone\"><img loading=\"lazy\" decoding=\"async\" class=\"wp-image-14872 size-full\" src=\"http:\/\/insideamateurfussball-ffm.de\/wp-content\/uploads\/2023\/11\/anspach01.jpeg\" alt=\"\" width=\"2016\" height=\"1512\" srcset=\"https:\/\/insideamateurfussball-ffm.de\/wp-content\/uploads\/2023\/11\/anspach01.jpeg 2016w, https:\/\/insideamateurfussball-ffm.de\/wp-content\/uploads\/2023\/11\/anspach01-300x225.jpeg 300w, https:\/\/insideamateurfussball-ffm.de\/wp-content\/uploads\/2023\/11\/anspach01-1024x768.jpeg 1024w, https:\/\/insideamateurfussball-ffm.de\/wp-content\/uploads\/2023\/11\/anspach01-768x576.jpeg 768w, https:\/\/insideamateurfussball-ffm.de\/wp-content\/uploads\/2023\/11\/anspach01-1536x1152.jpeg 1536w\" sizes=\"auto, (max-width: 2016px) 100vw, 2016px\" \/><figcaption id=\"caption-attachment-14872\" class=\"wp-caption-text\">Neu-Anspachs Trainer Salvatore Cirrincione konnte mit seiner Mannschaft zufrieden sein. Foto: Archiv<\/figcaption><\/figure>\n<h4>Spvgg. 05 Oberrad &#8211; FC Neu-Anspach 0:5 (0:4)<\/h4>\n<p><img loading=\"lazy\" decoding=\"async\" class=\"alignnone size-full wp-image-137\" src=\"http:\/\/insideamateurfussball-ffm.de\/wp-content\/uploads\/2022\/05\/Oberrad05.jpg\" alt=\"\" width=\"79\" height=\"80\" \/><img loading=\"lazy\" decoding=\"async\" class=\"alignnone size-full wp-image-16512\" src=\"http:\/\/insideamateurfussball-ffm.de\/wp-content\/uploads\/2024\/01\/logo-neu-anspach.jpeg\" alt=\"\" width=\"80\" height=\"79\" \/><\/p>\n<p>Um vielleicht noch Chancen auf den Aufstiegsplatz zu haben, sollte f\u00fcr die Spvgg. Oberrad der Lauf fortgesetzt werden und gegen den Tabellenf\u00fchrer aus Neu-Anspach gepunktet werden. Am Ende aber musste man eine ern\u00fcchternde 0:5-Niederlage einstecken. Rene Gilles brachte die G\u00e4ste aus Neu-Anspach fr\u00fch in der 3.Minute mit 1:0 in F\u00fchrung, die danach das Spiel beherrschten und in der ersten H\u00e4lfte noch drei weitere Tore schossen, Markus Hofmeier in der 24.Minute, Mike Horn in der 34.Minute und erneut Rene Gilles in der 41.Minute erh\u00f6hten schon bis zur Pause auf 4.0. Und in das Bild des Tages passte es dann auch, dass Masse Bell Bell kurz vor der Pause mit einem Elfmeter am G\u00e4ste-Torwart Mario Schreiber scheiterte. 05-Trainer Gabriel Bernstein meinte dazu: \u201eDie G\u00e4ste haben sehr erwachsen gespielt, meine Jungs waren zu gr\u00fcn hinter den Ohren. Und wir haben uns durch eigene Fehler, u.a. zwei Torwartfehler selbst geschlagen.\u201c<\/p>\n<p>Der Tabellenf\u00fchrer aus Neu-Anspach lie\u00df es in der zweiten Halbzeit ruhiger angehen und erzielte noch einen weiteren Treffer zum Endstand von 5.0 in der74.Minute durch Bilal El Makrini. Trainer Bernstein:\u201c wir m\u00fcssen uns jetzt den Mund abputzen und weitermachen. Unser Ziel dieses Jahr ist es, die Mannschaft weiterzuentwickeln, und da ist sie auf einem guten Weg.\u201c Am n\u00e4chsten Wochenende ist Oberrad dann beim T\u00fcrkischen SV Bad Nauheim zu Gast.<\/p>\n<h4>Schiedsrichter: Emre Can (FSV 1911 Sprachbr\u00fccken). Zuschauer: 80.<\/h4>\n<h4>Tore: 0:1 Rene Gilles (3.), 0:2 Markus Hofmeier (24.), 0:3 Mike Horn (34.), 0:4 Rene Gilles (41.), 0.5 Bilal El Makrini (74.)<\/h4>\n","protected":false},"excerpt":{"rendered":"<p>Die Spvgg. Oberrad konnte ihren guten Lauf mit drei Siegen in Folge nicht fortsetzen und verlor gegen den Tabellenf\u00fchrer FC Neu-Anspach deutlich mit 0:5. W\u00e4hrend der Spitzenreiter sich weiter absetzen konnte, verlor die Spvgg. den Kontakt zu den Aufstiegspl\u00e4tzen. Spvgg. 05 Oberrad &#8211; FC Neu-Anspach 0:5 (0:4) Um vielleicht noch Chancen auf den Aufstiegsplatz zu [&hellip;]<\/p>\n","protected":false},"author":3,"featured_media":14872,"comment_status":"open","ping_status":"open","sticky":true,"template":"","format":"standard","meta":{"footnotes":""},"categories":[13],"tags":[],"class_list":["post-17409","post","type-post","status-publish","format-standard","has-post-thumbnail","hentry","category-gruppenliga-frankfurt-west"],"_links":{"self":[{"href":"https:\/\/insideamateurfussball-ffm.de\/index.php?rest_route=\/wp\/v2\/posts\/17409","targetHints":{"allow":["GET"]}}],"collection":[{"href":"https:\/\/insideamateurfussball-ffm.de\/index.php?rest_route=\/wp\/v2\/posts"}],"about":[{"href":"https:\/\/insideamateurfussball-ffm.de\/index.php?rest_route=\/wp\/v2\/types\/post"}],"author":[{"embeddable":true,"href":"https:\/\/insideamateurfussball-ffm.de\/index.php?rest_route=\/wp\/v2\/users\/3"}],"replies":[{"embeddable":true,"href":"https:\/\/insideamateurfussball-ffm.de\/index.php?rest_route=%2Fwp%2Fv2%2Fcomments&post=17409"}],"version-history":[{"count":3,"href":"https:\/\/insideamateurfussball-ffm.de\/index.php?rest_route=\/wp\/v2\/posts\/17409\/revisions"}],"predecessor-version":[{"id":17412,"href":"https:\/\/insideamateurfussball-ffm.de\/index.php?rest_route=\/wp\/v2\/posts\/17409\/revisions\/17412"}],"wp:featuredmedia":[{"embeddable":true,"href":"https:\/\/insideamateurfussball-ffm.de\/index.php?rest_route=\/wp\/v2\/media\/14872"}],"wp:attachment":[{"href":"https:\/\/insideamateurfussball-ffm.de\/index.php?rest_route=%2Fwp%2Fv2%2Fmedia&parent=17409"}],"wp:term":[{"taxonomy":"category","embeddable":true,"href":"https:\/\/insideamateurfussball-ffm.de\/index.php?rest_route=%2Fwp%2Fv2%2Fcategories&post=17409"},{"taxonomy":"post_tag","embeddable":true,"href":"https:\/\/insideamateurfussball-ffm.de\/index.php?rest_route=%2Fwp%2Fv2%2Ftags&post=17409"}],"curies":[{"name":"wp","href":"https:\/\/api.w.org\/{rel}","templated":true}]}}