{"id":1732,"date":"2022-07-26T20:33:24","date_gmt":"2022-07-26T20:33:24","guid":{"rendered":"http:\/\/insideamateurfussball-ffm.de\/?p=1732"},"modified":"2025-01-07T15:15:30","modified_gmt":"2025-01-07T14:15:30","slug":"fechenheim-will-im-oberen-drittel-landen","status":"publish","type":"post","link":"https:\/\/insideamateurfussball-ffm.de\/?p=1732","title":{"rendered":"Fechenheim will im oberen Drittel landen"},"content":{"rendered":"<h5>In der f\u00fcnften Saison in Folge will sich die Spvgg. Fechenheim in der Gruppenliga Frankfurt West weiter im oberen Drittel etablieren.<\/h5>\n<figure id=\"attachment_1733\" aria-describedby=\"caption-attachment-1733\" style=\"width: 312px\" class=\"wp-caption alignnone\"><img loading=\"lazy\" decoding=\"async\" class=\"wp-image-1733\" src=\"http:\/\/insideamateurfussball-ffm.de\/wp-content\/uploads\/2022\/07\/8-Fech-300x200.jpg\" alt=\"\" width=\"312\" height=\"208\" \/><figcaption id=\"caption-attachment-1733\" class=\"wp-caption-text\">Neu aus Seckbach: St\u00fcrmer Julen Herreo Cennamo. Foto: Patrick Gawlik.<\/figcaption><\/figure>\n<p><img loading=\"lazy\" decoding=\"async\" class=\"alignnone size-full wp-image-603\" src=\"http:\/\/insideamateurfussball-ffm.de\/wp-content\/uploads\/2022\/06\/Fech03.jpg\" alt=\"\" width=\"52\" height=\"80\" \/><\/p>\n<p>Nachdem der Mannschaft von Trainer Maximilian Schmidt dank einer herausragenden R\u00fcckrunde erstmals seit dem Aufstieg aus der Kreisoberliga Frankfurt im Jahr 2018 nicht nur ein einstelliger Tabellenrang, sondern mit Rang f\u00fcnf eine v\u00f6llig unerwartete Platzierung in der Endabrechnung gelang, haben die Fechenheimer Lust auf mehr. Nach einer intensiven Vorbereitung mit acht Testspielen &#8222;wollen wir versuchen, uns in der starken Gruppenliga im oberen Drittel festzusetzen. Dabei m\u00fcssen wir zusehen, dass wir nach dem Abgang von Vincenzo Borzellino einen Torj\u00e4ger finden, der unsere Buden macht. Wenn uns das gelingt, dann haben wir die Mannschaft so gut verst\u00e4rkt, dass wir m\u00f6glichst im oberen Drittel positioniert sein wollen&#8220;, erkl\u00e4rt Trainer Maximilian Schmidt, seit Oktober 2020 f\u00fcr die Erste Mannschaft verantwortlich.<\/p>\n<p>Goalgetter Borzellino war nach einer herausragenden Saison mit 32 Toren nicht zu halten und erlag den Verlockungen des finanzkr\u00e4ftigen Ligakonkurrenten Sportfreunde Friedrichsdorf, der nicht nur von den Fechenheimern als absoluter Aufstiegsfavorit gehandelt wird. Ansonsten halten sich die Abg\u00e4nge in Fechenheim in Grenzen: Tempor\u00e4r nicht mehr f\u00fcr die Blau-Schwarzen aktiv ist David Porras Rodriguez aufgrund eines Auslandssemesters. Mit Simon Reschke (Sportliche Leitung) und Nick L\u00f6chner (Co-Trainer neben dem von der Spvgg. Oberrad gekommenen Victor Herfort) sind zwei alte Recken k\u00fcnftig am Spielfeldrand anzutreffen.<\/p>\n<blockquote><p>&#8222;Fechenheim ist eine Topadresse f\u00fcr Neuzug\u00e4nge geworden&#8220; (Trainer Maximilian Schmidt).<\/p><\/blockquote>\n<p>Erg\u00e4nzt werden konnte der Kader mit neun Neuzug\u00e4ngen, teilweise auch welchen von direkten Ligakonkurrenten. So konnte von der FG Seckbach St\u00fcrmer Julen Herrero Cennamo losgeeist werden, dazu wechselte Muhamed Medovic von Absteiger TSG Niederrad an die Pfortenstra\u00dfe. Ferner sind neu Mohammad Barzegari (SG Harheim), Kevin Klein (Teutonia Hausen), Kaleab Eyassou (TuS Makkabi), Thomas Schmidt-Isermann (1.FC Erlensee), Semih Y\u00fczen (Hanauer SC), Eray Aksoy (Germania Enkheim) und Oktay Vardar (BSC Schwarz-Wei\u00df 19). Das gute Vereinsumfeld mit dem solide arbeitenden Vorstand um den Vorsitzenden Reinhold Schmidt und dem Zweiten Vorsitzenden Yassir Bassal mit den beiden in Eigenregie betreuten Sportanlagen an der Birsteiner Stra\u00dfe sowie an der Pfortenstra\u00dfe habe sich mittlerweile in Frankfurter Fu\u00dfball-Kreisen herumgesprochen: &#8222;Fechenheim ist eine Topadresse f\u00fcr Neuzug\u00e4nge geworden&#8220;, glaubt Maximilian Schmidt, der den Klub aus dem Frankfurter S\u00fcdosten auch als Sprungbrett sieht.<\/p>\n<div>In der letzten Saison schaffte nicht zuletzt der langj\u00e4hrige Fechenheimer Fl\u00fcgelst\u00fcrmer Kamil Yikilmaz mit seinem Wechsel zu Hessenligist T\u00fcrk G\u00fcc\u00fc Friedberg den Durchbruch. &#8222;Es sollte unser Ziel sein, dass weitere Spieler \u00fcber uns den Weg in die Hessenliga oder zumindest in die Verbandsliga schaffen&#8220;, betont Schmidt. Prognose: Fechenheim hat erneut einen starken Kader, der im vorderen Drittel der Liga mithalten kann. F\u00fcr ganz vorne wird es angesichts der starken Konkurrenz nicht reichen, aber wenn Trainer, Mannschaft und Umfeld den gemeinsamen Weg verinnerlichen, kann die Sportvereinigung zwischen Rang 3 und 6 landen.<\/div>\n<div><\/div>\n<div><\/div>\n","protected":false},"excerpt":{"rendered":"<p>In der f\u00fcnften Saison in Folge will sich die Spvgg. Fechenheim in der Gruppenliga Frankfurt West weiter im oberen Drittel etablieren. Nachdem der Mannschaft von Trainer Maximilian Schmidt dank einer herausragenden R\u00fcckrunde erstmals seit dem Aufstieg aus der Kreisoberliga Frankfurt im Jahr 2018 nicht nur ein einstelliger Tabellenrang, sondern mit Rang f\u00fcnf eine v\u00f6llig unerwartete [&hellip;]<\/p>\n","protected":false},"author":1,"featured_media":0,"comment_status":"open","ping_status":"open","sticky":false,"template":"","format":"standard","meta":{"footnotes":""},"categories":[13],"tags":[],"class_list":["post-1732","post","type-post","status-publish","format-standard","hentry","category-gruppenliga-frankfurt-west"],"_links":{"self":[{"href":"https:\/\/insideamateurfussball-ffm.de\/index.php?rest_route=\/wp\/v2\/posts\/1732","targetHints":{"allow":["GET"]}}],"collection":[{"href":"https:\/\/insideamateurfussball-ffm.de\/index.php?rest_route=\/wp\/v2\/posts"}],"about":[{"href":"https:\/\/insideamateurfussball-ffm.de\/index.php?rest_route=\/wp\/v2\/types\/post"}],"author":[{"embeddable":true,"href":"https:\/\/insideamateurfussball-ffm.de\/index.php?rest_route=\/wp\/v2\/users\/1"}],"replies":[{"embeddable":true,"href":"https:\/\/insideamateurfussball-ffm.de\/index.php?rest_route=%2Fwp%2Fv2%2Fcomments&post=1732"}],"version-history":[{"count":1,"href":"https:\/\/insideamateurfussball-ffm.de\/index.php?rest_route=\/wp\/v2\/posts\/1732\/revisions"}],"predecessor-version":[{"id":1734,"href":"https:\/\/insideamateurfussball-ffm.de\/index.php?rest_route=\/wp\/v2\/posts\/1732\/revisions\/1734"}],"wp:attachment":[{"href":"https:\/\/insideamateurfussball-ffm.de\/index.php?rest_route=%2Fwp%2Fv2%2Fmedia&parent=1732"}],"wp:term":[{"taxonomy":"category","embeddable":true,"href":"https:\/\/insideamateurfussball-ffm.de\/index.php?rest_route=%2Fwp%2Fv2%2Fcategories&post=1732"},{"taxonomy":"post_tag","embeddable":true,"href":"https:\/\/insideamateurfussball-ffm.de\/index.php?rest_route=%2Fwp%2Fv2%2Ftags&post=1732"}],"curies":[{"name":"wp","href":"https:\/\/api.w.org\/{rel}","templated":true}]}}