{"id":1728,"date":"2022-07-26T19:48:11","date_gmt":"2022-07-26T19:48:11","guid":{"rendered":"http:\/\/insideamateurfussball-ffm.de\/?p=1728"},"modified":"2025-01-07T15:15:38","modified_gmt":"2025-01-07T14:15:38","slug":"nord-heiss-auf-den-saisonauftakt","status":"publish","type":"post","link":"https:\/\/insideamateurfussball-ffm.de\/?p=1728","title":{"rendered":"&#8222;Nord&#8220; hei\u00df auf den Saisonauftakt"},"content":{"rendered":"<h5>Die souver\u00e4ne Meisterschaft in der Kreisliga B Frankfurt (Gruppe 2), die der SV Frankfurt Nord mit 15 Punkten Vorsprung vor dem Mitaufsteiger SV BKC Bosnien II feierte, stellt den gr\u00f6\u00dften Erfolg der Vereinsgeschichte des in Preungesheim beheimateten Sportvereins dar.<\/h5>\n<figure id=\"attachment_775\" aria-describedby=\"caption-attachment-775\" style=\"width: 312px\" class=\"wp-caption alignnone\"><img loading=\"lazy\" decoding=\"async\" class=\"wp-image-775\" src=\"http:\/\/insideamateurfussball-ffm.de\/wp-content\/uploads\/2022\/06\/Sv-Nord-300x225.jpg\" alt=\"\" width=\"312\" height=\"234\" \/><figcaption id=\"caption-attachment-775\" class=\"wp-caption-text\">Die Meistermannschaft des SV Frankfurt Nord. Foto: SVFN.<\/figcaption><\/figure>\n<p><img loading=\"lazy\" decoding=\"async\" class=\"alignnone size-full wp-image-292\" src=\"http:\/\/insideamateurfussball-ffm.de\/wp-content\/uploads\/2022\/05\/Nord.jpg\" alt=\"\" width=\"80\" height=\"80\" \/><\/p>\n<p>Der freilich ohne den vor der abgelaufenen Spielzeit vollzogenen Kollektivwechsel der Fu\u00dfball-Mannschaft des TV Preungesheim zum Platznachbarn nicht zustande gekommen w\u00e4re. Die A-Liga-Fu\u00dfballer durften unter dem Dach des Turnvereins nicht mehr weiter spielen, gingen einen Schritt zur\u00fcck, schlossen sich Frankfurt Nord an und dominierten unter der Regie von Trainer Mourad Massi eine Klasse tiefer das Geschehen. Der Coach legte nach der Meisterschaft aus privaten Gr\u00fcnden sein Amt nieder und auch der beste Torj\u00e4ger G\u00f6khan Temur (20 Tore) steht k\u00fcnftig nicht mehr zur Verf\u00fcgung.<\/p>\n<p>Dennoch ist Massi, der im Hintergrund weiter als &#8222;st\u00fctzende Hand&#8220; f\u00fcr den neuen Trainer Rocco Wagner zu finden ist, davon \u00fcberzeugt, dass &#8222;Nord&#8220; auch in der A-Klasse gegen st\u00e4rkere Gegner eine gute Rolle spielen werde, &#8222;auch wenn wir bestimmt auch mal aus einer verst\u00e4rkten Defensive kommen m\u00fcssen.&#8220; Denn schlie\u00dflich war das Preungesheimer Team in seiner letzten Saison noch A-Klasse-Vizemeister geworden. Mit dem 33-j\u00e4hrigen Admir Pllana (SKV Beienheim) konnte jetzt auch noch ein erfahrener Spieler mit Hessenliga-Erfahrung hinzugewonnen werden.<\/p>\n<h5>Rocco Wagner &#8211; &#8222;ein Trainer der alten Schule&#8220;<\/h5>\n<p>Dar\u00fcber hinaus kommt Torh\u00fcter Sebastian Flie\u00df, der schon zu Zeiten des TV Preungesheim dabei war und das letzte Jahr pausierte. Der seinerzeit als Fu\u00dfball-Abteilungsleiter in Preungesheim fungierende Arik Manjiev ist nach einem einj\u00e4hrigem Abstecher zur Spvgg. Fechenheim II im Sportpark zur\u00fcck, wo er sich ebenfalls seinen fr\u00fcheren Kumpels bei &#8222;Nord&#8220; anschlie\u00dft. Aufgrund der Urlaubszeit war die Vorbereitung kurz, es wurde auch lediglich ein Testspiel absolviert, welches beim A-Ligisten SV Bonames mit 3:2 gewonnen wurde.<\/p>\n<p>Die Methoden des neuen Coaches Rocco Wagner, der Vater von Spieler Maik Wagner, und laut Massi nicht nur wegen seines Alters &#8222;ein Trainer der alten Schule&#8220;, werden von der Mannschaft gut aufgenommen, sodass die Spieler &#8222;mit Spa\u00df zum Training kommen&#8220;, wie Massi betont. Im Kreispokal-Spiel der 1. Runde gegen Gruppenligist SV BKC Bosnien traut Massi dem &#8222;Nord&#8220;-Team eine \u00dcberraschung zu: &#8222;Wir sind hei\u00df auf das Pokalspiel und den Ligaauftakt gegen den FFC Victoria.&#8220;<\/p>\n","protected":false},"excerpt":{"rendered":"<p>Die souver\u00e4ne Meisterschaft in der Kreisliga B Frankfurt (Gruppe 2), die der SV Frankfurt Nord mit 15 Punkten Vorsprung vor dem Mitaufsteiger SV BKC Bosnien II feierte, stellt den gr\u00f6\u00dften Erfolg der Vereinsgeschichte des in Preungesheim beheimateten Sportvereins dar. Der freilich ohne den vor der abgelaufenen Spielzeit vollzogenen Kollektivwechsel der Fu\u00dfball-Mannschaft des TV Preungesheim zum [&hellip;]<\/p>\n","protected":false},"author":1,"featured_media":0,"comment_status":"open","ping_status":"open","sticky":false,"template":"","format":"standard","meta":{"footnotes":""},"categories":[14],"tags":[],"class_list":["post-1728","post","type-post","status-publish","format-standard","hentry","category-kreisliga-a2"],"_links":{"self":[{"href":"https:\/\/insideamateurfussball-ffm.de\/index.php?rest_route=\/wp\/v2\/posts\/1728","targetHints":{"allow":["GET"]}}],"collection":[{"href":"https:\/\/insideamateurfussball-ffm.de\/index.php?rest_route=\/wp\/v2\/posts"}],"about":[{"href":"https:\/\/insideamateurfussball-ffm.de\/index.php?rest_route=\/wp\/v2\/types\/post"}],"author":[{"embeddable":true,"href":"https:\/\/insideamateurfussball-ffm.de\/index.php?rest_route=\/wp\/v2\/users\/1"}],"replies":[{"embeddable":true,"href":"https:\/\/insideamateurfussball-ffm.de\/index.php?rest_route=%2Fwp%2Fv2%2Fcomments&post=1728"}],"version-history":[{"count":1,"href":"https:\/\/insideamateurfussball-ffm.de\/index.php?rest_route=\/wp\/v2\/posts\/1728\/revisions"}],"predecessor-version":[{"id":1729,"href":"https:\/\/insideamateurfussball-ffm.de\/index.php?rest_route=\/wp\/v2\/posts\/1728\/revisions\/1729"}],"wp:attachment":[{"href":"https:\/\/insideamateurfussball-ffm.de\/index.php?rest_route=%2Fwp%2Fv2%2Fmedia&parent=1728"}],"wp:term":[{"taxonomy":"category","embeddable":true,"href":"https:\/\/insideamateurfussball-ffm.de\/index.php?rest_route=%2Fwp%2Fv2%2Fcategories&post=1728"},{"taxonomy":"post_tag","embeddable":true,"href":"https:\/\/insideamateurfussball-ffm.de\/index.php?rest_route=%2Fwp%2Fv2%2Ftags&post=1728"}],"curies":[{"name":"wp","href":"https:\/\/api.w.org\/{rel}","templated":true}]}}