{"id":17259,"date":"2024-03-12T17:52:56","date_gmt":"2024-03-12T15:52:56","guid":{"rendered":"http:\/\/insideamateurfussball-ffm.de\/?p=17259"},"modified":"2024-03-12T17:52:56","modified_gmt":"2024-03-12T15:52:56","slug":"croatia-legt-den-hebel-im-platzderby-um","status":"publish","type":"post","link":"https:\/\/insideamateurfussball-ffm.de\/?p=17259","title":{"rendered":"Croatia legt den Hebel im Platzderby um"},"content":{"rendered":"<h3>Wie im Hinspiel (6:1) konnte der FC Croatia im Platzderby gegen den SV 07 Heddernheim hoch triumphieren. Diesmal gab es einen ungef\u00e4hrdeten 5:0-Sieg \u00fcber im Vergleich zu den Vorwochen nicht wieder zu erkennenden Gr\u00fcn-Wei\u00dfen. W\u00e4hrend die Kroaten mit Saisonsieg Nummer 15 den Kontakt zur Spitze mit drei Punkten R\u00fcckstand halten, steht Heddernheim weiter mit 35 Z\u00e4hlern auf Rang acht jenseits von gut und b\u00f6se.\u00a0<\/h3>\n<figure id=\"attachment_17260\" aria-describedby=\"caption-attachment-17260\" style=\"width: 640px\" class=\"wp-caption alignright\"><img loading=\"lazy\" decoding=\"async\" class=\"wp-image-17260 size-large\" src=\"http:\/\/insideamateurfussball-ffm.de\/wp-content\/uploads\/2024\/03\/FCCJubel-1024x696.jpg\" alt=\"\" width=\"640\" height=\"435\" srcset=\"https:\/\/insideamateurfussball-ffm.de\/wp-content\/uploads\/2024\/03\/FCCJubel-1024x696.jpg 1024w, https:\/\/insideamateurfussball-ffm.de\/wp-content\/uploads\/2024\/03\/FCCJubel-300x204.jpg 300w, https:\/\/insideamateurfussball-ffm.de\/wp-content\/uploads\/2024\/03\/FCCJubel-768x522.jpg 768w, https:\/\/insideamateurfussball-ffm.de\/wp-content\/uploads\/2024\/03\/FCCJubel-1536x1044.jpg 1536w, https:\/\/insideamateurfussball-ffm.de\/wp-content\/uploads\/2024\/03\/FCCJubel.jpg 2036w\" sizes=\"auto, (max-width: 640px) 100vw, 640px\" \/><figcaption id=\"caption-attachment-17260\" class=\"wp-caption-text\">Das Siegerfoto durfte der FC Croatia knipsen. Foto: Verein.\u00a0\u00a0<\/figcaption><\/figure>\n<h3>FC Croatia &#8211; SV 07 Heddernheim 5:0 (1:0)<\/h3>\n<p><img loading=\"lazy\" decoding=\"async\" class=\"alignnone size-full wp-image-29\" src=\"http:\/\/insideamateurfussball-ffm.de\/wp-content\/uploads\/2021\/11\/croatia.jpg\" alt=\"\" width=\"63\" height=\"80\" \/><img loading=\"lazy\" decoding=\"async\" class=\"alignnone size-full wp-image-302\" src=\"http:\/\/insideamateurfussball-ffm.de\/wp-content\/uploads\/2022\/05\/1sv07_news2_4511-1.jpg\" alt=\"\" width=\"80\" height=\"80\" \/><\/p>\n<p>Beide Vereinsh\u00e4user hatten offen, wobei das erst k\u00fcrzlich er\u00f6ffnete Klubheim der Kroaten deutlich h\u00f6her frequentiert war. Die &#8222;Gastgeber&#8220; hatten auch im Publikum die Oberhand. Und auch im Spiel war Croatia gleich voll da und nutzte gleich einen Abstimmungsfehler in der SVH-Abwehr aus, die ohne Kapit\u00e4n Philipp Siegel auskommen musste, der zum ersten Mal Vater geworden ist. Aleksandar Sasa Matovic traf flach zur F\u00fchrung (3.). Der SV 07 kam offensiv wenig zur Geltung, die St\u00fcrmer Marcus Kreckel und Oliver Solarz konnten sich nicht so in Szene setzen. Die beste Chance hatte noch Abwehrspieler Maximilian Haller, dessen Kopfball nach einem Freisto\u00df \u00fcber das Tor ging.<\/p>\n<p>Nach 38 Minuten prallte Solarz im Laufduell mit Croatias Dominik Emmel mit voller Wucht gegen die Metallbarriere. Der Goalgetter blutete stark und wurde zun\u00e4chst mit einem Turban verbunden. SVH-Trainer Andreas Berggold reagierte aber sofort und wechselte Serdar Birhimeoglu ein, obwohl Solarz signalisierte weiter spielen zu wollen. Auf Anraten eines medizinisch geschulten kroatischen Funktion\u00e4r betrat Solarz das Spielfeld nicht mehr und lie\u00df sich die Platzwunde \u00fcber dem Auge im Krankenhaus tackern. Heddernheims Torh\u00fcter Marc Tomczyk erwischte trotz der f\u00fcnf Gegentore einen guten Tag und verhinderte eine durchaus m\u00f6gliche h\u00f6here Niederlage. So entsch\u00e4rfte er nach einem langen Ball auf Matovic Sekunden vor der Pause eine Riesenchance der Croatia. Nach dem Seitenwechsel kam Heddernheim phasenweise auf, hatte zwei Abschl\u00fcsse mit Kreckel und dem eingewechselten Yassir Achati. Auf der Gegenseite parierte Tomczyk gegen Stipe Duvnjak. Dann aber war der junge Keeper in den folgenden 18 Minuten machtlos. Auf Zuspiel von Ante Coric erh\u00f6hte Ivan Propadalo auf 2:0 (56.). Zehn Minuten sp\u00e4ter ein \u00e4hnlicher Angriff, wieder bereitete Coric f\u00fcr Propadalo das 3:0 vor (66.).<\/p>\n<h3><span style=\"text-decoration: underline;\">3x Matovic und 2x Propadalo treffen gegen leidenschaftslose Heddernheimer<\/span><\/h3>\n<p>Zu einfach bekam es dann Matovic, der eine Hereingabe locker einschieben konnte (70.). Und dann leistete Jackie Lee Reljic die Vorlage zum 5:0 von Matovic (74.). 3x Matovic und 2x Propadalo sorgten f\u00fcr ein Heddernheimer Debakel, die &#8222;G\u00e4ste&#8220; boten eine leidenschaftslose Vorstellung. Der Torhunger der Croatia war gestillt, auf der Gegenseite kam der seit mehreren Jahren nicht mehr eingesetzte Nikita Mitto zu einem Comeback f\u00fcr zw\u00f6lf Minuten, ehe er verletzungsbedingt wieder ausgewechselt wurde. Ein Tor war dem SV 07 an diesem Sonntag nicht verg\u00f6nnt. Der in den letzten Wochen immer treffsichere Kreckel setzte den Ball in der 87. Minute an den Pfosten. &#8222;Wir haben es geschafft den Hebel umzulegen in dieser Woche. Die Mannschaft hat funktioniert und uns die Spielfreude zur\u00fcckgebracht. Bis auf eine kurze Schw\u00e4chephase in Halbzeit eins war das so wie wir uns das vorstellen. Guten Besserung an Solarz und dem SV Heddernheim viel Erfolg f\u00fcr den Rest der Runde&#8220;, w\u00fcnschte Croatias Sportlicher Leiter Stanislav Konta. Das Team wird nun von Andreas Anicic an der Seitenlinie dirigiert. Au\u00dferdem fungiert weiter Daniel Soldo als Spielertrainer, Ex-Profi Michael Anicic steht bis auf weiteres aus famili\u00e4ren Gr\u00fcnden nicht zur Verf\u00fcgung.<\/p>\n<p>Im Bereich des SV 07 Heddernheim herrschte nach den erfolgreichen letzten Wochen Entt\u00e4uschung vor. Trainer Andreas Berggold erkannte an: &#8222;Wir haben nicht richtig ins Spiel gefunden, die Zweik\u00e4mpfe nicht angenommen, nur Geleitschutz geboten und sind nicht aggressiv genug gewesen. Das fr\u00fche Gegentor nach Fehler im Aufbauspiel hat Croatia in die Karten gespielt. Wir waren nicht pr\u00e4sent und hatten nicht die richtige Einstellung. Das ist traurig, denn wir haben uns mehr erhofft. Es gab auch Phasen, wo wir dachten, jetzt sind wir drin. Das waren aber nur kurze Strohfeuer. Croatia hat verdient in der H\u00f6he gewonnen, wobei wir bei drei Gegentoren tatkr\u00e4ftig mitgeholfen haben. Wir m\u00fcssen daraus lernen und nach vorne blicken. Croatia ist nicht unser Ma\u00dfstab.&#8220; N\u00e4chsten Sonntag gastiert Croatia bei Union Niederrad (15 Uhr). Heddernheim ist erstmal spielfrei und spielt erst am 24. M\u00e4rz bei der Spvgg. Griesheim. &#8222;Da wollen wir bestehen und was mitnehmen, denn wir brauchen noch einige Punkte f\u00fcr den Klassenerhalt. In Griesheim gab es durch den Trainerwechsel positive Signale. Die glauben an sich, von daher wird es ein schweres Spiel&#8220;, blickte Berggold schon mal voraus.\u00a0<\/p>\n<h3><span style=\"text-decoration: underline;\">Schiedsrichter: Maximilian Paul (Susgo Offenthal). Zuschauer: 175. <\/span><\/h3>\n<h3><span style=\"text-decoration: underline;\">Tore: 1:0 Aleksandar Sasa Matovic (3.), 2:0, 3:0 Ivan Propadalo (56.\/66.), 4:0, 5:0 Aleksandar Sasa Matovic (70.\/74.). <\/span><\/h3>\n<h3><span style=\"text-decoration: underline;\">Bildergalerie:\u00a0<\/span><\/h3>\n\n\n<figure class=\"wp-block-gallery has-nested-images columns-default is-cropped wp-block-gallery-1 is-layout-flex wp-block-gallery-is-layout-flex\">\n<figure class=\"wp-block-image size-large is-style-default\"><img loading=\"lazy\" decoding=\"async\" width=\"1024\" height=\"577\" data-id=\"17261\" src=\"http:\/\/insideamateurfussball-ffm.de\/wp-content\/uploads\/2024\/03\/Croa1-1024x577.jpg\" alt=\"\" class=\"wp-image-17261\" srcset=\"https:\/\/insideamateurfussball-ffm.de\/wp-content\/uploads\/2024\/03\/Croa1-1024x577.jpg 1024w, https:\/\/insideamateurfussball-ffm.de\/wp-content\/uploads\/2024\/03\/Croa1-300x169.jpg 300w, https:\/\/insideamateurfussball-ffm.de\/wp-content\/uploads\/2024\/03\/Croa1-768x432.jpg 768w, https:\/\/insideamateurfussball-ffm.de\/wp-content\/uploads\/2024\/03\/Croa1-1536x865.jpg 1536w, https:\/\/insideamateurfussball-ffm.de\/wp-content\/uploads\/2024\/03\/Croa1.jpg 2048w\" sizes=\"auto, (max-width: 1024px) 100vw, 1024px\" \/><\/figure>\n<\/figure>\n\n\n\n<figure class=\"wp-block-gallery has-nested-images columns-default is-cropped wp-block-gallery-2 is-layout-flex wp-block-gallery-is-layout-flex\">\n<figure class=\"wp-block-image size-large is-style-default\"><img loading=\"lazy\" decoding=\"async\" width=\"1024\" height=\"577\" data-id=\"17262\" src=\"http:\/\/insideamateurfussball-ffm.de\/wp-content\/uploads\/2024\/03\/Croa2-1024x577.jpg\" alt=\"\" class=\"wp-image-17262\" srcset=\"https:\/\/insideamateurfussball-ffm.de\/wp-content\/uploads\/2024\/03\/Croa2-1024x577.jpg 1024w, https:\/\/insideamateurfussball-ffm.de\/wp-content\/uploads\/2024\/03\/Croa2-300x169.jpg 300w, https:\/\/insideamateurfussball-ffm.de\/wp-content\/uploads\/2024\/03\/Croa2-768x432.jpg 768w, https:\/\/insideamateurfussball-ffm.de\/wp-content\/uploads\/2024\/03\/Croa2-1536x865.jpg 1536w, https:\/\/insideamateurfussball-ffm.de\/wp-content\/uploads\/2024\/03\/Croa2.jpg 2048w\" sizes=\"auto, (max-width: 1024px) 100vw, 1024px\" \/><\/figure>\n<\/figure>\n\n\n\n<figure class=\"wp-block-gallery has-nested-images columns-default is-cropped wp-block-gallery-3 is-layout-flex wp-block-gallery-is-layout-flex\">\n<figure class=\"wp-block-image size-large is-style-default\"><img loading=\"lazy\" decoding=\"async\" width=\"1024\" height=\"577\" data-id=\"17263\" src=\"http:\/\/insideamateurfussball-ffm.de\/wp-content\/uploads\/2024\/03\/Croa3-1024x577.jpg\" alt=\"\" class=\"wp-image-17263\" srcset=\"https:\/\/insideamateurfussball-ffm.de\/wp-content\/uploads\/2024\/03\/Croa3-1024x577.jpg 1024w, https:\/\/insideamateurfussball-ffm.de\/wp-content\/uploads\/2024\/03\/Croa3-300x169.jpg 300w, https:\/\/insideamateurfussball-ffm.de\/wp-content\/uploads\/2024\/03\/Croa3-768x432.jpg 768w, https:\/\/insideamateurfussball-ffm.de\/wp-content\/uploads\/2024\/03\/Croa3-1536x865.jpg 1536w, https:\/\/insideamateurfussball-ffm.de\/wp-content\/uploads\/2024\/03\/Croa3.jpg 2048w\" sizes=\"auto, (max-width: 1024px) 100vw, 1024px\" \/><\/figure>\n<\/figure>\n\n\n\n<figure class=\"wp-block-gallery has-nested-images columns-default is-cropped wp-block-gallery-4 is-layout-flex wp-block-gallery-is-layout-flex\">\n<figure class=\"wp-block-image size-large is-style-default\"><img loading=\"lazy\" decoding=\"async\" width=\"1024\" height=\"577\" data-id=\"17264\" src=\"http:\/\/insideamateurfussball-ffm.de\/wp-content\/uploads\/2024\/03\/Croa4-1024x577.jpg\" alt=\"\" class=\"wp-image-17264\" srcset=\"https:\/\/insideamateurfussball-ffm.de\/wp-content\/uploads\/2024\/03\/Croa4-1024x577.jpg 1024w, https:\/\/insideamateurfussball-ffm.de\/wp-content\/uploads\/2024\/03\/Croa4-300x169.jpg 300w, https:\/\/insideamateurfussball-ffm.de\/wp-content\/uploads\/2024\/03\/Croa4-768x432.jpg 768w, https:\/\/insideamateurfussball-ffm.de\/wp-content\/uploads\/2024\/03\/Croa4-1536x865.jpg 1536w, https:\/\/insideamateurfussball-ffm.de\/wp-content\/uploads\/2024\/03\/Croa4.jpg 2048w\" sizes=\"auto, (max-width: 1024px) 100vw, 1024px\" \/><\/figure>\n<\/figure>\n\n\n\n<figure class=\"wp-block-gallery has-nested-images columns-default is-cropped wp-block-gallery-5 is-layout-flex wp-block-gallery-is-layout-flex\">\n<figure class=\"wp-block-image size-large is-style-default\"><img loading=\"lazy\" decoding=\"async\" width=\"1024\" height=\"577\" data-id=\"17265\" src=\"http:\/\/insideamateurfussball-ffm.de\/wp-content\/uploads\/2024\/03\/Croa5-1024x577.jpg\" alt=\"\" class=\"wp-image-17265\" srcset=\"https:\/\/insideamateurfussball-ffm.de\/wp-content\/uploads\/2024\/03\/Croa5-1024x577.jpg 1024w, https:\/\/insideamateurfussball-ffm.de\/wp-content\/uploads\/2024\/03\/Croa5-300x169.jpg 300w, https:\/\/insideamateurfussball-ffm.de\/wp-content\/uploads\/2024\/03\/Croa5-768x432.jpg 768w, https:\/\/insideamateurfussball-ffm.de\/wp-content\/uploads\/2024\/03\/Croa5-1536x865.jpg 1536w, https:\/\/insideamateurfussball-ffm.de\/wp-content\/uploads\/2024\/03\/Croa5.jpg 2048w\" sizes=\"auto, (max-width: 1024px) 100vw, 1024px\" \/><\/figure>\n<\/figure>\n\n\n\n<figure class=\"wp-block-gallery has-nested-images columns-default is-cropped wp-block-gallery-6 is-layout-flex wp-block-gallery-is-layout-flex\">\n<figure class=\"wp-block-image size-large is-style-default\"><img loading=\"lazy\" decoding=\"async\" width=\"1024\" height=\"577\" data-id=\"17266\" src=\"http:\/\/insideamateurfussball-ffm.de\/wp-content\/uploads\/2024\/03\/Croa6-1024x577.jpg\" alt=\"\" class=\"wp-image-17266\" srcset=\"https:\/\/insideamateurfussball-ffm.de\/wp-content\/uploads\/2024\/03\/Croa6-1024x577.jpg 1024w, https:\/\/insideamateurfussball-ffm.de\/wp-content\/uploads\/2024\/03\/Croa6-300x169.jpg 300w, https:\/\/insideamateurfussball-ffm.de\/wp-content\/uploads\/2024\/03\/Croa6-768x432.jpg 768w, https:\/\/insideamateurfussball-ffm.de\/wp-content\/uploads\/2024\/03\/Croa6-1536x865.jpg 1536w, https:\/\/insideamateurfussball-ffm.de\/wp-content\/uploads\/2024\/03\/Croa6.jpg 2048w\" sizes=\"auto, (max-width: 1024px) 100vw, 1024px\" \/><\/figure>\n<\/figure>\n\n\n\n<figure class=\"wp-block-gallery has-nested-images columns-default is-cropped wp-block-gallery-7 is-layout-flex wp-block-gallery-is-layout-flex\">\n<figure class=\"wp-block-image size-large is-style-default\"><img loading=\"lazy\" decoding=\"async\" width=\"1024\" height=\"577\" data-id=\"17267\" src=\"http:\/\/insideamateurfussball-ffm.de\/wp-content\/uploads\/2024\/03\/Croa8-1024x577.jpg\" alt=\"\" class=\"wp-image-17267\" srcset=\"https:\/\/insideamateurfussball-ffm.de\/wp-content\/uploads\/2024\/03\/Croa8-1024x577.jpg 1024w, https:\/\/insideamateurfussball-ffm.de\/wp-content\/uploads\/2024\/03\/Croa8-300x169.jpg 300w, https:\/\/insideamateurfussball-ffm.de\/wp-content\/uploads\/2024\/03\/Croa8-768x432.jpg 768w, https:\/\/insideamateurfussball-ffm.de\/wp-content\/uploads\/2024\/03\/Croa8-1536x865.jpg 1536w, https:\/\/insideamateurfussball-ffm.de\/wp-content\/uploads\/2024\/03\/Croa8.jpg 2048w\" sizes=\"auto, (max-width: 1024px) 100vw, 1024px\" \/><\/figure>\n<\/figure>\n\n\n\n<figure class=\"wp-block-gallery has-nested-images columns-default is-cropped wp-block-gallery-8 is-layout-flex wp-block-gallery-is-layout-flex\">\n<figure class=\"wp-block-image size-large is-style-default\"><img loading=\"lazy\" decoding=\"async\" width=\"1024\" height=\"577\" data-id=\"17268\" src=\"http:\/\/insideamateurfussball-ffm.de\/wp-content\/uploads\/2024\/03\/Croa9-1024x577.jpg\" alt=\"\" class=\"wp-image-17268\" srcset=\"https:\/\/insideamateurfussball-ffm.de\/wp-content\/uploads\/2024\/03\/Croa9-1024x577.jpg 1024w, https:\/\/insideamateurfussball-ffm.de\/wp-content\/uploads\/2024\/03\/Croa9-300x169.jpg 300w, https:\/\/insideamateurfussball-ffm.de\/wp-content\/uploads\/2024\/03\/Croa9-768x432.jpg 768w, https:\/\/insideamateurfussball-ffm.de\/wp-content\/uploads\/2024\/03\/Croa9-1536x865.jpg 1536w, https:\/\/insideamateurfussball-ffm.de\/wp-content\/uploads\/2024\/03\/Croa9.jpg 2048w\" sizes=\"auto, (max-width: 1024px) 100vw, 1024px\" \/><\/figure>\n<\/figure>\n\n\n\n<figure class=\"wp-block-gallery has-nested-images columns-default is-cropped wp-block-gallery-9 is-layout-flex wp-block-gallery-is-layout-flex\">\n<figure class=\"wp-block-image size-large is-style-default\"><img loading=\"lazy\" decoding=\"async\" width=\"1024\" height=\"577\" data-id=\"17269\" src=\"http:\/\/insideamateurfussball-ffm.de\/wp-content\/uploads\/2024\/03\/Croa10-1024x577.jpg\" alt=\"\" class=\"wp-image-17269\" srcset=\"https:\/\/insideamateurfussball-ffm.de\/wp-content\/uploads\/2024\/03\/Croa10-1024x577.jpg 1024w, https:\/\/insideamateurfussball-ffm.de\/wp-content\/uploads\/2024\/03\/Croa10-300x169.jpg 300w, https:\/\/insideamateurfussball-ffm.de\/wp-content\/uploads\/2024\/03\/Croa10-768x432.jpg 768w, https:\/\/insideamateurfussball-ffm.de\/wp-content\/uploads\/2024\/03\/Croa10-1536x865.jpg 1536w, https:\/\/insideamateurfussball-ffm.de\/wp-content\/uploads\/2024\/03\/Croa10.jpg 2048w\" sizes=\"auto, (max-width: 1024px) 100vw, 1024px\" \/><\/figure>\n<\/figure>\n","protected":false},"excerpt":{"rendered":"<p>Wie im Hinspiel (6:1) konnte der FC Croatia im Platzderby gegen den SV 07 Heddernheim hoch triumphieren. Diesmal gab es einen ungef\u00e4hrdeten 5:0-Sieg \u00fcber im Vergleich zu den Vorwochen nicht wieder zu erkennenden Gr\u00fcn-Wei\u00dfen. W\u00e4hrend die Kroaten mit Saisonsieg Nummer 15 den Kontakt zur Spitze mit drei Punkten R\u00fcckstand halten, steht Heddernheim weiter mit 35 [&hellip;]<\/p>\n","protected":false},"author":1,"featured_media":17260,"comment_status":"open","ping_status":"open","sticky":true,"template":"","format":"standard","meta":{"footnotes":""},"categories":[2],"tags":[],"class_list":["post-17259","post","type-post","status-publish","format-standard","has-post-thumbnail","hentry","category-kreisoberliga-frankfurt"],"_links":{"self":[{"href":"https:\/\/insideamateurfussball-ffm.de\/index.php?rest_route=\/wp\/v2\/posts\/17259","targetHints":{"allow":["GET"]}}],"collection":[{"href":"https:\/\/insideamateurfussball-ffm.de\/index.php?rest_route=\/wp\/v2\/posts"}],"about":[{"href":"https:\/\/insideamateurfussball-ffm.de\/index.php?rest_route=\/wp\/v2\/types\/post"}],"author":[{"embeddable":true,"href":"https:\/\/insideamateurfussball-ffm.de\/index.php?rest_route=\/wp\/v2\/users\/1"}],"replies":[{"embeddable":true,"href":"https:\/\/insideamateurfussball-ffm.de\/index.php?rest_route=%2Fwp%2Fv2%2Fcomments&post=17259"}],"version-history":[{"count":1,"href":"https:\/\/insideamateurfussball-ffm.de\/index.php?rest_route=\/wp\/v2\/posts\/17259\/revisions"}],"predecessor-version":[{"id":17270,"href":"https:\/\/insideamateurfussball-ffm.de\/index.php?rest_route=\/wp\/v2\/posts\/17259\/revisions\/17270"}],"wp:featuredmedia":[{"embeddable":true,"href":"https:\/\/insideamateurfussball-ffm.de\/index.php?rest_route=\/wp\/v2\/media\/17260"}],"wp:attachment":[{"href":"https:\/\/insideamateurfussball-ffm.de\/index.php?rest_route=%2Fwp%2Fv2%2Fmedia&parent=17259"}],"wp:term":[{"taxonomy":"category","embeddable":true,"href":"https:\/\/insideamateurfussball-ffm.de\/index.php?rest_route=%2Fwp%2Fv2%2Fcategories&post=17259"},{"taxonomy":"post_tag","embeddable":true,"href":"https:\/\/insideamateurfussball-ffm.de\/index.php?rest_route=%2Fwp%2Fv2%2Ftags&post=17259"}],"curies":[{"name":"wp","href":"https:\/\/api.w.org\/{rel}","templated":true}]}}