{"id":17242,"date":"2024-03-11T20:06:44","date_gmt":"2024-03-11T18:06:44","guid":{"rendered":"http:\/\/insideamateurfussball-ffm.de\/?p=17242"},"modified":"2024-03-11T20:06:44","modified_gmt":"2024-03-11T18:06:44","slug":"erneuter-kantersieg-fuer-fechenheim","status":"publish","type":"post","link":"https:\/\/insideamateurfussball-ffm.de\/?p=17242","title":{"rendered":"Erneuter Kantersieg f\u00fcr Fechenheim"},"content":{"rendered":"<h4>Die Spvgg. 03 Fechenheim ist gut aus der Winterpause gekommen, nach dem 5:0 in Gronau und dem Unentschieden zu Hause gegen den T\u00fcrkischen SV Bad Nauheim konnte man nun wieder ausw\u00e4rts gl\u00e4nzen und kam zu einem imposanten 8:1-Sieg bei der abstiegsgef\u00e4hrdeten SG Ober-Erlenbach.<\/h4>\n<figure id=\"attachment_17243\" aria-describedby=\"caption-attachment-17243\" style=\"width: 2016px\" class=\"wp-caption alignnone\"><img loading=\"lazy\" decoding=\"async\" class=\"wp-image-17243 size-full\" src=\"http:\/\/insideamateurfussball-ffm.de\/wp-content\/uploads\/2024\/03\/FechenheimObertshausen0.jpg\" alt=\"\" width=\"2016\" height=\"1512\" srcset=\"https:\/\/insideamateurfussball-ffm.de\/wp-content\/uploads\/2024\/03\/FechenheimObertshausen0.jpg 2016w, https:\/\/insideamateurfussball-ffm.de\/wp-content\/uploads\/2024\/03\/FechenheimObertshausen0-300x225.jpg 300w, https:\/\/insideamateurfussball-ffm.de\/wp-content\/uploads\/2024\/03\/FechenheimObertshausen0-1024x768.jpg 1024w, https:\/\/insideamateurfussball-ffm.de\/wp-content\/uploads\/2024\/03\/FechenheimObertshausen0-768x576.jpg 768w, https:\/\/insideamateurfussball-ffm.de\/wp-content\/uploads\/2024\/03\/FechenheimObertshausen0-1536x1152.jpg 1536w\" sizes=\"auto, (max-width: 2016px) 100vw, 2016px\" \/><figcaption id=\"caption-attachment-17243\" class=\"wp-caption-text\">Die Fechenheimer Mannschaft (hier ein Bild vom Testspiel) ist gut aus der Winterpause gekommen. Foto: Archiv MZ<\/figcaption><\/figure>\n<h4>SG Ober-Erlenbach &#8211; Spvgg. 03 Fechenheim 1:8 (1:4)<\/h4>\n<p><img loading=\"lazy\" decoding=\"async\" class=\"alignnone size-full wp-image-2186\" src=\"http:\/\/insideamateurfussball-ffm.de\/wp-content\/uploads\/2022\/08\/Ober-erl.jpg\" alt=\"\" width=\"76\" height=\"80\" \/><img loading=\"lazy\" decoding=\"async\" class=\"alignnone size-full wp-image-603\" src=\"http:\/\/insideamateurfussball-ffm.de\/wp-content\/uploads\/2022\/06\/Fech03.jpg\" alt=\"\" width=\"52\" height=\"80\" \/><\/p>\n<p>Nach den 4 Punkten aus den ersten zwei Spielen nach der Winterpause legten die Fechenheimer im Kampf um den Abstieg nach und holten drei weitere wichtige Punkte, in der ausgeglichenen Gruppenliga bedeutet das derzeit Rang 11, jedoch nur zwei Punkte vor dem derzeitigen Relegationsplatz. Aber das Spiel bei der SG Ober-Erlenbach war auch ein Zeichen an die Konkurrenz, dass man wieder Tore schie\u00dfen kann. Und so nutzten die Fechenheimer das Spiel, um sich Selbstvertrauen vor dem Tor zu holen. Pr\u00e4sident Reinhold Schmidt lobte dann auch \u201eviele gute Spielz\u00fcge und sch\u00f6ne Ballstafetten\u201c.<\/p>\n<p>Das 1:0 f\u00fcr die G\u00e4ste aus Fechenheim fiel in der 21.Minute nach einer Ecke, der Schiedsrichter wertete dies als Eigentor von Julian Grassler. Dann dauerte es bis zur 39.Minute, ehe innerhalb von 8 Minuten vier Tore fielen. Roberto Martins Pereira in der 39., Kimon Kozaris in der 43. und Kaleab Eyassu in der 45.+ 1.Minute erh\u00f6hten auf 4:0, ehe Moritz Lotz noch vor der Pause f\u00fcr Ober-Erlenbach auf 1:4 verk\u00fcrzen konnte, dies war erst das 23.Tor im 23.Spiel f\u00fcr die Gastgeber. Auch nach der Pause ging das muntere Toreschie\u00dfen f\u00fcr die Fechenheimer weiter und es fielen vier weitere Tore f\u00fcr die G\u00e4ste, Roberto Martins Pereira in der 59., Ouassim Ouass in der 64. per Elfmeter, Kaleab Eyassu in der 68. und Kimon Kozaris in der 80.Minute schossen das Endergebnis von 8:1 heraus, ein wichtiger Sieg im Kampf gegen den Abstieg. Pr\u00e4sident Schmidt: \u201edas war ein Pflichtsieg, vielleicht auch um ein oder zwei Tore zu hoch, aber wir sind sehr zufrieden und sind gut nach der Winterpause mit 7 Punkten aus den Startl\u00f6chern gekommen.\u201c Dabei lobte er auch die sch\u00f6nen Spielz\u00fcge, durch die sogar Au\u00dfenverteidiger Kimon Kozaris zu zwei Toren kam. Am n\u00e4chsten Sonntag gilt es direkt wieder nachzulegen und beim Tabellenvierzehnten 1.Fc 09 Oberstedten m\u00f6glichst drei weitere Punkte einzufahren.<\/p>\n<h4>Schiedsrichter: Mark Uffelmann (Germania Rothenbergen). Zuschauer: 50.<\/h4>\n<h4>Tore: 0:1 Julian Grassler (21., Eigentor), 0:2 Roberto Martins Pereira (39.), 0:3 Kimon Kozaris (43.), 0:4 Kaleab Eyassu (45.+1), 1:4 Moritz Lotz (45.+2), 1:5 Roberto Martins Pereira (59.), 1:6 Ouassim Ouass (64., Elfmeter), 1:7 Kaleab Eyassu (68.), 1:8 Kimon Kozaris (80.)<\/h4>\n","protected":false},"excerpt":{"rendered":"<p>Die Spvgg. 03 Fechenheim ist gut aus der Winterpause gekommen, nach dem 5:0 in Gronau und dem Unentschieden zu Hause gegen den T\u00fcrkischen SV Bad Nauheim konnte man nun wieder ausw\u00e4rts gl\u00e4nzen und kam zu einem imposanten 8:1-Sieg bei der abstiegsgef\u00e4hrdeten SG Ober-Erlenbach. SG Ober-Erlenbach &#8211; Spvgg. 03 Fechenheim 1:8 (1:4) Nach den 4 Punkten [&hellip;]<\/p>\n","protected":false},"author":3,"featured_media":17243,"comment_status":"open","ping_status":"open","sticky":true,"template":"","format":"standard","meta":{"footnotes":""},"categories":[13],"tags":[],"class_list":["post-17242","post","type-post","status-publish","format-standard","has-post-thumbnail","hentry","category-gruppenliga-frankfurt-west"],"_links":{"self":[{"href":"https:\/\/insideamateurfussball-ffm.de\/index.php?rest_route=\/wp\/v2\/posts\/17242","targetHints":{"allow":["GET"]}}],"collection":[{"href":"https:\/\/insideamateurfussball-ffm.de\/index.php?rest_route=\/wp\/v2\/posts"}],"about":[{"href":"https:\/\/insideamateurfussball-ffm.de\/index.php?rest_route=\/wp\/v2\/types\/post"}],"author":[{"embeddable":true,"href":"https:\/\/insideamateurfussball-ffm.de\/index.php?rest_route=\/wp\/v2\/users\/3"}],"replies":[{"embeddable":true,"href":"https:\/\/insideamateurfussball-ffm.de\/index.php?rest_route=%2Fwp%2Fv2%2Fcomments&post=17242"}],"version-history":[{"count":2,"href":"https:\/\/insideamateurfussball-ffm.de\/index.php?rest_route=\/wp\/v2\/posts\/17242\/revisions"}],"predecessor-version":[{"id":17245,"href":"https:\/\/insideamateurfussball-ffm.de\/index.php?rest_route=\/wp\/v2\/posts\/17242\/revisions\/17245"}],"wp:featuredmedia":[{"embeddable":true,"href":"https:\/\/insideamateurfussball-ffm.de\/index.php?rest_route=\/wp\/v2\/media\/17243"}],"wp:attachment":[{"href":"https:\/\/insideamateurfussball-ffm.de\/index.php?rest_route=%2Fwp%2Fv2%2Fmedia&parent=17242"}],"wp:term":[{"taxonomy":"category","embeddable":true,"href":"https:\/\/insideamateurfussball-ffm.de\/index.php?rest_route=%2Fwp%2Fv2%2Fcategories&post=17242"},{"taxonomy":"post_tag","embeddable":true,"href":"https:\/\/insideamateurfussball-ffm.de\/index.php?rest_route=%2Fwp%2Fv2%2Ftags&post=17242"}],"curies":[{"name":"wp","href":"https:\/\/api.w.org\/{rel}","templated":true}]}}