{"id":17226,"date":"2024-03-11T19:28:42","date_gmt":"2024-03-11T17:28:42","guid":{"rendered":"http:\/\/insideamateurfussball-ffm.de\/?p=17226"},"modified":"2024-03-11T19:31:10","modified_gmt":"2024-03-11T17:31:10","slug":"seckbach-holt-punkt-in-einem-wilden-spiel","status":"publish","type":"post","link":"https:\/\/insideamateurfussball-ffm.de\/?p=17226","title":{"rendered":"Seckbach holt Punkt in einem wilden Spiel"},"content":{"rendered":"<h4>Die FG Seckbach konnte zumindest einen Punkt im heimischen Stadion behalten, gegen den Tabellendritten FC Karben gab es in einem vor allem in der zweiten Halbzeit wilden Spiel ein 2:2-Unentschieden.<\/h4>\n<figure id=\"attachment_17236\" aria-describedby=\"caption-attachment-17236\" style=\"width: 2016px\" class=\"wp-caption alignnone\"><img loading=\"lazy\" decoding=\"async\" class=\"wp-image-17236 size-full\" src=\"http:\/\/insideamateurfussball-ffm.de\/wp-content\/uploads\/2024\/03\/seckbachKarben10.jpg\" alt=\"\" width=\"2016\" height=\"1512\" srcset=\"https:\/\/insideamateurfussball-ffm.de\/wp-content\/uploads\/2024\/03\/seckbachKarben10.jpg 2016w, https:\/\/insideamateurfussball-ffm.de\/wp-content\/uploads\/2024\/03\/seckbachKarben10-300x225.jpg 300w, https:\/\/insideamateurfussball-ffm.de\/wp-content\/uploads\/2024\/03\/seckbachKarben10-1024x768.jpg 1024w, https:\/\/insideamateurfussball-ffm.de\/wp-content\/uploads\/2024\/03\/seckbachKarben10-768x576.jpg 768w, https:\/\/insideamateurfussball-ffm.de\/wp-content\/uploads\/2024\/03\/seckbachKarben10-1536x1152.jpg 1536w\" sizes=\"auto, (max-width: 2016px) 100vw, 2016px\" \/><figcaption id=\"caption-attachment-17236\" class=\"wp-caption-text\">Der Seckbacher Alieu Sanneh Dampha erzielte den wichtigen Ausgleich zum 1:1. Foto: MZ<\/figcaption><\/figure>\n<h4>FG Seckbach &#8211; FC Karben 2:2 (1:1)<\/h4>\n<p><img loading=\"lazy\" decoding=\"async\" class=\"alignnone size-full wp-image-544\" src=\"http:\/\/insideamateurfussball-ffm.de\/wp-content\/uploads\/2022\/06\/Seckbach.jpg\" alt=\"\" width=\"80\" height=\"80\" \/><img loading=\"lazy\" decoding=\"async\" class=\"alignnone size-full wp-image-2525\" src=\"http:\/\/insideamateurfussball-ffm.de\/wp-content\/uploads\/2022\/09\/karben.jpg\" alt=\"\" width=\"65\" height=\"80\" \/><\/p>\n<p>Die FG Seckbach wollte nach der Last-Minute-Niederlage in K\u00f6nigstein gegen den Tabellendritten FC Karben punkten, man braucht jeden Punkt im Kampf um den Abstiegs-Relegationsplatz. Beide Mannschaften begannen abwartend und spielten meist die B\u00e4lle \u00fcber die Abwehr, Chancen gab es am Anfang kaum. In der 10.Minute verlor die Seckbacher Abwehr den Ball und Owen Hare schoss an den Innenpfosten, von wo der Ball wieder heraussprang. In der 25.Minute schoss Axel Feukert den Ball nach einer Ecke freistehend aus 10 Metern \u00fcber das Tor. Die Seckbacher kamen nur gelegentlich vor das Tor der Karbener, lie\u00dfen aber auch hinten kaum etwas zu. In der 39.Minute entschied der Schiedsrichter zur \u00dcberraschung aller und zum \u00c4rger der Seckbacher auf Ecke, die in den Pulk vor das Seckbacher Tor getreten wurde, wo Axel Feukert den Ball erwischte und zum 1:0 f\u00fcr die G\u00e4ste ins Tor bugsierte. Doch die Seckbacher konterten diesen R\u00fcckstand postwendend, nur zwei Minuten sp\u00e4ter wurde ein Angriff \u00fcber die linke Seite vorgetragen, die flache Flanke wurde in der Mitte von allen verpasst und am hinteren Pfosten stand der mitgelaufene Alieu Sanneh Dampha und schob den Ball zum Ausgleich ins Tor. Mit dem Stand von 1:1 ging es in die Pause.<\/p>\n<p>In der zweiten Halbzeit wurde das Spiel sehr viel offener, die Karbener kamen in der 50.Minutze wieder zur F\u00fchrung. Nach einer Ecke an die Strafraumgrenze zog Florian Kurtz ab und der Ball ging durch Freund und Feind hindurch zum 2.1 in die Maschen. Jetzt war Karben dr\u00fcckend \u00fcberlegen und wollte die F\u00fchrung vergr\u00f6\u00dfern, doch sie lie\u00dfen drei Gro\u00dfchancen liegen. Dadurch kamen die Seckbacher wieder ein bisschen ins Spiel, doch der 2:2-Ausgleich kam schon sehr \u00fcberraschend. Eine Hereingabe von der linken Seite nahm Goalgetter Florian Schuberth aus ca. 14 Metern volley und versenkte den Ball mit seinem 21.Saisontor unhaltbar im langen Eck. Jetzt wurde es ein wildes Spiel, die Karbener dr\u00fcckten wieder und die Abwehr von Seckbach wirkte unsicher. Auf der anderen Seite aber kamen die Seckbacher gegen die aufger\u00fcckte Abwehr vom FC Karben auch zu ihren Torgelegenheiten, aber alle Versuche auf beiden Seiten blieben bis zum Schluss erfolglos. So endete ein Spiel mit sehr vielen Torchancen 2:2.<\/p>\n<p>FG-Trainer Manuel May nach dem Spiel: \u201eIch glaube es war ein gutes Spiel, f\u00fcr die Zuschauer auf jeden Fall, es ging hin und her. Erste Halbzeit war richtig gut von uns gewesen, zweite Halbzeit so ein bisschen Harakiri, beide Seiten mit vielen Ballverlusten, es war ein ziemlich offenes Spiel. Wir hatten Chancen, die hatten Chancen, die hatten sicherlich die zwei mit den Pfostentreffern knapperen Dinger, aber wir haben auch oft vor der H\u00fctte gestanden und die Dinger machen k\u00f6nnen. Ich glaube insgesamt gesehen, wenn man das ganze Spiel sieht, ein gerechtes 2:2, wir nehmen den Punkt gerne mit, wer wei\u00df, on es f\u00fcr Karben zu wenig ist oder nicht.\u201c<\/p>\n<p>Am n\u00e4chsten Wochenende m\u00fcssen die Seckbacher zum FV Stierstadt, ein sehr wichtiges Spiel um den derzeitigen Relegationsplatz.<\/p>\n<h4>Schiedsrichter: Jan-Rene Seif (Langen). Zuschauer: 100.<\/h4>\n<h4>Tore: 0:1 Axel Furkert (39.), 1:1 Alieu Sanneh Dampha (41.), 1:2 Florian Kurtz (50.), 2:2 Florian Schuberth (69.)<\/h4>\n\n\n<figure class=\"wp-block-image size-large\"><img loading=\"lazy\" decoding=\"async\" width=\"1024\" height=\"768\" src=\"http:\/\/insideamateurfussball-ffm.de\/wp-content\/uploads\/2024\/03\/seckbachKarben01-1024x768.jpg\" alt=\"\" class=\"wp-image-17227\" srcset=\"https:\/\/insideamateurfussball-ffm.de\/wp-content\/uploads\/2024\/03\/seckbachKarben01-1024x768.jpg 1024w, https:\/\/insideamateurfussball-ffm.de\/wp-content\/uploads\/2024\/03\/seckbachKarben01-300x225.jpg 300w, https:\/\/insideamateurfussball-ffm.de\/wp-content\/uploads\/2024\/03\/seckbachKarben01-768x576.jpg 768w, https:\/\/insideamateurfussball-ffm.de\/wp-content\/uploads\/2024\/03\/seckbachKarben01-1536x1152.jpg 1536w, https:\/\/insideamateurfussball-ffm.de\/wp-content\/uploads\/2024\/03\/seckbachKarben01.jpg 2016w\" sizes=\"auto, (max-width: 1024px) 100vw, 1024px\" \/><\/figure>\n\n\n\n<figure class=\"wp-block-image size-large\"><img loading=\"lazy\" decoding=\"async\" width=\"1024\" height=\"768\" src=\"http:\/\/insideamateurfussball-ffm.de\/wp-content\/uploads\/2024\/03\/seckbachKarben02-1024x768.jpg\" alt=\"\" class=\"wp-image-17228\" srcset=\"https:\/\/insideamateurfussball-ffm.de\/wp-content\/uploads\/2024\/03\/seckbachKarben02-1024x768.jpg 1024w, https:\/\/insideamateurfussball-ffm.de\/wp-content\/uploads\/2024\/03\/seckbachKarben02-300x225.jpg 300w, https:\/\/insideamateurfussball-ffm.de\/wp-content\/uploads\/2024\/03\/seckbachKarben02-768x576.jpg 768w, https:\/\/insideamateurfussball-ffm.de\/wp-content\/uploads\/2024\/03\/seckbachKarben02-1536x1152.jpg 1536w, https:\/\/insideamateurfussball-ffm.de\/wp-content\/uploads\/2024\/03\/seckbachKarben02.jpg 2016w\" sizes=\"auto, (max-width: 1024px) 100vw, 1024px\" \/><\/figure>\n\n\n\n<figure class=\"wp-block-image size-large\"><img loading=\"lazy\" decoding=\"async\" width=\"1024\" height=\"768\" src=\"http:\/\/insideamateurfussball-ffm.de\/wp-content\/uploads\/2024\/03\/seckbachKarben03-1024x768.jpg\" alt=\"\" class=\"wp-image-17229\" srcset=\"https:\/\/insideamateurfussball-ffm.de\/wp-content\/uploads\/2024\/03\/seckbachKarben03-1024x768.jpg 1024w, https:\/\/insideamateurfussball-ffm.de\/wp-content\/uploads\/2024\/03\/seckbachKarben03-300x225.jpg 300w, https:\/\/insideamateurfussball-ffm.de\/wp-content\/uploads\/2024\/03\/seckbachKarben03-768x576.jpg 768w, https:\/\/insideamateurfussball-ffm.de\/wp-content\/uploads\/2024\/03\/seckbachKarben03-1536x1152.jpg 1536w, https:\/\/insideamateurfussball-ffm.de\/wp-content\/uploads\/2024\/03\/seckbachKarben03.jpg 2016w\" sizes=\"auto, (max-width: 1024px) 100vw, 1024px\" \/><\/figure>\n\n\n\n<figure class=\"wp-block-image size-large\"><img loading=\"lazy\" decoding=\"async\" width=\"1024\" height=\"768\" src=\"http:\/\/insideamateurfussball-ffm.de\/wp-content\/uploads\/2024\/03\/seckbachKarben04-1024x768.jpg\" alt=\"\" class=\"wp-image-17230\" srcset=\"https:\/\/insideamateurfussball-ffm.de\/wp-content\/uploads\/2024\/03\/seckbachKarben04-1024x768.jpg 1024w, https:\/\/insideamateurfussball-ffm.de\/wp-content\/uploads\/2024\/03\/seckbachKarben04-300x225.jpg 300w, https:\/\/insideamateurfussball-ffm.de\/wp-content\/uploads\/2024\/03\/seckbachKarben04-768x576.jpg 768w, https:\/\/insideamateurfussball-ffm.de\/wp-content\/uploads\/2024\/03\/seckbachKarben04-1536x1152.jpg 1536w, https:\/\/insideamateurfussball-ffm.de\/wp-content\/uploads\/2024\/03\/seckbachKarben04.jpg 2016w\" sizes=\"auto, (max-width: 1024px) 100vw, 1024px\" \/><\/figure>\n\n\n\n<figure class=\"wp-block-image size-large\"><img loading=\"lazy\" decoding=\"async\" width=\"1024\" height=\"768\" src=\"http:\/\/insideamateurfussball-ffm.de\/wp-content\/uploads\/2024\/03\/seckbachKarben05-1024x768.jpg\" alt=\"\" class=\"wp-image-17231\" srcset=\"https:\/\/insideamateurfussball-ffm.de\/wp-content\/uploads\/2024\/03\/seckbachKarben05-1024x768.jpg 1024w, https:\/\/insideamateurfussball-ffm.de\/wp-content\/uploads\/2024\/03\/seckbachKarben05-300x225.jpg 300w, https:\/\/insideamateurfussball-ffm.de\/wp-content\/uploads\/2024\/03\/seckbachKarben05-768x576.jpg 768w, https:\/\/insideamateurfussball-ffm.de\/wp-content\/uploads\/2024\/03\/seckbachKarben05-1536x1152.jpg 1536w, https:\/\/insideamateurfussball-ffm.de\/wp-content\/uploads\/2024\/03\/seckbachKarben05.jpg 2016w\" sizes=\"auto, (max-width: 1024px) 100vw, 1024px\" \/><\/figure>\n\n\n\n<figure class=\"wp-block-image size-large\"><img loading=\"lazy\" decoding=\"async\" width=\"1024\" height=\"768\" src=\"http:\/\/insideamateurfussball-ffm.de\/wp-content\/uploads\/2024\/03\/seckbachKarben06-1024x768.jpg\" alt=\"\" class=\"wp-image-17232\" srcset=\"https:\/\/insideamateurfussball-ffm.de\/wp-content\/uploads\/2024\/03\/seckbachKarben06-1024x768.jpg 1024w, https:\/\/insideamateurfussball-ffm.de\/wp-content\/uploads\/2024\/03\/seckbachKarben06-300x225.jpg 300w, https:\/\/insideamateurfussball-ffm.de\/wp-content\/uploads\/2024\/03\/seckbachKarben06-768x576.jpg 768w, https:\/\/insideamateurfussball-ffm.de\/wp-content\/uploads\/2024\/03\/seckbachKarben06-1536x1152.jpg 1536w, https:\/\/insideamateurfussball-ffm.de\/wp-content\/uploads\/2024\/03\/seckbachKarben06.jpg 2016w\" sizes=\"auto, (max-width: 1024px) 100vw, 1024px\" \/><\/figure>\n\n\n\n<figure class=\"wp-block-image size-large\"><img loading=\"lazy\" decoding=\"async\" width=\"1024\" height=\"768\" src=\"http:\/\/insideamateurfussball-ffm.de\/wp-content\/uploads\/2024\/03\/seckbachKarben07-1024x768.jpg\" alt=\"\" class=\"wp-image-17233\" srcset=\"https:\/\/insideamateurfussball-ffm.de\/wp-content\/uploads\/2024\/03\/seckbachKarben07-1024x768.jpg 1024w, https:\/\/insideamateurfussball-ffm.de\/wp-content\/uploads\/2024\/03\/seckbachKarben07-300x225.jpg 300w, https:\/\/insideamateurfussball-ffm.de\/wp-content\/uploads\/2024\/03\/seckbachKarben07-768x576.jpg 768w, https:\/\/insideamateurfussball-ffm.de\/wp-content\/uploads\/2024\/03\/seckbachKarben07-1536x1152.jpg 1536w, https:\/\/insideamateurfussball-ffm.de\/wp-content\/uploads\/2024\/03\/seckbachKarben07.jpg 2016w\" sizes=\"auto, (max-width: 1024px) 100vw, 1024px\" \/><\/figure>\n\n\n\n<figure class=\"wp-block-image size-large\"><img loading=\"lazy\" decoding=\"async\" width=\"1024\" height=\"768\" src=\"http:\/\/insideamateurfussball-ffm.de\/wp-content\/uploads\/2024\/03\/seckbachKarben08-1024x768.jpg\" alt=\"\" class=\"wp-image-17234\" srcset=\"https:\/\/insideamateurfussball-ffm.de\/wp-content\/uploads\/2024\/03\/seckbachKarben08-1024x768.jpg 1024w, https:\/\/insideamateurfussball-ffm.de\/wp-content\/uploads\/2024\/03\/seckbachKarben08-300x225.jpg 300w, https:\/\/insideamateurfussball-ffm.de\/wp-content\/uploads\/2024\/03\/seckbachKarben08-768x576.jpg 768w, https:\/\/insideamateurfussball-ffm.de\/wp-content\/uploads\/2024\/03\/seckbachKarben08-1536x1152.jpg 1536w, https:\/\/insideamateurfussball-ffm.de\/wp-content\/uploads\/2024\/03\/seckbachKarben08.jpg 2016w\" sizes=\"auto, (max-width: 1024px) 100vw, 1024px\" \/><\/figure>\n\n\n\n<figure class=\"wp-block-image size-large\"><img loading=\"lazy\" decoding=\"async\" width=\"1024\" height=\"768\" src=\"http:\/\/insideamateurfussball-ffm.de\/wp-content\/uploads\/2024\/03\/seckbachKarben09-1024x768.jpg\" alt=\"\" class=\"wp-image-17235\" srcset=\"https:\/\/insideamateurfussball-ffm.de\/wp-content\/uploads\/2024\/03\/seckbachKarben09-1024x768.jpg 1024w, https:\/\/insideamateurfussball-ffm.de\/wp-content\/uploads\/2024\/03\/seckbachKarben09-300x225.jpg 300w, https:\/\/insideamateurfussball-ffm.de\/wp-content\/uploads\/2024\/03\/seckbachKarben09-768x576.jpg 768w, https:\/\/insideamateurfussball-ffm.de\/wp-content\/uploads\/2024\/03\/seckbachKarben09-1536x1152.jpg 1536w, https:\/\/insideamateurfussball-ffm.de\/wp-content\/uploads\/2024\/03\/seckbachKarben09.jpg 2016w\" sizes=\"auto, (max-width: 1024px) 100vw, 1024px\" \/><\/figure>\n\n\n\n<figure class=\"wp-block-image size-large\"><img loading=\"lazy\" decoding=\"async\" width=\"1024\" height=\"768\" src=\"http:\/\/insideamateurfussball-ffm.de\/wp-content\/uploads\/2024\/03\/seckbachKarben11-1024x768.jpg\" alt=\"\" class=\"wp-image-17237\" srcset=\"https:\/\/insideamateurfussball-ffm.de\/wp-content\/uploads\/2024\/03\/seckbachKarben11-1024x768.jpg 1024w, https:\/\/insideamateurfussball-ffm.de\/wp-content\/uploads\/2024\/03\/seckbachKarben11-300x225.jpg 300w, https:\/\/insideamateurfussball-ffm.de\/wp-content\/uploads\/2024\/03\/seckbachKarben11-768x576.jpg 768w, https:\/\/insideamateurfussball-ffm.de\/wp-content\/uploads\/2024\/03\/seckbachKarben11-1536x1152.jpg 1536w, https:\/\/insideamateurfussball-ffm.de\/wp-content\/uploads\/2024\/03\/seckbachKarben11.jpg 2016w\" sizes=\"auto, (max-width: 1024px) 100vw, 1024px\" \/><\/figure>\n\n\n\n<figure class=\"wp-block-image size-large\"><img loading=\"lazy\" decoding=\"async\" width=\"1024\" height=\"768\" src=\"http:\/\/insideamateurfussball-ffm.de\/wp-content\/uploads\/2024\/03\/seckbachKarben12-1024x768.jpg\" alt=\"\" class=\"wp-image-17238\" srcset=\"https:\/\/insideamateurfussball-ffm.de\/wp-content\/uploads\/2024\/03\/seckbachKarben12-1024x768.jpg 1024w, https:\/\/insideamateurfussball-ffm.de\/wp-content\/uploads\/2024\/03\/seckbachKarben12-300x225.jpg 300w, https:\/\/insideamateurfussball-ffm.de\/wp-content\/uploads\/2024\/03\/seckbachKarben12-768x576.jpg 768w, https:\/\/insideamateurfussball-ffm.de\/wp-content\/uploads\/2024\/03\/seckbachKarben12-1536x1152.jpg 1536w, https:\/\/insideamateurfussball-ffm.de\/wp-content\/uploads\/2024\/03\/seckbachKarben12.jpg 2016w\" sizes=\"auto, (max-width: 1024px) 100vw, 1024px\" \/><\/figure>\n","protected":false},"excerpt":{"rendered":"<p>Die FG Seckbach konnte zumindest einen Punkt im heimischen Stadion behalten, gegen den Tabellendritten FC Karben gab es in einem vor allem in der zweiten Halbzeit wilden Spiel ein 2:2-Unentschieden. FG Seckbach &#8211; FC Karben 2:2 (1:1) Die FG Seckbach wollte nach der Last-Minute-Niederlage in K\u00f6nigstein gegen den Tabellendritten FC Karben punkten, man braucht jeden [&hellip;]<\/p>\n","protected":false},"author":3,"featured_media":17236,"comment_status":"open","ping_status":"open","sticky":true,"template":"","format":"standard","meta":{"footnotes":""},"categories":[13],"tags":[],"class_list":["post-17226","post","type-post","status-publish","format-standard","has-post-thumbnail","hentry","category-gruppenliga-frankfurt-west"],"_links":{"self":[{"href":"https:\/\/insideamateurfussball-ffm.de\/index.php?rest_route=\/wp\/v2\/posts\/17226","targetHints":{"allow":["GET"]}}],"collection":[{"href":"https:\/\/insideamateurfussball-ffm.de\/index.php?rest_route=\/wp\/v2\/posts"}],"about":[{"href":"https:\/\/insideamateurfussball-ffm.de\/index.php?rest_route=\/wp\/v2\/types\/post"}],"author":[{"embeddable":true,"href":"https:\/\/insideamateurfussball-ffm.de\/index.php?rest_route=\/wp\/v2\/users\/3"}],"replies":[{"embeddable":true,"href":"https:\/\/insideamateurfussball-ffm.de\/index.php?rest_route=%2Fwp%2Fv2%2Fcomments&post=17226"}],"version-history":[{"count":3,"href":"https:\/\/insideamateurfussball-ffm.de\/index.php?rest_route=\/wp\/v2\/posts\/17226\/revisions"}],"predecessor-version":[{"id":17241,"href":"https:\/\/insideamateurfussball-ffm.de\/index.php?rest_route=\/wp\/v2\/posts\/17226\/revisions\/17241"}],"wp:featuredmedia":[{"embeddable":true,"href":"https:\/\/insideamateurfussball-ffm.de\/index.php?rest_route=\/wp\/v2\/media\/17236"}],"wp:attachment":[{"href":"https:\/\/insideamateurfussball-ffm.de\/index.php?rest_route=%2Fwp%2Fv2%2Fmedia&parent=17226"}],"wp:term":[{"taxonomy":"category","embeddable":true,"href":"https:\/\/insideamateurfussball-ffm.de\/index.php?rest_route=%2Fwp%2Fv2%2Fcategories&post=17226"},{"taxonomy":"post_tag","embeddable":true,"href":"https:\/\/insideamateurfussball-ffm.de\/index.php?rest_route=%2Fwp%2Fv2%2Ftags&post=17226"}],"curies":[{"name":"wp","href":"https:\/\/api.w.org\/{rel}","templated":true}]}}