{"id":17223,"date":"2024-03-11T18:40:21","date_gmt":"2024-03-11T16:40:21","guid":{"rendered":"http:\/\/insideamateurfussball-ffm.de\/?p=17223"},"modified":"2024-03-11T18:40:21","modified_gmt":"2024-03-11T16:40:21","slug":"kalbach-siegt-trotz-schwacher-erster-haelfte","status":"publish","type":"post","link":"https:\/\/insideamateurfussball-ffm.de\/?p=17223","title":{"rendered":"Kalbach siegt trotz schwacher erster H\u00e4lfte"},"content":{"rendered":"<h4>Der FC Kalbach bleibt in der Erfolgsspur und fuhr den dritten Sieg in Folge nach der Winterpause ein. Nach einer schwachen ersten H\u00e4lfte steigerten sich die Gastgeber und schlugen am Ende den FV Stierstadt durch zwei Tore von Achraf Gara Ali mit 2:1.<\/h4>\n<figure id=\"attachment_16477\" aria-describedby=\"caption-attachment-16477\" style=\"width: 2560px\" class=\"wp-caption alignnone\"><img loading=\"lazy\" decoding=\"async\" class=\"wp-image-16477 size-full\" src=\"http:\/\/insideamateurfussball-ffm.de\/wp-content\/uploads\/2024\/02\/Vilbel-Kalbach01-scaled.jpg\" alt=\"\" width=\"2560\" height=\"1707\" srcset=\"https:\/\/insideamateurfussball-ffm.de\/wp-content\/uploads\/2024\/02\/Vilbel-Kalbach01-scaled.jpg 2560w, https:\/\/insideamateurfussball-ffm.de\/wp-content\/uploads\/2024\/02\/Vilbel-Kalbach01-300x200.jpg 300w, https:\/\/insideamateurfussball-ffm.de\/wp-content\/uploads\/2024\/02\/Vilbel-Kalbach01-1024x683.jpg 1024w, https:\/\/insideamateurfussball-ffm.de\/wp-content\/uploads\/2024\/02\/Vilbel-Kalbach01-768x512.jpg 768w, https:\/\/insideamateurfussball-ffm.de\/wp-content\/uploads\/2024\/02\/Vilbel-Kalbach01-1536x1024.jpg 1536w, https:\/\/insideamateurfussball-ffm.de\/wp-content\/uploads\/2024\/02\/Vilbel-Kalbach01-2048x1365.jpg 2048w\" sizes=\"auto, (max-width: 2560px) 100vw, 2560px\" \/><figcaption id=\"caption-attachment-16477\" class=\"wp-caption-text\">Kapit\u00e4n Oliver Pauls (hier im Spiel beim FV Bad Vilbel) f\u00fchrte seine Mannschaft zu einem schwer erk\u00e4mpften Sieg. Foto: Archiv Jan Werner<\/figcaption><\/figure>\n<h4>FC Kalbach &#8211; FV Stierstadt 2:1 (0:0)<\/h4>\n<p><img loading=\"lazy\" decoding=\"async\" class=\"alignnone size-full wp-image-16\" src=\"http:\/\/insideamateurfussball-ffm.de\/wp-content\/uploads\/2021\/11\/kalbach-wappen.jpg\" alt=\"\" width=\"80\" height=\"80\" \/><img loading=\"lazy\" decoding=\"async\" class=\"alignnone size-full wp-image-3054\" src=\"http:\/\/insideamateurfussball-ffm.de\/wp-content\/uploads\/2022\/10\/Stierstadt.png\" alt=\"\" width=\"80\" height=\"80\" \/><\/p>\n<p>Das Spiel zwischen dem Tabellensiebten FC Kalbach und dem Tabellenelften FV Stierstadt bot in der ersten Halbzeit Langeweile. Manni Meyer aus der sportlichen Leitung der Kalbacher sagte dazu nur: \u201ekein sch\u00f6nes Spiel, ohne Druck und ohne Engagement, der Gegner hat so ein bisschen mitgespielt.\u201c Das sollte sich dann in der zweiten Halbzeit \u00e4ndern, die Kalbacher spielten engagierter und gingen in der 54.Minute mit 1:0 in F\u00fchrung, nach einer tollen Kombination war es wieder einmal Achraf Gara Ali, der das wichtige Tor schoss. Aber die Kalbacher brachten den Gegner wieder ins Spiel, in der 68.Minute wollte ein St\u00fcrmer der G\u00e4ste Kalbachs Torh\u00fcter Fabian Lanthaler umkurven, der den St\u00fcrmer allerdings zu Fall brachte. Den f\u00e4lligen Elfmeter verwandelte Manuel Grossmann souver\u00e4n zum 1:1.<\/p>\n<p>Jetzt war es wieder an den Kalbachern, das Kommando zu \u00fcbernehmen, und in der 79.Minute wurde Achraf Gara Ali umgerannt, und es gab erneut Elfmeter, diesmal f\u00fcr die Gastgeber. Und das ist nat\u00fcrlich Chefsache: Achraf Gara Ali brachte mit seinem 32.Saiontor den FC Kalbach wieder in F\u00fchrung. Dabei blieb es auch bis zum Schluss. Manni Meyer nach dem Spiel: \u201edas war ein Arbeitssieg, aber die Mannschaft hat das getan, was sie machen musste: gewinnen, um oben noch dranzubleiben.\u201c Am n\u00e4chsten Wochenende spielen die Kalbacher in einem Frankfurter Duell beim FC Tempo.<\/p>\n<h4>Schiedsrichter: Maximilian Martin (VfB Ginsheim). Zuschauer: 65.<\/h4>\n<h4>Tore: 1:0 Achraf Gara Ali (54.), 1:1 Manuel Grossmann (68. Elfmeter), 2:1 Achraf Gara Ali (79., Elfmeter)<\/h4>\n","protected":false},"excerpt":{"rendered":"<p>Der FC Kalbach bleibt in der Erfolgsspur und fuhr den dritten Sieg in Folge nach der Winterpause ein. Nach einer schwachen ersten H\u00e4lfte steigerten sich die Gastgeber und schlugen am Ende den FV Stierstadt durch zwei Tore von Achraf Gara Ali mit 2:1. FC Kalbach &#8211; FV Stierstadt 2:1 (0:0) Das Spiel zwischen dem Tabellensiebten [&hellip;]<\/p>\n","protected":false},"author":3,"featured_media":16477,"comment_status":"open","ping_status":"open","sticky":true,"template":"","format":"standard","meta":{"footnotes":""},"categories":[13],"tags":[],"class_list":["post-17223","post","type-post","status-publish","format-standard","has-post-thumbnail","hentry","category-gruppenliga-frankfurt-west"],"_links":{"self":[{"href":"https:\/\/insideamateurfussball-ffm.de\/index.php?rest_route=\/wp\/v2\/posts\/17223","targetHints":{"allow":["GET"]}}],"collection":[{"href":"https:\/\/insideamateurfussball-ffm.de\/index.php?rest_route=\/wp\/v2\/posts"}],"about":[{"href":"https:\/\/insideamateurfussball-ffm.de\/index.php?rest_route=\/wp\/v2\/types\/post"}],"author":[{"embeddable":true,"href":"https:\/\/insideamateurfussball-ffm.de\/index.php?rest_route=\/wp\/v2\/users\/3"}],"replies":[{"embeddable":true,"href":"https:\/\/insideamateurfussball-ffm.de\/index.php?rest_route=%2Fwp%2Fv2%2Fcomments&post=17223"}],"version-history":[{"count":2,"href":"https:\/\/insideamateurfussball-ffm.de\/index.php?rest_route=\/wp\/v2\/posts\/17223\/revisions"}],"predecessor-version":[{"id":17225,"href":"https:\/\/insideamateurfussball-ffm.de\/index.php?rest_route=\/wp\/v2\/posts\/17223\/revisions\/17225"}],"wp:featuredmedia":[{"embeddable":true,"href":"https:\/\/insideamateurfussball-ffm.de\/index.php?rest_route=\/wp\/v2\/media\/16477"}],"wp:attachment":[{"href":"https:\/\/insideamateurfussball-ffm.de\/index.php?rest_route=%2Fwp%2Fv2%2Fmedia&parent=17223"}],"wp:term":[{"taxonomy":"category","embeddable":true,"href":"https:\/\/insideamateurfussball-ffm.de\/index.php?rest_route=%2Fwp%2Fv2%2Fcategories&post=17223"},{"taxonomy":"post_tag","embeddable":true,"href":"https:\/\/insideamateurfussball-ffm.de\/index.php?rest_route=%2Fwp%2Fv2%2Ftags&post=17223"}],"curies":[{"name":"wp","href":"https:\/\/api.w.org\/{rel}","templated":true}]}}