{"id":17217,"date":"2024-03-11T17:12:47","date_gmt":"2024-03-11T15:12:47","guid":{"rendered":"http:\/\/insideamateurfussball-ffm.de\/?p=17217"},"modified":"2024-03-11T17:12:47","modified_gmt":"2024-03-11T15:12:47","slug":"bosnien-torlos-gegen-friedrichsdorf","status":"publish","type":"post","link":"https:\/\/insideamateurfussball-ffm.de\/?p=17217","title":{"rendered":"Bosnien torlos gegen Friedrichsdorf"},"content":{"rendered":"\n<p><\/p>\n\n\n<h4>Nach den zwei Ausw\u00e4rtssiegen gegen die jeweiligen Tabellenf\u00fchrer musste sich der SV BKC Bosnien\/Herzegowina diesmal mit einem 0:0 gegen den FSV Friedrichsdorf begn\u00fcgen, es fehlte die Effizienz im Angriff.<\/h4>\n<figure id=\"attachment_15491\" aria-describedby=\"caption-attachment-15491\" style=\"width: 1542px\" class=\"wp-caption alignnone\"><img loading=\"lazy\" decoding=\"async\" class=\"wp-image-15491 size-full\" src=\"http:\/\/insideamateurfussball-ffm.de\/wp-content\/uploads\/2023\/12\/bos22.jpg\" alt=\"\" width=\"1542\" height=\"1018\" srcset=\"https:\/\/insideamateurfussball-ffm.de\/wp-content\/uploads\/2023\/12\/bos22.jpg 1542w, https:\/\/insideamateurfussball-ffm.de\/wp-content\/uploads\/2023\/12\/bos22-300x198.jpg 300w, https:\/\/insideamateurfussball-ffm.de\/wp-content\/uploads\/2023\/12\/bos22-1024x676.jpg 1024w, https:\/\/insideamateurfussball-ffm.de\/wp-content\/uploads\/2023\/12\/bos22-768x507.jpg 768w, https:\/\/insideamateurfussball-ffm.de\/wp-content\/uploads\/2023\/12\/bos22-1536x1014.jpg 1536w\" sizes=\"auto, (max-width: 1542px) 100vw, 1542px\" \/><figcaption id=\"caption-attachment-15491\" class=\"wp-caption-text\">Wie hier im Spiel gegen Seckbach berannte der SV BKC Bosnien\/Herzegowina das Tor der Friedrichsdorfer. Foto: Archiv Mithat G\u00fcrser<\/figcaption><\/figure>\n<h4>SV BKC Bosnien\/Herzegowina &#8211; FSV Friedrichsdorf 0:0<\/h4>\n<p><img loading=\"lazy\" decoding=\"async\" class=\"alignnone size-full wp-image-139\" src=\"http:\/\/insideamateurfussball-ffm.de\/wp-content\/uploads\/2022\/05\/Bosnien.jpg\" alt=\"\" width=\"79\" height=\"80\" \/><img loading=\"lazy\" decoding=\"async\" class=\"alignnone size-full wp-image-607\" src=\"http:\/\/insideamateurfussball-ffm.de\/wp-content\/uploads\/2022\/06\/FSV-F.png\" alt=\"\" width=\"80\" height=\"76\" \/><\/p>\n<p>Nachdem der SV BKC Bosnien\/Herzegowina mit zwei Ausw\u00e4rtssiegen in Neu-Anspach und in Beienheim gestartet war, erwartete man auch im Spiel gegen den Tabellenachten FSV Friedrichsdorf einen Dreier, am Ende aber musste man sich mit einem torlosen Remis zufriedengeben. Pressesprecher Admir Malohodzic meinte nach dem Spiel: \u201ewir waren heute bei der Chancenverwertung nicht auf Augenh\u00f6he.\u201c W\u00e4hrend die Friedrichsdorfer sich im Spiel kaum eine Chance erspielen konnten, hatten die Bosnier doch so einiges auf dem Fu\u00df, besonders in der ersten Halbzeit. Husejin Mevkic schoss den Ball aus f\u00fcnf Metern \u00fcber die Latte, Secouba Diatta schoss einen Friedrichsdorfer auf der Linie an und ein Kopfball eines Bosniers flog an die Latte. Auch in der zweiten Halbzeit hatte man viele Chancen, doch Malohodzic sagte: \u201edas Tor war wie vernagelt, der Ball wollte nicht rein. Am Ende sind wir wenigstens froh, dass sich das nicht ger\u00e4cht hat. Trotzdem ist es ein Punkt.\u201c<\/p>\n<p>Am n\u00e4chsten Wochenende ist man vielleicht wieder Au\u00dfenseiter, der SV BKC Bosnien\/Herzegowina spielt dann beim Tabellenvierten FC Karben.<\/p>\n<h4>Schiedsrichter: Michele Abbondanza (1.SC Kohlheck). Zuschauer:150.<\/h4>\n<h4>Tore: Fehlanzeige<\/h4>","protected":false},"excerpt":{"rendered":"<p>Nach den zwei Ausw\u00e4rtssiegen gegen die jeweiligen Tabellenf\u00fchrer musste sich der SV BKC Bosnien\/Herzegowina diesmal mit einem 0:0 gegen den FSV Friedrichsdorf begn\u00fcgen, es fehlte die Effizienz im Angriff. SV BKC Bosnien\/Herzegowina &#8211; FSV Friedrichsdorf 0:0 Nachdem der SV BKC Bosnien\/Herzegowina mit zwei Ausw\u00e4rtssiegen in Neu-Anspach und in Beienheim gestartet war, erwartete man auch im [&hellip;]<\/p>\n","protected":false},"author":3,"featured_media":15491,"comment_status":"open","ping_status":"open","sticky":true,"template":"","format":"standard","meta":{"footnotes":""},"categories":[13],"tags":[],"class_list":["post-17217","post","type-post","status-publish","format-standard","has-post-thumbnail","hentry","category-gruppenliga-frankfurt-west"],"_links":{"self":[{"href":"https:\/\/insideamateurfussball-ffm.de\/index.php?rest_route=\/wp\/v2\/posts\/17217","targetHints":{"allow":["GET"]}}],"collection":[{"href":"https:\/\/insideamateurfussball-ffm.de\/index.php?rest_route=\/wp\/v2\/posts"}],"about":[{"href":"https:\/\/insideamateurfussball-ffm.de\/index.php?rest_route=\/wp\/v2\/types\/post"}],"author":[{"embeddable":true,"href":"https:\/\/insideamateurfussball-ffm.de\/index.php?rest_route=\/wp\/v2\/users\/3"}],"replies":[{"embeddable":true,"href":"https:\/\/insideamateurfussball-ffm.de\/index.php?rest_route=%2Fwp%2Fv2%2Fcomments&post=17217"}],"version-history":[{"count":2,"href":"https:\/\/insideamateurfussball-ffm.de\/index.php?rest_route=\/wp\/v2\/posts\/17217\/revisions"}],"predecessor-version":[{"id":17219,"href":"https:\/\/insideamateurfussball-ffm.de\/index.php?rest_route=\/wp\/v2\/posts\/17217\/revisions\/17219"}],"wp:featuredmedia":[{"embeddable":true,"href":"https:\/\/insideamateurfussball-ffm.de\/index.php?rest_route=\/wp\/v2\/media\/15491"}],"wp:attachment":[{"href":"https:\/\/insideamateurfussball-ffm.de\/index.php?rest_route=%2Fwp%2Fv2%2Fmedia&parent=17217"}],"wp:term":[{"taxonomy":"category","embeddable":true,"href":"https:\/\/insideamateurfussball-ffm.de\/index.php?rest_route=%2Fwp%2Fv2%2Fcategories&post=17217"},{"taxonomy":"post_tag","embeddable":true,"href":"https:\/\/insideamateurfussball-ffm.de\/index.php?rest_route=%2Fwp%2Fv2%2Ftags&post=17217"}],"curies":[{"name":"wp","href":"https:\/\/api.w.org\/{rel}","templated":true}]}}