{"id":17165,"date":"2024-03-10T12:38:32","date_gmt":"2024-03-10T10:38:32","guid":{"rendered":"http:\/\/insideamateurfussball-ffm.de\/?p=17165"},"modified":"2024-03-10T12:38:32","modified_gmt":"2024-03-10T10:38:32","slug":"elfmeter-in-97-minute-besiegelt-speuzer-niederlage","status":"publish","type":"post","link":"https:\/\/insideamateurfussball-ffm.de\/?p=17165","title":{"rendered":"Elfmeter in 97.Minute besiegelt Speuzer Niederlage"},"content":{"rendered":"<h4>Eintracht Wald-Michelbach konnte in zwei Wochen jetzt auch den dritten Frankfurter Vertreter, die FFV Sportfreunde 04, besiegen. Dazu brauchten sie aber einen aus Sicht der Speuzer unberechtigten Elfmeter in der siebten Minute der Nachspielzeit.<\/h4>\n<figure id=\"attachment_17016\" aria-describedby=\"caption-attachment-17016\" style=\"width: 2560px\" class=\"wp-caption alignnone\"><img loading=\"lazy\" decoding=\"async\" class=\"wp-image-17016 size-full\" src=\"http:\/\/insideamateurfussball-ffm.de\/wp-content\/uploads\/2024\/03\/WaldMichelbach-SGB_240302-244-scaled.jpg\" alt=\"\" width=\"2560\" height=\"1707\" srcset=\"https:\/\/insideamateurfussball-ffm.de\/wp-content\/uploads\/2024\/03\/WaldMichelbach-SGB_240302-244-scaled.jpg 2560w, https:\/\/insideamateurfussball-ffm.de\/wp-content\/uploads\/2024\/03\/WaldMichelbach-SGB_240302-244-300x200.jpg 300w, https:\/\/insideamateurfussball-ffm.de\/wp-content\/uploads\/2024\/03\/WaldMichelbach-SGB_240302-244-1024x683.jpg 1024w, https:\/\/insideamateurfussball-ffm.de\/wp-content\/uploads\/2024\/03\/WaldMichelbach-SGB_240302-244-768x512.jpg 768w, https:\/\/insideamateurfussball-ffm.de\/wp-content\/uploads\/2024\/03\/WaldMichelbach-SGB_240302-244-1536x1024.jpg 1536w, https:\/\/insideamateurfussball-ffm.de\/wp-content\/uploads\/2024\/03\/WaldMichelbach-SGB_240302-244-2048x1365.jpg 2048w\" sizes=\"auto, (max-width: 2560px) 100vw, 2560px\" \/><figcaption id=\"caption-attachment-17016\" class=\"wp-caption-text\">Die Zuschauer in Wald-Michelbachs Fan-Block mussten lange auf den Siegtreffer warten. Foto: Archiv Andre Sturmeit<\/figcaption><\/figure>\n<h4>Eintracht Wald-Michelbach &#8211; FFV Sportfreunde 04 Ffm 1:0 (0:0)<\/h4>\n<p><img loading=\"lazy\" decoding=\"async\" class=\"alignnone size-full wp-image-140\" src=\"http:\/\/insideamateurfussball-ffm.de\/wp-content\/uploads\/2022\/05\/ETW.jpg\" alt=\"\" width=\"79\" height=\"80\" \/><img loading=\"lazy\" decoding=\"async\" class=\"alignnone size-full wp-image-141\" src=\"http:\/\/insideamateurfussball-ffm.de\/wp-content\/uploads\/2022\/05\/Speuzer.jpg\" alt=\"\" width=\"80\" height=\"80\" \/><\/p>\n<p>Der weit angeschlagene Tabellenletzte FFV Sportfreunde 04 machte die Frankfurter Woche f\u00fcr Eintracht Wald-Michelbach komplett, innerhalb von zwei Wochen wollten die Gastgeber nach RW Frankfurt und der SG Bornheim auch den dritten Frankfurter Vertreter besiegen. Doch die Wald-Michelbacher taten sich schwer und trafen auf einen Tabellenletzten, der nach den Worten von Trainer Ramzzi Kallel \u201eein gutes Spiel nach drei entt\u00e4uschenden Leistungen\u201c machte. Es war ein umk\u00e4mpftes und ausgeglichenes Spiel, was sehr kampfbetont war, aber trotzdem fair blieb. Die Sportfreunde schafften es nicht, vorne gro\u00dfe Akzente zu setzen, dabei waren sie diesmal aber defensiv sehr stabil und machten kaum Fehler in der Abwehr.<\/p>\n<p>Trainer Kallel: \u201edie Jungens haben sich gut reingehauen, aber am Ende ist das sehr bitter, denn der Schiri wollte uns den Punkt nicht g\u00f6nnen. Wir sind entt\u00e4uscht und sehr \u00e4rgerlich \u00fcber die Schiedsrichter-Leistung, nach so einer guten Leistung macht einer am Ende alles kaputt.\u201c<\/p>\n<p>Der Trainer sprach dabei die Nachspielzeit an, nach Aussagen des Trainers hatte der Schiedsrichter 4 Minuten Nachspielzeit angezeigt und lie\u00df aber immer weiterspielen, bis er dann in der 97.Minute einen aus Sicht der Speuzer unberechtigten Elfmeter pfiff und gleichzeitig Drago Brkic die gelb-rote Karte zeigte. Michael Klinger lie\u00df sich die Chance nicht entgehen und erzielte f\u00fcr Eintracht Wald-Michelbach das gl\u00fcckliche 1:0. Der Schiedsrichter pfiff das Spiel danach sogar noch einmal wieder an und im Gegenzug fiel ein Speuzer im Strafraum der Gastgeber, doch der Schiedsrichter lie\u00df weiterspielen.<\/p>\n<p>Am n\u00e4chsten Wochenende m\u00fcssen die Sportfreunde erneut ausw\u00e4rts ran, sie spielen dann beim SKV RW Darmstadt.<\/p>\n<h4>Schiedsrichter: Luca Mellin (FV 06 Sprendlingen). Zuschauer: 100.<\/h4>\n<h4>Tore: 1:0 Michael Klinger (90.+7, Elfmeter.),<\/h4>\n","protected":false},"excerpt":{"rendered":"<p>Eintracht Wald-Michelbach konnte in zwei Wochen jetzt auch den dritten Frankfurter Vertreter, die FFV Sportfreunde 04, besiegen. Dazu brauchten sie aber einen aus Sicht der Speuzer unberechtigten Elfmeter in der siebten Minute der Nachspielzeit. Eintracht Wald-Michelbach &#8211; FFV Sportfreunde 04 Ffm 1:0 (0:0) Der weit angeschlagene Tabellenletzte FFV Sportfreunde 04 machte die Frankfurter Woche f\u00fcr [&hellip;]<\/p>\n","protected":false},"author":3,"featured_media":17016,"comment_status":"open","ping_status":"open","sticky":true,"template":"","format":"standard","meta":{"footnotes":""},"categories":[10],"tags":[],"class_list":["post-17165","post","type-post","status-publish","format-standard","has-post-thumbnail","hentry","category-verbandsliga-sued"],"_links":{"self":[{"href":"https:\/\/insideamateurfussball-ffm.de\/index.php?rest_route=\/wp\/v2\/posts\/17165","targetHints":{"allow":["GET"]}}],"collection":[{"href":"https:\/\/insideamateurfussball-ffm.de\/index.php?rest_route=\/wp\/v2\/posts"}],"about":[{"href":"https:\/\/insideamateurfussball-ffm.de\/index.php?rest_route=\/wp\/v2\/types\/post"}],"author":[{"embeddable":true,"href":"https:\/\/insideamateurfussball-ffm.de\/index.php?rest_route=\/wp\/v2\/users\/3"}],"replies":[{"embeddable":true,"href":"https:\/\/insideamateurfussball-ffm.de\/index.php?rest_route=%2Fwp%2Fv2%2Fcomments&post=17165"}],"version-history":[{"count":2,"href":"https:\/\/insideamateurfussball-ffm.de\/index.php?rest_route=\/wp\/v2\/posts\/17165\/revisions"}],"predecessor-version":[{"id":17167,"href":"https:\/\/insideamateurfussball-ffm.de\/index.php?rest_route=\/wp\/v2\/posts\/17165\/revisions\/17167"}],"wp:featuredmedia":[{"embeddable":true,"href":"https:\/\/insideamateurfussball-ffm.de\/index.php?rest_route=\/wp\/v2\/media\/17016"}],"wp:attachment":[{"href":"https:\/\/insideamateurfussball-ffm.de\/index.php?rest_route=%2Fwp%2Fv2%2Fmedia&parent=17165"}],"wp:term":[{"taxonomy":"category","embeddable":true,"href":"https:\/\/insideamateurfussball-ffm.de\/index.php?rest_route=%2Fwp%2Fv2%2Fcategories&post=17165"},{"taxonomy":"post_tag","embeddable":true,"href":"https:\/\/insideamateurfussball-ffm.de\/index.php?rest_route=%2Fwp%2Fv2%2Ftags&post=17165"}],"curies":[{"name":"wp","href":"https:\/\/api.w.org\/{rel}","templated":true}]}}