{"id":17161,"date":"2024-03-08T19:03:13","date_gmt":"2024-03-08T17:03:13","guid":{"rendered":"http:\/\/insideamateurfussball-ffm.de\/?p=17161"},"modified":"2024-03-08T19:03:13","modified_gmt":"2024-03-08T17:03:13","slug":"rainer-nagel-machts-noch-mal-fuer-vier-jahre","status":"publish","type":"post","link":"https:\/\/insideamateurfussball-ffm.de\/?p=17161","title":{"rendered":"Rainer Nagel macht\u00b4s noch mal f\u00fcr vier Jahre"},"content":{"rendered":"<h3>Am vergangenen Montag wurde Rainer Nagel (SV 07 Heddernheim) in seiner Funktion als Kreisfu\u00dfballwart von den Delegierten der Vereine best\u00e4tigt. Der 79-j\u00e4hrige, der das Amt im mitgliederst\u00e4rksten Kreis Hessens seit 2004 inne hat, geht damit in seine sechste Amtsperiode.<\/h3>\n<figure id=\"attachment_17163\" aria-describedby=\"caption-attachment-17163\" style=\"width: 640px\" class=\"wp-caption alignright\"><img loading=\"lazy\" decoding=\"async\" class=\"wp-image-17163 size-large\" src=\"http:\/\/insideamateurfussball-ffm.de\/wp-content\/uploads\/2024\/03\/KFT-Nagel-1024x576.jpg\" alt=\"\" width=\"640\" height=\"360\" srcset=\"https:\/\/insideamateurfussball-ffm.de\/wp-content\/uploads\/2024\/03\/KFT-Nagel-1024x576.jpg 1024w, https:\/\/insideamateurfussball-ffm.de\/wp-content\/uploads\/2024\/03\/KFT-Nagel-300x169.jpg 300w, https:\/\/insideamateurfussball-ffm.de\/wp-content\/uploads\/2024\/03\/KFT-Nagel-768x432.jpg 768w, https:\/\/insideamateurfussball-ffm.de\/wp-content\/uploads\/2024\/03\/KFT-Nagel-1536x864.jpg 1536w, https:\/\/insideamateurfussball-ffm.de\/wp-content\/uploads\/2024\/03\/KFT-Nagel.jpg 2040w\" sizes=\"auto, (max-width: 640px) 100vw, 640px\" \/><figcaption id=\"caption-attachment-17163\" class=\"wp-caption-text\">Kreisfu\u00dfballwart Rainer Nagel hinter dem Rednerpult im Saalbau Nordwestzentrum. Foto: PA.\u00a0\u00a0<\/figcaption><\/figure>\n<p>Erstmals seit Jahrzehnten h\u00e4tte es einen Gegenkandidaten gegeben. Der fr\u00fchere Schiedsrichter-Obmann Mathias Lippert (Eintracht Frankfurt) hatte sich f\u00fcr den Posten beworben, zog aber seine Kandidatur zwei Tage vor dem im Nordwestzentrum stattfindenden Kreisfu\u00dfballtag zur\u00fcck.<\/p>\n<h3><span style=\"text-decoration: underline;\">Auch Marc Keim bleibt in seinen \u00c4mtern<\/span><\/h3>\n<p>Ansonsten h\u00e4tte es eine Kampfabstimmung mit offenem Ausgang geben k\u00f6nnen. So war die Wiederwahl Nagels eine Formsache. Weiter im Amt bleibt auch sein Stellvertreter Marc Keim (SV Viktoria Preu\u00dfen), der in Personalunion auch Kassenwart ist. Eine \u00c4nderung gab es im Vorsitz des Kreissportgerichtes. Nachdem Roland Sedlatschek (Germania Enkheim) das Amt niedergelegt hat, tritt Swaantje Dirks (SV Bonames) die Nachfolge an.<\/p>\n<p>Au\u00dferdem wurden 60 Delegierte f\u00fcr den am 28. September 2024 in Gr\u00fcnberg angesetzten Verbandstag gew\u00e4hlt, Nagel erh\u00e4lt als KFW automatisch einen Sitz. In der Veranstaltung am Montagabend wurden die Vereinsvertreter au\u00dferdem auf die vom 14. Juni bis 14. Juli in Deutschland stattfindende Europameisterschaft hingewiesen. In Frankfurt werden f\u00fcnf Partien ausgetragen. Bemerkenswert ist, dass in diesem Zeitraum keine Amateurspiele angesetzt werden sollen. Demnach werden Freundschaftsspiele im Hinblick auf die neue Saison erst ab 15. Juli genehmigt werden k\u00f6nnen.<\/p>\n<h3><\/h3>\n","protected":false},"excerpt":{"rendered":"<p>Am vergangenen Montag wurde Rainer Nagel (SV 07 Heddernheim) in seiner Funktion als Kreisfu\u00dfballwart von den Delegierten der Vereine best\u00e4tigt. Der 79-j\u00e4hrige, der das Amt im mitgliederst\u00e4rksten Kreis Hessens seit 2004 inne hat, geht damit in seine sechste Amtsperiode. Erstmals seit Jahrzehnten h\u00e4tte es einen Gegenkandidaten gegeben. Der fr\u00fchere Schiedsrichter-Obmann Mathias Lippert (Eintracht Frankfurt) hatte [&hellip;]<\/p>\n","protected":false},"author":1,"featured_media":17163,"comment_status":"open","ping_status":"open","sticky":true,"template":"","format":"standard","meta":{"footnotes":""},"categories":[24],"tags":[],"class_list":["post-17161","post","type-post","status-publish","format-standard","has-post-thumbnail","hentry","category-besprechungen"],"_links":{"self":[{"href":"https:\/\/insideamateurfussball-ffm.de\/index.php?rest_route=\/wp\/v2\/posts\/17161","targetHints":{"allow":["GET"]}}],"collection":[{"href":"https:\/\/insideamateurfussball-ffm.de\/index.php?rest_route=\/wp\/v2\/posts"}],"about":[{"href":"https:\/\/insideamateurfussball-ffm.de\/index.php?rest_route=\/wp\/v2\/types\/post"}],"author":[{"embeddable":true,"href":"https:\/\/insideamateurfussball-ffm.de\/index.php?rest_route=\/wp\/v2\/users\/1"}],"replies":[{"embeddable":true,"href":"https:\/\/insideamateurfussball-ffm.de\/index.php?rest_route=%2Fwp%2Fv2%2Fcomments&post=17161"}],"version-history":[{"count":1,"href":"https:\/\/insideamateurfussball-ffm.de\/index.php?rest_route=\/wp\/v2\/posts\/17161\/revisions"}],"predecessor-version":[{"id":17164,"href":"https:\/\/insideamateurfussball-ffm.de\/index.php?rest_route=\/wp\/v2\/posts\/17161\/revisions\/17164"}],"wp:featuredmedia":[{"embeddable":true,"href":"https:\/\/insideamateurfussball-ffm.de\/index.php?rest_route=\/wp\/v2\/media\/17163"}],"wp:attachment":[{"href":"https:\/\/insideamateurfussball-ffm.de\/index.php?rest_route=%2Fwp%2Fv2%2Fmedia&parent=17161"}],"wp:term":[{"taxonomy":"category","embeddable":true,"href":"https:\/\/insideamateurfussball-ffm.de\/index.php?rest_route=%2Fwp%2Fv2%2Fcategories&post=17161"},{"taxonomy":"post_tag","embeddable":true,"href":"https:\/\/insideamateurfussball-ffm.de\/index.php?rest_route=%2Fwp%2Fv2%2Ftags&post=17161"}],"curies":[{"name":"wp","href":"https:\/\/api.w.org\/{rel}","templated":true}]}}