{"id":17150,"date":"2024-03-07T22:54:33","date_gmt":"2024-03-07T20:54:33","guid":{"rendered":"http:\/\/insideamateurfussball-ffm.de\/?p=17150"},"modified":"2024-03-07T23:11:34","modified_gmt":"2024-03-07T21:11:34","slug":"enkheim-vier-punkte-vor-posavina","status":"publish","type":"post","link":"https:\/\/insideamateurfussball-ffm.de\/?p=17150","title":{"rendered":"Enkheim steht vier Punkte vor Verfolger Posavina"},"content":{"rendered":"<h3>In der Gruppe 2 der Kreisliga A, dem vormaligen &#8222;S\u00fcdosten&#8220;, f\u00fchrt der FC Germania Enkheim das Klassement mit vier Punkten Vorsprung vor dem FC Posavina an. Weitere Aufstiegsanw\u00e4rter sind die Griechische Sport-Union, der SV Sachsenhausen und die Spvgg. Fechenheim II.<\/h3>\n<figure id=\"attachment_17151\" aria-describedby=\"caption-attachment-17151\" style=\"width: 640px\" class=\"wp-caption alignright\"><img loading=\"lazy\" decoding=\"async\" class=\"wp-image-17151 size-large\" src=\"http:\/\/insideamateurfussball-ffm.de\/wp-content\/uploads\/2024\/03\/krolo-768x1024.jpg\" alt=\"\" width=\"640\" height=\"853\" srcset=\"https:\/\/insideamateurfussball-ffm.de\/wp-content\/uploads\/2024\/03\/krolo-768x1024.jpg 768w, https:\/\/insideamateurfussball-ffm.de\/wp-content\/uploads\/2024\/03\/krolo-225x300.jpg 225w, https:\/\/insideamateurfussball-ffm.de\/wp-content\/uploads\/2024\/03\/krolo-1152x1536.jpg 1152w, https:\/\/insideamateurfussball-ffm.de\/wp-content\/uploads\/2024\/03\/krolo.jpg 1500w\" sizes=\"auto, (max-width: 640px) 100vw, 640px\" \/><figcaption id=\"caption-attachment-17151\" class=\"wp-caption-text\">Darko Krolo (Mitte) wechselte vom Nachbarn FSV Bergen zu Germania Enkheim und ist neuer Sportdirektor. Foto: Verein.<\/figcaption><\/figure>\n<p><img loading=\"lazy\" decoding=\"async\" class=\"alignnone size-full wp-image-1748\" src=\"http:\/\/insideamateurfussball-ffm.de\/wp-content\/uploads\/2022\/07\/Enkheim-1.jpg\" alt=\"\" width=\"63\" height=\"80\" \/><\/p>\n<p>Einst ein etablierter Gruppenligist, ging es in Enkheim nach dem Abstieg 2017 auch in der Kreisoberliga bergab. Zwei Jahre sp\u00e4ter musste man als 13. in die Relegation und stieg in die A-Klasse ab. Dort scheiterten in den letzten vier Jahren s\u00e4mtliche Aufstiegsversuche, letzte Saison musste man in der Relegation dem R\u00f6delheimer FC den Vortritt lassen. In dieser Saison schickt man sich an, die R\u00fcckkehr in das Oberhaus des Kreises direkt zu schaffen. Mit 55 Punkten und vier Z\u00e4hlern mehr als KOL-Absteiger FC Posavina sieht es derzeit gut aus. Beste Torsch\u00fctzen sind Tobias Schirmer (23), Lars Trams (13) und Mimoun Zaouzaou (8). Trainiert wird das Team von Trainer Michael Anne. Neuer Sportdirektor und zust\u00e4ndig f\u00fcr Erste und Zweite Mannschaft sowie die A-Jugend ist Darko Krolo. Auf dem Bild sind links die Winter-Neuzug\u00e4nge Alpay Ertas (T\u00fcrkischer SV Offenbach) und Torh\u00fcter Simun Vidakusic (rechts). Er kam vom FC Schwalbach aus der KOL Maintaunus und spielte vorher beim FC Croatia.<\/p>\n<p><img loading=\"lazy\" decoding=\"async\" class=\"alignnone size-full wp-image-22\" src=\"http:\/\/insideamateurfussball-ffm.de\/wp-content\/uploads\/2021\/11\/posavina.jpg\" alt=\"\" width=\"63\" height=\"80\" \/><\/p>\n<p>Der FC Posavina k\u00f6nnte schneller in die Kreisoberliga zur\u00fcckkehren, als viele Experten vermutet hatten. Nach siebenj\u00e4hriger Zugeh\u00f6rigkeit zur Kreisoberliga ereilte den kroatischen Verein vom Riederwald der Abstieg \u00fcber die Relegationsrunde. In diese k\u00f6nnte es im Sommer erneut gehen, denn das Team von Trainer Marijan Madzarevic belegt derzeit Rang zwei. Pikanterweise w\u00fcrde es nach aktuellem Stand der Dinge zu einem erneuten Aufeinandertreffen mit dem R\u00f6delheimer FC kommen, dem man im Vorjahr den Vortritt lassen musste. Dritter Teilnehmer w\u00e4re der SV Niederursel. Nach anf\u00e4nglichen Schwierigkeiten hat sich Posavina mit einer kaum ver\u00e4nderten Mannschaft zum Spitzenteam gemausert mit einer starken Defensive die bislang nur 25 Gegentore kassierte. Beste Torsch\u00fctzen sind Mato Djukic (15), Danijel Koturic (11) und Danijel Baotic (5).<\/p>\n<p><img loading=\"lazy\" decoding=\"async\" class=\"alignnone size-full wp-image-17152\" src=\"http:\/\/insideamateurfussball-ffm.de\/wp-content\/uploads\/2024\/03\/GSU-Hellas.png\" alt=\"\" width=\"80\" height=\"80\" \/><\/p>\n<p>Die Griechische Sport-Union stieg erst vor der Saison aus der B-Klasse auf und spielt auf Anhieb oben mit. Mit 80 Toren haben die Griechen den zweitbesten Sturm der Liga. Nur einen Punkt betr\u00e4gt der R\u00fcckstand auf Rang zwei f\u00fcr das Team von Trainer Dimitrios Mitsou. Bester Torsch\u00fctze ist Georgios Rafail Vassiliou mit 24 Toren gefolgt vom aus der Kreisoberliga vom SV 07 Heddernheim gekommenen Christos Papadopoulos mit zw\u00f6lf Treffern. Gespielt wird auf der Sportanlage an der Wilhelm-Epstein-Stra\u00dfe in Ginnheim.<\/p>\n<p><img loading=\"lazy\" decoding=\"async\" class=\"alignnone size-full wp-image-1426\" src=\"http:\/\/insideamateurfussball-ffm.de\/wp-content\/uploads\/2022\/07\/SV-Sachsenhausen.jpg\" alt=\"\" width=\"80\" height=\"80\" \/><\/p>\n<p>In der vorletzten Saison musste der SV Sachsenhausen der Reserve von Bornheim\/Gr\u00fcn-Wei\u00df den Vortritt lassen, letzte Saison wurde der SVS Dritter. Das Team der Oberr\u00e4der Spielerlegende Murat Fil mischt auch dieses Jahr vorne mit, hat mit 94 Toren die meisten erzielt. Es w\u00e4re der erste Aufstieg des Vereins in die Kreisoberliga. Zu gerne w\u00fcrde man dem Platzrivalen Germania 94 nach oben folgen. Beste Torsch\u00fctzen: Benjamin Marcel Menge (15), Calum William Campbell (13) und Maximilian Johannes Walter G\u00e4rtner (12).<\/p>\n<p><img loading=\"lazy\" decoding=\"async\" class=\"alignnone size-full wp-image-603\" src=\"http:\/\/insideamateurfussball-ffm.de\/wp-content\/uploads\/2022\/06\/Fech03.jpg\" alt=\"\" width=\"52\" height=\"80\" \/><\/p>\n<p>Die Spvgg. Fechenheim II kommt wie die GSU als Aufsteiger aus der B-Klasse daher und belegt derzeit Rang f\u00fcnf mit zwei Punkten R\u00fcckstand zum Relegationsplatz. Die Reserve des Gruppenligisten hat viermal in Folge gewonnen und zuletzt den SV Frankfurt Nord mit 5:0 vom Platz gefegt. Die M\u00e4nner von Trainer Erkan Altinok versp\u00fcren keinen Druck und wollen weiter oben dran bleiben. Herausragende Spieler sind Simone Barbera (14), Daniel Lotz (10) und Niklas Petermann mit 9 Toren.<\/p>\n<h3><\/h3>\n","protected":false},"excerpt":{"rendered":"<p>In der Gruppe 2 der Kreisliga A, dem vormaligen &#8222;S\u00fcdosten&#8220;, f\u00fchrt der FC Germania Enkheim das Klassement mit vier Punkten Vorsprung vor dem FC Posavina an. Weitere Aufstiegsanw\u00e4rter sind die Griechische Sport-Union, der SV Sachsenhausen und die Spvgg. Fechenheim II. Einst ein etablierter Gruppenligist, ging es in Enkheim nach dem Abstieg 2017 auch in der [&hellip;]<\/p>\n","protected":false},"author":1,"featured_media":17151,"comment_status":"open","ping_status":"open","sticky":true,"template":"","format":"standard","meta":{"footnotes":""},"categories":[14],"tags":[],"class_list":["post-17150","post","type-post","status-publish","format-standard","has-post-thumbnail","hentry","category-kreisliga-a2"],"_links":{"self":[{"href":"https:\/\/insideamateurfussball-ffm.de\/index.php?rest_route=\/wp\/v2\/posts\/17150","targetHints":{"allow":["GET"]}}],"collection":[{"href":"https:\/\/insideamateurfussball-ffm.de\/index.php?rest_route=\/wp\/v2\/posts"}],"about":[{"href":"https:\/\/insideamateurfussball-ffm.de\/index.php?rest_route=\/wp\/v2\/types\/post"}],"author":[{"embeddable":true,"href":"https:\/\/insideamateurfussball-ffm.de\/index.php?rest_route=\/wp\/v2\/users\/1"}],"replies":[{"embeddable":true,"href":"https:\/\/insideamateurfussball-ffm.de\/index.php?rest_route=%2Fwp%2Fv2%2Fcomments&post=17150"}],"version-history":[{"count":2,"href":"https:\/\/insideamateurfussball-ffm.de\/index.php?rest_route=\/wp\/v2\/posts\/17150\/revisions"}],"predecessor-version":[{"id":17159,"href":"https:\/\/insideamateurfussball-ffm.de\/index.php?rest_route=\/wp\/v2\/posts\/17150\/revisions\/17159"}],"wp:featuredmedia":[{"embeddable":true,"href":"https:\/\/insideamateurfussball-ffm.de\/index.php?rest_route=\/wp\/v2\/media\/17151"}],"wp:attachment":[{"href":"https:\/\/insideamateurfussball-ffm.de\/index.php?rest_route=%2Fwp%2Fv2%2Fmedia&parent=17150"}],"wp:term":[{"taxonomy":"category","embeddable":true,"href":"https:\/\/insideamateurfussball-ffm.de\/index.php?rest_route=%2Fwp%2Fv2%2Fcategories&post=17150"},{"taxonomy":"post_tag","embeddable":true,"href":"https:\/\/insideamateurfussball-ffm.de\/index.php?rest_route=%2Fwp%2Fv2%2Ftags&post=17150"}],"curies":[{"name":"wp","href":"https:\/\/api.w.org\/{rel}","templated":true}]}}