{"id":1714,"date":"2022-07-26T17:55:23","date_gmt":"2022-07-26T17:55:23","guid":{"rendered":"http:\/\/insideamateurfussball-ffm.de\/?p=1714"},"modified":"2025-01-07T15:15:53","modified_gmt":"2025-01-07T14:15:53","slug":"rot-weiss-will-besser-sein-als-im-vorjahr","status":"publish","type":"post","link":"https:\/\/insideamateurfussball-ffm.de\/?p=1714","title":{"rendered":"Rot-Weiss will besser sein als im Vorjahr"},"content":{"rendered":"<h5>F\u00fcr das f\u00fcnfte Jahr in Folge in der Verbandsliga S\u00fcd steckt sich Rot-Weiss Frankfurt keine hohen Ziele. Mit einem stark verj\u00fcngten und personell ver\u00e4ndertem Kader will der Traditionsverein lediglich besser abschneiden als im Vorjahr, als der Klub auf Rang zw\u00f6lf landete und sich lange in Abstiegsgefahr befand.<\/h5>\n<figure id=\"attachment_1715\" aria-describedby=\"caption-attachment-1715\" style=\"width: 313px\" class=\"wp-caption alignnone\"><img loading=\"lazy\" decoding=\"async\" class=\"wp-image-1715\" src=\"http:\/\/insideamateurfussball-ffm.de\/wp-content\/uploads\/2022\/07\/Bild-fuer-textUnsere-pokal-spiel-vorberatung-Mini-text-300x199.jpg\" alt=\"\" width=\"313\" height=\"208\" \/><figcaption id=\"caption-attachment-1715\" class=\"wp-caption-text\">Die harte Vorbereitung soll sich bei Rot-Weiss auszahlen. Foto: Mithat G\u00fcrser.<\/figcaption><\/figure>\n<p><img loading=\"lazy\" decoding=\"async\" class=\"alignnone size-full wp-image-120\" src=\"http:\/\/insideamateurfussball-ffm.de\/wp-content\/uploads\/2022\/05\/rot-weiss.png\" alt=\"\" width=\"80\" height=\"70\" \/><\/p>\n<p>Von der R\u00fcckkehr in die Hessenliga, aus der Rot-Weiss 2018 abstieg, ist derzeit am Brentanobad keine Rede mehr. Priorit\u00e4t vor dem sportlichen Erfolg hat die schon in der vergangenen Saison begonnene Verzahnung mit der eigenen Jugendabteilung. Im M\u00e4rz war Benjamin L\u00f6bert aus der U15 in die Erste Mannschaft bef\u00f6rdert worden und hatte gro\u00dfen Anteil am Klassenerhalt. Nachdem L\u00f6bert nach Saisonende zur U17 abkommandiert wurde, soll nun unter der Federf\u00fchrung von Jonel Goncalves der n\u00e4chste Entwicklungsschritt gelingen. Der Vorteil liegt auf der Hand, denn der Portugiese hatte bei der U19, die mit Platz zwei in der Hessenliga die beste Platzierung der Vereinsgeschichte schaffte, die jetzt aus der A-Jugend in den Seniorenbereich aufger\u00fcckten Talente schon unter seinen Fittichen, dementsprechend kennt keiner sie besser als der neue Chefcoach, der mit den Co-Trainern Mirko Kelava und Nassratullah Jamali sowie Driss Harchaoui als Athletikcoach das umfangreiche Trainerteam anf\u00fchrt.<\/p>\n<p>19 Neuzug\u00e4nge sind gekommen, darunter mit Bennet Karrer, Georg Henningsen, Artjom Belavskis, Ayoub Ghoulla, Esay Tukou, Ely Ndombe Kayembe, Michel Njonzen, David Hrvacanin, Adis Pasic, Luka Cabraja und Kani Yildirimoglu elf Spieler aus der A-Jugend. Dar\u00fcber hinaus kamen mit Mario Shuteriqi, Filip Cirpaci (beide FV Bad Vilbel) und Rodrigo David Tiago (SV Zeilsheim) drei Akteure von Hessenliga-Absteigern. Au\u00dferdem neu dazu gesto\u00dfen sind Dusan Zbiljic (SV Niedernhausen), Gurkaraman Singh (TSV Vatanspor Bad Homburg), Hakan G\u00fcltekin (Spvgg. Oberrad) und Mbaka Emanuel Lodama (FSV Frankfurt U19). Die umstrittenste Verpflichtung war indes jene von Fiorenzo Santoro (Spvgg. Griesheim), da der Spieler aufgrund einer Roten Karte im Griesheimer Dress noch mit einer l\u00e4ngeren Sperre belegt ist. Verlassen haben den Club 17 Akteure: Firas Al Masri (FC Kalbach), Anto Arlovic (Dersim R\u00fcsselsheim), Terry Danso (Hanauer SC), Kubilay Dincer, Mehdi Filali Baba (beide FFV Sportfreunde 04), Daniel Duschner (FC Gie\u00dfen), Youness Kurt (KV M\u00fchlheim), Mark Nowak (Eintracht Oberissigheim), Daniel Onyia (VfB Ginsheim); Baris \u00d6zdemir (SG Hoechst) und Furkan T\u00fcrksoy (SV Zeilsheim).<\/p>\n<blockquote><p>&#8222;Wir wollen in jedem Spiel so fit sein, dass wir mental, spielerisch und taktisch in der Lage sind, es zu gewinnen.&#8220; (Rot-Weiss-Trainer Jonel Goncalves).<\/p><\/blockquote>\n<p>Paul Jonas Gr\u00fcter, Efthimios Savoulidis, Nikolaos Savoulidis, Filip Sumanov, Amadou Tunkara und Soufian Zaimi haben noch keinen neuen Verein gefunden. Mit Teamgeist und Mentalit\u00e4t will Goncalves ansprechenden und erfolgreichen Fu\u00dfball bieten: &#8222;Wir wollen in jedem Spiel so fit sein, dass wir mental, spielerisch und taktisch in der Lage sind, es zu gewinnen. Wenn wir an einem Wochenende Fehler machen, wollen wir sie sofort korrigieren, um am Ende so wenige Fehler wie m\u00f6glich zu machen.&#8220; Der Coach vertraut auch in schwierigen Situationen auf das Potenzial, die Lernwilligkeit und den Flei\u00df der Truppe. In den f\u00fcnf Testspielen pr\u00e4sentierte sich das Team um den langj\u00e4hrigen Kapit\u00e4n Patrick G\u00fcrser recht erfolgreich. Vier Begegnungen wurden gewonnen, nur gegen Mitte-Verbandsligist Spvgg. Eltville gab es ein Unentschieden. Im Vorstand hat nach den Neuwahlen im Fr\u00fchjahr J\u00fcrgen Str\u00f6dter den Vorsitz von Ersan Dincer \u00fcbernommen, der sich nach viereinhalb Jahren Amtsperiode nicht mehr zur Wahl stellte. Mit den im Frankfurter Fu\u00dfball-Kreis gut vernetzten Michael &#8222;Mikki&#8220; Bauer konnte indes eine charismatische Figur in der Sportlichen Leitung hinzugewonnen werden.<\/p>\n<p>Finanzsorgen und interne Querelen geh\u00f6ren der Vergangenheit an, am Brentanobad ziehen sie jetzt an einem Strang. F\u00fcr Verdruss sorgen zuweilen die eingeschr\u00e4nkten Entfaltungsm\u00f6glichkeiten durch die Pr\u00e4senz der Frauenfu\u00dfball-Abteilung von Eintracht Frankfurt. Dadurch muss Rot-Weiss seine Heimspiele seit letzter Saison permanent auf Kunstrasen austragen. &#8222;Massiv zur Wehr&#8220; will sich Str\u00f6dter gegen die auf dem DFB-Portal &#8222;Fussball.de&#8220; ge\u00e4nderte Bezeichnung der Heimspielst\u00e4tte in &#8222;Brentano SGE&#8220; setzen. Eine Bezeichnung, die laut dem Vorsitzenden der langen Historie als Nutzer der Sportst\u00e4tte durch Rot-Weiss nicht gerecht werde. Die Saison wird f\u00fcr Rot-Weiss zu einer gro\u00dfen Herausforderung. Die jungen Spieler bringen viel Potenzial mit, die Mannschaft scheint sich schon in der Testphase in der neuen Konstellation gefunden zu haben. Deswegen ist Rot-Weiss eine sorgenfreie Runde mit dem Abschluss im einstelligen Tabellenbereich zuzutrauen.<\/p>\n","protected":false},"excerpt":{"rendered":"<p>F\u00fcr das f\u00fcnfte Jahr in Folge in der Verbandsliga S\u00fcd steckt sich Rot-Weiss Frankfurt keine hohen Ziele. Mit einem stark verj\u00fcngten und personell ver\u00e4ndertem Kader will der Traditionsverein lediglich besser abschneiden als im Vorjahr, als der Klub auf Rang zw\u00f6lf landete und sich lange in Abstiegsgefahr befand. Von der R\u00fcckkehr in die Hessenliga, aus der [&hellip;]<\/p>\n","protected":false},"author":1,"featured_media":0,"comment_status":"open","ping_status":"open","sticky":false,"template":"","format":"standard","meta":{"footnotes":""},"categories":[10],"tags":[],"class_list":["post-1714","post","type-post","status-publish","format-standard","hentry","category-verbandsliga-sued"],"_links":{"self":[{"href":"https:\/\/insideamateurfussball-ffm.de\/index.php?rest_route=\/wp\/v2\/posts\/1714","targetHints":{"allow":["GET"]}}],"collection":[{"href":"https:\/\/insideamateurfussball-ffm.de\/index.php?rest_route=\/wp\/v2\/posts"}],"about":[{"href":"https:\/\/insideamateurfussball-ffm.de\/index.php?rest_route=\/wp\/v2\/types\/post"}],"author":[{"embeddable":true,"href":"https:\/\/insideamateurfussball-ffm.de\/index.php?rest_route=\/wp\/v2\/users\/1"}],"replies":[{"embeddable":true,"href":"https:\/\/insideamateurfussball-ffm.de\/index.php?rest_route=%2Fwp%2Fv2%2Fcomments&post=1714"}],"version-history":[{"count":1,"href":"https:\/\/insideamateurfussball-ffm.de\/index.php?rest_route=\/wp\/v2\/posts\/1714\/revisions"}],"predecessor-version":[{"id":1716,"href":"https:\/\/insideamateurfussball-ffm.de\/index.php?rest_route=\/wp\/v2\/posts\/1714\/revisions\/1716"}],"wp:attachment":[{"href":"https:\/\/insideamateurfussball-ffm.de\/index.php?rest_route=%2Fwp%2Fv2%2Fmedia&parent=1714"}],"wp:term":[{"taxonomy":"category","embeddable":true,"href":"https:\/\/insideamateurfussball-ffm.de\/index.php?rest_route=%2Fwp%2Fv2%2Fcategories&post=1714"},{"taxonomy":"post_tag","embeddable":true,"href":"https:\/\/insideamateurfussball-ffm.de\/index.php?rest_route=%2Fwp%2Fv2%2Ftags&post=1714"}],"curies":[{"name":"wp","href":"https:\/\/api.w.org\/{rel}","templated":true}]}}