{"id":17109,"date":"2024-03-05T19:02:02","date_gmt":"2024-03-05T17:02:02","guid":{"rendered":"http:\/\/insideamateurfussball-ffm.de\/?p=17109"},"modified":"2024-03-05T19:02:02","modified_gmt":"2024-03-05T17:02:02","slug":"kosova-fegt-croatia-mit-heimwucht-vom-platz","status":"publish","type":"post","link":"https:\/\/insideamateurfussball-ffm.de\/?p=17109","title":{"rendered":"Kosova fegt Croatia mit Heimwucht vom Platz"},"content":{"rendered":"<h3>Der FC Kosova schoss sich beim \u00fcberraschend hohen 5:0-Sieg gegen den FC Croatia den Frust von der Seele. Es war der erste Ligasieg f\u00fcr die Kosovaren im neuen Jahr. Durch den zw\u00f6lften Saisonsieg kamen die Gastgeber bis auf f\u00fcnf Punkte an die Kroaten heran, die auf Rang vier zur\u00fcckfielen. Zudem wurde der direkte Vergleich nach der 1:3-Niederlage im Hinspiel gewonnen. F\u00fcr Croatia war es nach dem guten Start ins neue Jahr die f\u00fcnfte Niederlage der Spielzeit.<\/h3>\n<figure id=\"attachment_17110\" aria-describedby=\"caption-attachment-17110\" style=\"width: 640px\" class=\"wp-caption alignright\"><img loading=\"lazy\" decoding=\"async\" class=\"wp-image-17110 size-large\" src=\"http:\/\/insideamateurfussball-ffm.de\/wp-content\/uploads\/2024\/03\/Shaban-768x1024.jpg\" alt=\"\" width=\"640\" height=\"853\" srcset=\"https:\/\/insideamateurfussball-ffm.de\/wp-content\/uploads\/2024\/03\/Shaban-768x1024.jpg 768w, https:\/\/insideamateurfussball-ffm.de\/wp-content\/uploads\/2024\/03\/Shaban-225x300.jpg 225w, https:\/\/insideamateurfussball-ffm.de\/wp-content\/uploads\/2024\/03\/Shaban-1152x1536.jpg 1152w, https:\/\/insideamateurfussball-ffm.de\/wp-content\/uploads\/2024\/03\/Shaban.jpg 1536w\" sizes=\"auto, (max-width: 640px) 100vw, 640px\" \/><figcaption id=\"caption-attachment-17110\" class=\"wp-caption-text\">Die von Shaban Bitiqi gegrillten Cevapcici schmeckten im Fladenbrot nach dem 5:0-Sieg besonders gut. Foto: FC Kosova.\u00a0\u00a0<\/figcaption><\/figure>\n<h3>FC Kosova &#8211; FC Croatia 5:0 (4:0)<\/h3>\n<p><img loading=\"lazy\" decoding=\"async\" class=\"alignnone size-full wp-image-9\" src=\"http:\/\/insideamateurfussball-ffm.de\/wp-content\/uploads\/2021\/11\/Kosova.jpg\" alt=\"\" width=\"65\" height=\"80\" \/><img loading=\"lazy\" decoding=\"async\" class=\"alignnone size-full wp-image-29\" src=\"http:\/\/insideamateurfussball-ffm.de\/wp-content\/uploads\/2021\/11\/croatia.jpg\" alt=\"\" width=\"63\" height=\"80\" \/><\/p>\n<p>In einem sehr fairen Spiel hatte Kosova-Trainer Jorge Huberman &#8222;die Bereitschaft gesehen, sehr konzentriert zu spielen, auch im Defensivbereich.&#8220;<\/p>\n<p>Vorne wurden die Torchancen im Gegensatz zu den beiden Spielen davor konsequent genutzt. Perparim Islami (11.\/40.) und Ibrahim Abbouz (29.\/45.) trafen im Doppelpack.<\/p>\n<h3><span style=\"text-decoration: underline;\">Albion Bitiqi setzt den Schlusspunkt<\/span><\/h3>\n<p>Auch nach dem Seitenwechsel habe Kosova mehr Chancen aufweisen k\u00f6nnen, sodass das Ergebnis &#8222;eigentlich h\u00f6her sein musste&#8220;, wie Huberman betonte. &#8222;Der Gegner hatte keine richtige Chance und wirkte etwas beh\u00e4big&#8220;, urteilte der Kosova-Coach. Den Schlusspunkt setzte Albion Bitiqi (81.). &#8222;Totgeglaubte leben l\u00e4nger, wir sind wieder auferwacht. Es war ein Sieg des Kollektivs und des Willens, der gr\u00f6\u00dfer war. Nach den Wochen der Frustration haben wir bei diesem tollen Wetter eine tolle Leistung hingelegt&#8220;, sagte Huberman, der zwei Ersatzspieler aus der Ersten Mannschaft auf der Bank hatte.<\/p>\n<p>&#8222;Das war unsere Heimwucht. Endlich haben wir wieder zu Null gespielt&#8220;, f\u00fcgte er hinzu. Croatias Sportlicher Leiter Stanislav Konta war restlos bedient: &#8222;Wir haben uns dem Ambiente angepasst, es hatte einen Schoppenturniercharakter. So sind wir auch ins Spiel gegangen und haben es nicht geschafft, die Grundlagen abzurufen. Kein Wille, kein Einsatz und vor allem keine Mentalit\u00e4t. Wir sind sehr entt\u00e4uscht, das war ein rabenschwarzer Tag.&#8220;<\/p>\n<h3><span style=\"text-decoration: underline;\">Schiedsrichter: Christopher Bedikian (SC 1960 Hanau). Zuschauer: 180. <\/span><\/h3>\n<h3><span style=\"text-decoration: underline;\">Tore: 1:0 Perparim Islami (11.), 2:0 Ibrahim Abbouz (29.), 3:0 Perparim Islami (40.), 4:0 Ibrahim Abbouz (45.), 5:0 Albion Bitiqi (81.).<\/span><\/h3>\n","protected":false},"excerpt":{"rendered":"<p>Der FC Kosova schoss sich beim \u00fcberraschend hohen 5:0-Sieg gegen den FC Croatia den Frust von der Seele. Es war der erste Ligasieg f\u00fcr die Kosovaren im neuen Jahr. Durch den zw\u00f6lften Saisonsieg kamen die Gastgeber bis auf f\u00fcnf Punkte an die Kroaten heran, die auf Rang vier zur\u00fcckfielen. Zudem wurde der direkte Vergleich nach [&hellip;]<\/p>\n","protected":false},"author":1,"featured_media":17110,"comment_status":"open","ping_status":"open","sticky":true,"template":"","format":"standard","meta":{"footnotes":""},"categories":[2],"tags":[],"class_list":["post-17109","post","type-post","status-publish","format-standard","has-post-thumbnail","hentry","category-kreisoberliga-frankfurt"],"_links":{"self":[{"href":"https:\/\/insideamateurfussball-ffm.de\/index.php?rest_route=\/wp\/v2\/posts\/17109","targetHints":{"allow":["GET"]}}],"collection":[{"href":"https:\/\/insideamateurfussball-ffm.de\/index.php?rest_route=\/wp\/v2\/posts"}],"about":[{"href":"https:\/\/insideamateurfussball-ffm.de\/index.php?rest_route=\/wp\/v2\/types\/post"}],"author":[{"embeddable":true,"href":"https:\/\/insideamateurfussball-ffm.de\/index.php?rest_route=\/wp\/v2\/users\/1"}],"replies":[{"embeddable":true,"href":"https:\/\/insideamateurfussball-ffm.de\/index.php?rest_route=%2Fwp%2Fv2%2Fcomments&post=17109"}],"version-history":[{"count":1,"href":"https:\/\/insideamateurfussball-ffm.de\/index.php?rest_route=\/wp\/v2\/posts\/17109\/revisions"}],"predecessor-version":[{"id":17111,"href":"https:\/\/insideamateurfussball-ffm.de\/index.php?rest_route=\/wp\/v2\/posts\/17109\/revisions\/17111"}],"wp:featuredmedia":[{"embeddable":true,"href":"https:\/\/insideamateurfussball-ffm.de\/index.php?rest_route=\/wp\/v2\/media\/17110"}],"wp:attachment":[{"href":"https:\/\/insideamateurfussball-ffm.de\/index.php?rest_route=%2Fwp%2Fv2%2Fmedia&parent=17109"}],"wp:term":[{"taxonomy":"category","embeddable":true,"href":"https:\/\/insideamateurfussball-ffm.de\/index.php?rest_route=%2Fwp%2Fv2%2Fcategories&post=17109"},{"taxonomy":"post_tag","embeddable":true,"href":"https:\/\/insideamateurfussball-ffm.de\/index.php?rest_route=%2Fwp%2Fv2%2Ftags&post=17109"}],"curies":[{"name":"wp","href":"https:\/\/api.w.org\/{rel}","templated":true}]}}