{"id":17090,"date":"2024-03-04T17:58:31","date_gmt":"2024-03-04T15:58:31","guid":{"rendered":"http:\/\/insideamateurfussball-ffm.de\/?p=17090"},"modified":"2024-03-04T17:58:31","modified_gmt":"2024-03-04T15:58:31","slug":"bosnier-siegen-erneut-beim-tabellenfuehrer","status":"publish","type":"post","link":"https:\/\/insideamateurfussball-ffm.de\/?p=17090","title":{"rendered":"Bosnier siegen erneut beim Tabellenf\u00fchrer"},"content":{"rendered":"<h4>Nachdem der SV BKC Bosnien\/Herzegowina letzte Woche beim Tabellenf\u00fchrer FC Neu-Anspach gewonnen hatte, konnten sie auch beim neuen Tabellenf\u00fchrer SKV Beienheim mit 3:0 gewinnen und bleiben damit in Tuchf\u00fchlung zur Tabellenspitze.<\/h4>\n<figure id=\"attachment_15479\" aria-describedby=\"caption-attachment-15479\" style=\"width: 1575px\" class=\"wp-caption alignnone\"><img loading=\"lazy\" decoding=\"async\" class=\"wp-image-15479 size-full\" src=\"http:\/\/insideamateurfussball-ffm.de\/wp-content\/uploads\/2023\/12\/bos10.jpg\" alt=\"\" width=\"1575\" height=\"1035\" srcset=\"https:\/\/insideamateurfussball-ffm.de\/wp-content\/uploads\/2023\/12\/bos10.jpg 1575w, https:\/\/insideamateurfussball-ffm.de\/wp-content\/uploads\/2023\/12\/bos10-300x197.jpg 300w, https:\/\/insideamateurfussball-ffm.de\/wp-content\/uploads\/2023\/12\/bos10-1024x673.jpg 1024w, https:\/\/insideamateurfussball-ffm.de\/wp-content\/uploads\/2023\/12\/bos10-768x505.jpg 768w, https:\/\/insideamateurfussball-ffm.de\/wp-content\/uploads\/2023\/12\/bos10-1536x1009.jpg 1536w\" sizes=\"auto, (max-width: 1575px) 100vw, 1575px\" \/><figcaption id=\"caption-attachment-15479\" class=\"wp-caption-text\">Husejn Mevkic, hier im Spiel gegen Seckbach, f\u00fchrte seine Mannschaft als Kapit\u00e4n zum zweiten Sieg in Folge bei einem Tabellenf\u00fchrer und schoss auch ein Tor. Foto Archiv Mithat G\u00fcrser<\/figcaption><\/figure>\n<h4>SKV Beienheim &#8211; SV BKC Bosnien\/Herzegowina 0:3 (0:1)<\/h4>\n<p><img loading=\"lazy\" decoding=\"async\" class=\"alignnone size-full wp-image-545\" src=\"http:\/\/insideamateurfussball-ffm.de\/wp-content\/uploads\/2022\/06\/SKV-Beienh.jpg\" alt=\"\" width=\"79\" height=\"80\" \/><img loading=\"lazy\" decoding=\"async\" class=\"alignnone size-full wp-image-139\" src=\"http:\/\/insideamateurfussball-ffm.de\/wp-content\/uploads\/2022\/05\/Bosnien.jpg\" alt=\"\" width=\"79\" height=\"80\" \/><\/p>\n<p>Dem SV BKC Bosnien\/Herzegowina gehen die Tabellenf\u00fchrer aus: letzte Woche Sieg beim Tabellenf\u00fchrer FC Neu-Anspach, dieses Mal ein klarer Sieg beim Tabellenf\u00fchrer SKV Beienheim. Damit konnte die Mannschaft beide Partien unter ihrem neuen Trainer Amir Mustafic gewinnen und bleibt der Tabellenspitze auf den Fersen. Bosniens Pressesprecher Admir Malohodzic sprach nach dem Spiel von einer \u201eMachtdemonstration\u201c. \u201eEs war ein sehr gutes Spiel von uns und wir waren in allen Belangen besser, sowohl l\u00e4uferisch als auch taktisch und technisch\u201c, so der Pressesprecher nach dem Spiel.<\/p>\n<p>Auf einem schwer bespielbaren Rasenplatz dominierten schnell die Bosnier, sie mussten aber bis zur 31.Minute warten, ehe Denis Hadzimusic nach einem Freisto\u00df von Adis Hasecic den Ball im Tor der Beienheimer unterbringen konnte. Mit diesem knappen und verdienten Ergebnis ging es in die Halbzeitpause, die kurios enden sollte. Noch bevor der Schiedsrichter den Anpfiff zur zweiten Halbzeit ausf\u00fchrte, schickte er den Beienheimer Andrei Dogot mit der roten Karte vom Platz. Angeblich, so berichteten ein Liveticker und die Wetterauer Zeitung nach Informationen von Beienheims Sprecher Stefan Raab, soll Dogot einen Zuschauer beleidigt haben.<\/p>\n<p>Nun wurde das Spiel f\u00fcr die Bosnier \u201eeinfacher\u201c und sie erspielten sich Chance um Chance, von Beienheim kam so gut wie nichts mehr. Es dauerte bis zur 69.Minute, ehe Nudzeim Imamovic mit dem 2:0 den Deckel drauf machte. Das 3:0 durch Husejn Mevkic in der dritten Minute der Nachspielzeit war dann noch Ergebniskosmetik. Der SV BKC Bosnien\/Herzegowina steht derzeit auf dem 5.Tabellenplatz, 5 Punkte hinter dem Relegationsplatz, den der Gegner SKV Beienheim derzeit h\u00e4lt. Am n\u00e4chsten Wochenende empf\u00e4ngt die Elf von Amir Mustafic keinen Tabellenf\u00fchrer, es kommt der Tabellenachte FSV Friedrichsdorf.<\/p>\n<h4>Schiedsrichter: Dominik Ro\u00df (TSV 1909 Lengfeld). Zuschauer: 150.<\/h4>\n<h4>Tore: 0:1 Denis Hadzimusic (31.), 0:2 Nudzeim Imamovic (69.), 0:3 Husejn Mevkic (90.+3)<\/h4>\n","protected":false},"excerpt":{"rendered":"<p>Nachdem der SV BKC Bosnien\/Herzegowina letzte Woche beim Tabellenf\u00fchrer FC Neu-Anspach gewonnen hatte, konnten sie auch beim neuen Tabellenf\u00fchrer SKV Beienheim mit 3:0 gewinnen und bleiben damit in Tuchf\u00fchlung zur Tabellenspitze. SKV Beienheim &#8211; SV BKC Bosnien\/Herzegowina 0:3 (0:1) Dem SV BKC Bosnien\/Herzegowina gehen die Tabellenf\u00fchrer aus: letzte Woche Sieg beim Tabellenf\u00fchrer FC Neu-Anspach, dieses [&hellip;]<\/p>\n","protected":false},"author":3,"featured_media":15479,"comment_status":"open","ping_status":"open","sticky":true,"template":"","format":"standard","meta":{"footnotes":""},"categories":[13],"tags":[],"class_list":["post-17090","post","type-post","status-publish","format-standard","has-post-thumbnail","hentry","category-gruppenliga-frankfurt-west"],"_links":{"self":[{"href":"https:\/\/insideamateurfussball-ffm.de\/index.php?rest_route=\/wp\/v2\/posts\/17090","targetHints":{"allow":["GET"]}}],"collection":[{"href":"https:\/\/insideamateurfussball-ffm.de\/index.php?rest_route=\/wp\/v2\/posts"}],"about":[{"href":"https:\/\/insideamateurfussball-ffm.de\/index.php?rest_route=\/wp\/v2\/types\/post"}],"author":[{"embeddable":true,"href":"https:\/\/insideamateurfussball-ffm.de\/index.php?rest_route=\/wp\/v2\/users\/3"}],"replies":[{"embeddable":true,"href":"https:\/\/insideamateurfussball-ffm.de\/index.php?rest_route=%2Fwp%2Fv2%2Fcomments&post=17090"}],"version-history":[{"count":3,"href":"https:\/\/insideamateurfussball-ffm.de\/index.php?rest_route=\/wp\/v2\/posts\/17090\/revisions"}],"predecessor-version":[{"id":17093,"href":"https:\/\/insideamateurfussball-ffm.de\/index.php?rest_route=\/wp\/v2\/posts\/17090\/revisions\/17093"}],"wp:featuredmedia":[{"embeddable":true,"href":"https:\/\/insideamateurfussball-ffm.de\/index.php?rest_route=\/wp\/v2\/media\/15479"}],"wp:attachment":[{"href":"https:\/\/insideamateurfussball-ffm.de\/index.php?rest_route=%2Fwp%2Fv2%2Fmedia&parent=17090"}],"wp:term":[{"taxonomy":"category","embeddable":true,"href":"https:\/\/insideamateurfussball-ffm.de\/index.php?rest_route=%2Fwp%2Fv2%2Fcategories&post=17090"},{"taxonomy":"post_tag","embeddable":true,"href":"https:\/\/insideamateurfussball-ffm.de\/index.php?rest_route=%2Fwp%2Fv2%2Ftags&post=17090"}],"curies":[{"name":"wp","href":"https:\/\/api.w.org\/{rel}","templated":true}]}}