{"id":17081,"date":"2024-03-04T12:29:11","date_gmt":"2024-03-04T10:29:11","guid":{"rendered":"http:\/\/insideamateurfussball-ffm.de\/?p=17081"},"modified":"2024-03-04T12:29:11","modified_gmt":"2024-03-04T10:29:11","slug":"tempo-holt-drei-wichtige-punkte","status":"publish","type":"post","link":"https:\/\/insideamateurfussball-ffm.de\/?p=17081","title":{"rendered":"Tempo holt drei wichtige Punkte"},"content":{"rendered":"<h4>Nach der ungl\u00fccklichen Niederlage in K\u00f6nigstein letzte Woche konnte der FC Tempo die ersten drei Punkte 2024 einfahren, gegen die SG Ober-Erlenbach setzte man sich knapp mit 1:0 durch und h\u00e4lt sich weiterhin vor dem Relegationsplatz in der Tabelle.<\/h4>\n<figure id=\"attachment_13893\" aria-describedby=\"caption-attachment-13893\" style=\"width: 640px\" class=\"wp-caption alignnone\"><img loading=\"lazy\" decoding=\"async\" class=\"wp-image-13893 size-large\" src=\"http:\/\/insideamateurfussball-ffm.de\/wp-content\/uploads\/2023\/10\/tempo-karben08-1024x768.jpg\" alt=\"\" width=\"640\" height=\"480\" srcset=\"https:\/\/insideamateurfussball-ffm.de\/wp-content\/uploads\/2023\/10\/tempo-karben08-1024x768.jpg 1024w, https:\/\/insideamateurfussball-ffm.de\/wp-content\/uploads\/2023\/10\/tempo-karben08-300x225.jpg 300w, https:\/\/insideamateurfussball-ffm.de\/wp-content\/uploads\/2023\/10\/tempo-karben08-768x576.jpg 768w, https:\/\/insideamateurfussball-ffm.de\/wp-content\/uploads\/2023\/10\/tempo-karben08-1536x1152.jpg 1536w, https:\/\/insideamateurfussball-ffm.de\/wp-content\/uploads\/2023\/10\/tempo-karben08.jpg 2016w\" sizes=\"auto, (max-width: 640px) 100vw, 640px\" \/><figcaption id=\"caption-attachment-13893\" class=\"wp-caption-text\">Die Mannschaft vom FC Tempo schw\u00f6rt sich vor jedem Spiel (wie hier gegen Karben) gemeinsam ein. Foto: Archiv MZ<\/figcaption><\/figure>\n<p>\u00a0<\/p>\n<h4>FC Tempo &#8211; SG Ober-Erlenbach 1:0 (0:0)<\/h4>\n<p><img loading=\"lazy\" decoding=\"async\" class=\"alignnone size-full wp-image-31\" src=\"http:\/\/insideamateurfussball-ffm.de\/wp-content\/uploads\/2021\/11\/Tempo.jpg\" alt=\"\" width=\"80\" height=\"80\" \/><img loading=\"lazy\" decoding=\"async\" class=\"alignnone size-full wp-image-2186\" src=\"http:\/\/insideamateurfussball-ffm.de\/wp-content\/uploads\/2022\/08\/Ober-erl.jpg\" alt=\"\" width=\"76\" height=\"80\" \/><\/p>\n<p>Der FC Tempo empfing am Sonntag den Tabellenvorletzten SG Ober-Erlenbach und wollte die drei Punkte am Ginnheimer W\u00e4ldchen behalten, um den Abstand auf den Relegationsplatz nicht kleiner werden zu lassen. Aber in der ersten Halbzeit wurde der Wunsch nicht in die Tat umgesetzt, nach den Worten von Tempos Sportlichen Leiter Zoran Marcetic hat man \u201edie erste Halbzeit mehr oder weniger verschlafen\u201c. Die Gastgeber kamen kaum zu Chancen und trafen einmal das Aluminium. In der zweiten H\u00e4lfte nahm Tempo das Heft in die Hand und war fortan die klar bessere Mannschaft und erspielte sich viele Chancen, es dauerte aber bis zur 83.Minute, ehe der zur Halbzeit eingewechselte Boban Dokic den 1:0-Siegtreffer erzielen konnte.<\/p>\n<p>Zoran Marcetic nach dem Spiel: \u201eleider kam die Erl\u00f6sung erst sp\u00e4t durch den Edel-Joker, den ehemaligen Torsch\u00fctzen der KOL, der uns letztes Jahr sehr geholfen hat, und der jetzt wieder dabei ist, wir sind ihm dankbar, er hat uns heute zum Sieg gef\u00fchrt zu drei extrem wichtigen Punkten: Boban Dokic, Mann des Tages.\u201c Damit bleibt der FC Tempo auf dem zehnten Tabellenplatz und hat drei Punkte Abstand auf den Relegationsplatz. Am n\u00e4chsten Wochenende m\u00fcssen die Frankfurter zum 1.FC 09 Oberstedten, der hinter Tempo auf dem 14.Platz in der Tabelle steht.<\/p>\n<h4>Schiedsrichter: Yannick Wehner (TSV Dudenhofen). Zuschauer: 180.<\/h4>\n<h4>Tore: 1:0 Boban Dokic (83.) \u00a0<\/h4>\n","protected":false},"excerpt":{"rendered":"<p>Nach der ungl\u00fccklichen Niederlage in K\u00f6nigstein letzte Woche konnte der FC Tempo die ersten drei Punkte 2024 einfahren, gegen die SG Ober-Erlenbach setzte man sich knapp mit 1:0 durch und h\u00e4lt sich weiterhin vor dem Relegationsplatz in der Tabelle. \u00a0 FC Tempo &#8211; SG Ober-Erlenbach 1:0 (0:0) Der FC Tempo empfing am Sonntag den Tabellenvorletzten [&hellip;]<\/p>\n","protected":false},"author":3,"featured_media":13893,"comment_status":"open","ping_status":"open","sticky":true,"template":"","format":"standard","meta":{"footnotes":""},"categories":[13],"tags":[],"class_list":["post-17081","post","type-post","status-publish","format-standard","has-post-thumbnail","hentry","category-gruppenliga-frankfurt-west"],"_links":{"self":[{"href":"https:\/\/insideamateurfussball-ffm.de\/index.php?rest_route=\/wp\/v2\/posts\/17081","targetHints":{"allow":["GET"]}}],"collection":[{"href":"https:\/\/insideamateurfussball-ffm.de\/index.php?rest_route=\/wp\/v2\/posts"}],"about":[{"href":"https:\/\/insideamateurfussball-ffm.de\/index.php?rest_route=\/wp\/v2\/types\/post"}],"author":[{"embeddable":true,"href":"https:\/\/insideamateurfussball-ffm.de\/index.php?rest_route=\/wp\/v2\/users\/3"}],"replies":[{"embeddable":true,"href":"https:\/\/insideamateurfussball-ffm.de\/index.php?rest_route=%2Fwp%2Fv2%2Fcomments&post=17081"}],"version-history":[{"count":2,"href":"https:\/\/insideamateurfussball-ffm.de\/index.php?rest_route=\/wp\/v2\/posts\/17081\/revisions"}],"predecessor-version":[{"id":17083,"href":"https:\/\/insideamateurfussball-ffm.de\/index.php?rest_route=\/wp\/v2\/posts\/17081\/revisions\/17083"}],"wp:featuredmedia":[{"embeddable":true,"href":"https:\/\/insideamateurfussball-ffm.de\/index.php?rest_route=\/wp\/v2\/media\/13893"}],"wp:attachment":[{"href":"https:\/\/insideamateurfussball-ffm.de\/index.php?rest_route=%2Fwp%2Fv2%2Fmedia&parent=17081"}],"wp:term":[{"taxonomy":"category","embeddable":true,"href":"https:\/\/insideamateurfussball-ffm.de\/index.php?rest_route=%2Fwp%2Fv2%2Fcategories&post=17081"},{"taxonomy":"post_tag","embeddable":true,"href":"https:\/\/insideamateurfussball-ffm.de\/index.php?rest_route=%2Fwp%2Fv2%2Ftags&post=17081"}],"curies":[{"name":"wp","href":"https:\/\/api.w.org\/{rel}","templated":true}]}}