{"id":17003,"date":"2024-03-01T21:12:34","date_gmt":"2024-03-01T19:12:34","guid":{"rendered":"http:\/\/insideamateurfussball-ffm.de\/?p=17003"},"modified":"2024-03-01T21:12:34","modified_gmt":"2024-03-01T19:12:34","slug":"kalbach-beim-20-sieg-in-karben-sehr-ballsicher","status":"publish","type":"post","link":"https:\/\/insideamateurfussball-ffm.de\/?p=17003","title":{"rendered":"Kalbach beim 2:0-Sieg in Karben sehr ballsicher"},"content":{"rendered":"<h3>In einer vorgezogenen Begegnung der Gruppenliga Frankfurt West gewann der FC Kalbach beim FC Karben mit 2:0 (2:0) und r\u00fcckte damit auf den f\u00fcnften Rang vor. Die G\u00e4ste beeindruckten beim Sieg am G\u00fcnther-Reutzel-Sportfeld vor allem mit ihrer enormen Ballsicherheit.<\/h3>\n<figure id=\"attachment_17004\" aria-describedby=\"caption-attachment-17004\" style=\"width: 640px\" class=\"wp-caption alignright\"><img loading=\"lazy\" decoding=\"async\" class=\"wp-image-17004 size-large\" src=\"http:\/\/insideamateurfussball-ffm.de\/wp-content\/uploads\/2024\/03\/Kar-Kal-1024x577.jpg\" alt=\"\" width=\"640\" height=\"361\" srcset=\"https:\/\/insideamateurfussball-ffm.de\/wp-content\/uploads\/2024\/03\/Kar-Kal-1024x577.jpg 1024w, https:\/\/insideamateurfussball-ffm.de\/wp-content\/uploads\/2024\/03\/Kar-Kal-300x169.jpg 300w, https:\/\/insideamateurfussball-ffm.de\/wp-content\/uploads\/2024\/03\/Kar-Kal-768x432.jpg 768w, https:\/\/insideamateurfussball-ffm.de\/wp-content\/uploads\/2024\/03\/Kar-Kal-1536x865.jpg 1536w, https:\/\/insideamateurfussball-ffm.de\/wp-content\/uploads\/2024\/03\/Kar-Kal.jpg 2048w\" sizes=\"auto, (max-width: 640px) 100vw, 640px\" \/><figcaption id=\"caption-attachment-17004\" class=\"wp-caption-text\">Das Team des FC Kalbach am Donnerstagabend in Karben. Foto: PA.\u00a0\u00a0<\/figcaption><\/figure>\n<h3>FC Karben &#8211; FC Kalbach 0:2 (0:2)<\/h3>\n<p><img loading=\"lazy\" decoding=\"async\" class=\"alignnone size-full wp-image-2525\" src=\"http:\/\/insideamateurfussball-ffm.de\/wp-content\/uploads\/2022\/09\/karben.jpg\" alt=\"\" width=\"65\" height=\"80\" \/><img loading=\"lazy\" decoding=\"async\" class=\"alignnone size-full wp-image-16\" src=\"http:\/\/insideamateurfussball-ffm.de\/wp-content\/uploads\/2021\/11\/kalbach-wappen.jpg\" alt=\"\" width=\"80\" height=\"80\" \/><\/p>\n<p>Manfred Meyer aus der Sportlichen Leitung der Kalbacher war \u00fcber den Ausw\u00e4rtssieg in Karben vor 131 Zuschauern begeistert: &#8222;Von Anfang an war das sehr diszipliniert und aggressiv. Die Mannschaft hat nach den Vorgaben des Trainers Aaz-Dine Zarioh alles richtig gemacht und zum richtigen Zeitpunkt die Tore geschossen.&#8220;<\/p>\n<p>Fabio Pinto da Silva (17.) und Bennet Batton (37.) hatten schon vor dem Seitenwechsel zwei hervorragende Angriffe erfolgreich abgeschlossen.<\/p>\n<h3><span style=\"text-decoration: underline;\">Nach dem Seitenwechsel verteidigt Kalbach konsequent<\/span><\/h3>\n<p>Die Karbener hatten sich zu sehr auf die Deckung von Kalbachs Torj\u00e4ger Achraf Gara Ali konzentriert, wodurch Batton vor seinem Tor freie Bahn hatte. Beeindruckend war die Ballsicherheit der G\u00e4ste, die in den letzten drei Minuten vor der Pause durch sicheres Passspiel den Ball in den eigenen Reihen hielten. Auch nach dem Seitenwechsel verteidigte Kalbach konsequent, lie\u00df nur eine Chance des Gegners zu und vergab durch Gara Ali noch eine gute Konterchance (55.).<\/p>\n<p>&#8222;Das war richtig guter Fu\u00dfball&#8220;, betonte Meyer. Sein Team liegt jetzt nur noch sechs Punkte hinter Rang zwei zur\u00fcck. Emotional gingen die drei Kalbacher Trainer Aaz-Dine Zarioh, Eloy Merens und Lukas H\u00f6ll an der Seitenlinie in ihrem langen Nike-Mantel mit. Die Gastgeber, denen wegen &#8222;fehlendem Unterbau in der Vorsaison&#8220; bereits drei Punkte abgezogen wurden, belegen mit 42 Z\u00e4hlern weiter Rang drei und verpassten den Sprung auf Rang zwei. F\u00fcr Kalbach geht es erst am 10. M\u00e4rz mit dem Heimspiel gegen den FV Stierstadt weiter.<\/p>\n<h3><span style=\"text-decoration: underline;\">Schiedsrichter: Marvin Roos (SV Echzell). Zuschauer: 131. <\/span><\/h3>\n<h3><span style=\"text-decoration: underline;\">Tore: 0:1 Fabio Pinto da Silva (17.), 0:2 Bennet Batton (37.).<\/span><\/h3>\n","protected":false},"excerpt":{"rendered":"<p>In einer vorgezogenen Begegnung der Gruppenliga Frankfurt West gewann der FC Kalbach beim FC Karben mit 2:0 (2:0) und r\u00fcckte damit auf den f\u00fcnften Rang vor. Die G\u00e4ste beeindruckten beim Sieg am G\u00fcnther-Reutzel-Sportfeld vor allem mit ihrer enormen Ballsicherheit. FC Karben &#8211; FC Kalbach 0:2 (0:2) Manfred Meyer aus der Sportlichen Leitung der Kalbacher war [&hellip;]<\/p>\n","protected":false},"author":1,"featured_media":17004,"comment_status":"open","ping_status":"open","sticky":true,"template":"","format":"standard","meta":{"footnotes":""},"categories":[13],"tags":[],"class_list":["post-17003","post","type-post","status-publish","format-standard","has-post-thumbnail","hentry","category-gruppenliga-frankfurt-west"],"_links":{"self":[{"href":"https:\/\/insideamateurfussball-ffm.de\/index.php?rest_route=\/wp\/v2\/posts\/17003","targetHints":{"allow":["GET"]}}],"collection":[{"href":"https:\/\/insideamateurfussball-ffm.de\/index.php?rest_route=\/wp\/v2\/posts"}],"about":[{"href":"https:\/\/insideamateurfussball-ffm.de\/index.php?rest_route=\/wp\/v2\/types\/post"}],"author":[{"embeddable":true,"href":"https:\/\/insideamateurfussball-ffm.de\/index.php?rest_route=\/wp\/v2\/users\/1"}],"replies":[{"embeddable":true,"href":"https:\/\/insideamateurfussball-ffm.de\/index.php?rest_route=%2Fwp%2Fv2%2Fcomments&post=17003"}],"version-history":[{"count":1,"href":"https:\/\/insideamateurfussball-ffm.de\/index.php?rest_route=\/wp\/v2\/posts\/17003\/revisions"}],"predecessor-version":[{"id":17005,"href":"https:\/\/insideamateurfussball-ffm.de\/index.php?rest_route=\/wp\/v2\/posts\/17003\/revisions\/17005"}],"wp:featuredmedia":[{"embeddable":true,"href":"https:\/\/insideamateurfussball-ffm.de\/index.php?rest_route=\/wp\/v2\/media\/17004"}],"wp:attachment":[{"href":"https:\/\/insideamateurfussball-ffm.de\/index.php?rest_route=%2Fwp%2Fv2%2Fmedia&parent=17003"}],"wp:term":[{"taxonomy":"category","embeddable":true,"href":"https:\/\/insideamateurfussball-ffm.de\/index.php?rest_route=%2Fwp%2Fv2%2Fcategories&post=17003"},{"taxonomy":"post_tag","embeddable":true,"href":"https:\/\/insideamateurfussball-ffm.de\/index.php?rest_route=%2Fwp%2Fv2%2Ftags&post=17003"}],"curies":[{"name":"wp","href":"https:\/\/api.w.org\/{rel}","templated":true}]}}