{"id":1699,"date":"2022-07-24T20:49:17","date_gmt":"2022-07-24T20:49:17","guid":{"rendered":"http:\/\/insideamateurfussball-ffm.de\/?p=1699"},"modified":"2025-01-07T15:16:00","modified_gmt":"2025-01-07T14:16:00","slug":"griesheimer-heimniederlage-gegen-bad-soden","status":"publish","type":"post","link":"https:\/\/insideamateurfussball-ffm.de\/?p=1699","title":{"rendered":"Griesheimer Heimniederlage gegen Bad Soden"},"content":{"rendered":"<h5>Im vorletzten Testspiel unterlag der ambitionierte Frankfurter Kreisoberligist Spvgg. 02 Griesheim gegen die SG Bad Soden aus der Kreisoberliga Maintaunus mit 1:2 (1:2).<\/h5>\n<figure id=\"attachment_1700\" aria-describedby=\"caption-attachment-1700\" style=\"width: 313px\" class=\"wp-caption alignnone\"><img loading=\"lazy\" decoding=\"async\" class=\"wp-image-1700\" src=\"http:\/\/insideamateurfussball-ffm.de\/wp-content\/uploads\/2022\/07\/gr5-300x200.jpg\" alt=\"\" width=\"313\" height=\"208\" \/><figcaption id=\"caption-attachment-1700\" class=\"wp-caption-text\">Die in blau gekleideten G\u00e4ste aus dem Kreis Maintaunus blieben an der Eichenstra\u00dfe erfolgreich. Foto: Mithat G\u00fcrser.<\/figcaption><\/figure>\n<h5>Spvgg. 02 Griesheim &#8211; SG Bad Soden 1:2 (1:2)<\/h5>\n<p><img loading=\"lazy\" decoding=\"async\" class=\"alignnone size-full wp-image-287\" src=\"http:\/\/insideamateurfussball-ffm.de\/wp-content\/uploads\/2022\/05\/SpVgg._02_Griesheim_02.jpg\" alt=\"\" width=\"100\" height=\"100\" \/><img loading=\"lazy\" decoding=\"async\" class=\"alignnone size-full wp-image-1701\" src=\"http:\/\/insideamateurfussball-ffm.de\/wp-content\/uploads\/2022\/07\/SGBS.jpg\" alt=\"\" width=\"80\" height=\"78\" \/><\/p>\n<p>Bad Soden ging schon in der 2. Spielminute durch Ali Keban in F\u00fchrung, die Bilal Hamdaoui (27.) ausgleichen konnte. Bad Sodens Torj\u00e4ger Keban markierte vor handgez\u00e4hlten 22 Zuschauern noch vor dem Pausenpfiff den Siegtreffer f\u00fcr die ambitionierten G\u00e4ste, die von Santiago de Una trainiert werden. F\u00fcr Griesheim steht am Dienstag noch ein letzter Test gegen den Ost-Gruppenligisten Sportfreunde Oberau aus dem Kreis B\u00fcdingen an (20 Uhr). Am Sonntag (31. Juli, 15 Uhr) steht dann das erste Pflichtspiel im Rahmen der 1. Runde im Kreispokal auf dem Programm, wenn die Griesheimer zum SV 07 Heddernheim reisen, der in einer verpatzten Vorbereitung alle vier Testspiele verloren hat.\u00a0<\/p>\n<h5>Schiedsrichter: Haci Hacioglu (Frankfurt). Zuschauer: 22.<\/h5>\n<h5>Tore: 0:1 Ali Keban (2.), 1:1 Bilal Hamdaoui (27.), 1:2 Ali Keban (40.).\u00a0<\/h5>\n<p>\u00a0<\/p>\n\n\n<figure class=\"wp-block-gallery has-nested-images columns-default is-cropped wp-block-gallery-1 is-layout-flex wp-block-gallery-is-layout-flex\">\n<figure class=\"wp-block-image size-large is-style-default\"><img decoding=\"async\" data-id=\"1702\" src=\"http:\/\/insideamateurfussball-ffm.de\/wp-content\/uploads\/2022\/07\/gr10.jpg\" alt=\"\" class=\"wp-image-1702\"\/><figcaption>Fotos: Mithat G\u00fcrser.<\/figcaption><\/figure>\n<\/figure>\n\n\n\n<div class=\"wp-block-columns is-layout-flex wp-container-core-columns-is-layout-28f84493 wp-block-columns-is-layout-flex\">\n<div class=\"wp-block-column is-layout-flow wp-block-column-is-layout-flow\">\n<figure class=\"wp-block-image size-full is-style-default\"><img decoding=\"async\" src=\"http:\/\/insideamateurfussball-ffm.de\/wp-content\/uploads\/2022\/07\/gr3.jpg\" alt=\"\" class=\"wp-image-1703\"\/><\/figure>\n<\/div>\n\n\n\n<div class=\"wp-block-column is-layout-flow wp-block-column-is-layout-flow\">\n<figure class=\"wp-block-image size-full is-style-default\"><img decoding=\"async\" src=\"http:\/\/insideamateurfussball-ffm.de\/wp-content\/uploads\/2022\/07\/gr8.jpg\" alt=\"\" class=\"wp-image-1704\"\/><\/figure>\n<\/div>\n\n\n\n<div class=\"wp-block-column is-layout-flow wp-block-column-is-layout-flow\">\n<figure class=\"wp-block-image size-large is-style-default\"><img decoding=\"async\" src=\"http:\/\/insideamateurfussball-ffm.de\/wp-content\/uploads\/2022\/07\/gr1-1024x667.jpg\" alt=\"\" class=\"wp-image-1705\"\/><\/figure>\n<\/div>\n<\/div>\n\n\n\n<figure class=\"wp-block-image size-large is-style-default\"><img decoding=\"async\" src=\"http:\/\/insideamateurfussball-ffm.de\/wp-content\/uploads\/2022\/07\/gr6-1024x691.jpg\" alt=\"\" class=\"wp-image-1706\"\/><\/figure>\n\n\n\n<figure class=\"wp-block-gallery has-nested-images columns-default is-cropped wp-block-gallery-2 is-layout-flex wp-block-gallery-is-layout-flex\">\n<figure class=\"wp-block-image size-large is-style-default\"><img decoding=\"async\" data-id=\"1707\" src=\"http:\/\/insideamateurfussball-ffm.de\/wp-content\/uploads\/2022\/07\/gr11.jpg\" alt=\"\" class=\"wp-image-1707\"\/><\/figure>\n<\/figure>\n\n\n\n<div class=\"wp-block-columns is-layout-flex wp-container-core-columns-is-layout-28f84493 wp-block-columns-is-layout-flex\">\n<div class=\"wp-block-column is-layout-flow wp-block-column-is-layout-flow\">\n<figure class=\"wp-block-image size-large is-style-default\"><img decoding=\"async\" src=\"http:\/\/insideamateurfussball-ffm.de\/wp-content\/uploads\/2022\/07\/gr4-1024x681.jpg\" alt=\"\" class=\"wp-image-1708\"\/><\/figure>\n<\/div>\n\n\n\n<div class=\"wp-block-column is-layout-flow wp-block-column-is-layout-flow\">\n<figure class=\"wp-block-image size-full is-style-default\"><img decoding=\"async\" src=\"http:\/\/insideamateurfussball-ffm.de\/wp-content\/uploads\/2022\/07\/gr9-co-trainer.jpg\" alt=\"\" class=\"wp-image-1709\"\/><\/figure>\n<\/div>\n\n\n\n<div class=\"wp-block-column is-layout-flow wp-block-column-is-layout-flow\">\n<figure class=\"wp-block-image size-full is-style-default\"><img decoding=\"async\" src=\"http:\/\/insideamateurfussball-ffm.de\/wp-content\/uploads\/2022\/07\/gr2.jpg\" alt=\"\" class=\"wp-image-1710\"\/><\/figure>\n<\/div>\n<\/div>\n\n\n\n<div class=\"wp-block-columns is-layout-flex wp-container-core-columns-is-layout-28f84493 wp-block-columns-is-layout-flex\">\n<div class=\"wp-block-column is-layout-flow wp-block-column-is-layout-flow\">\n<figure class=\"wp-block-image size-full is-style-default\"><img decoding=\"async\" src=\"http:\/\/insideamateurfussball-ffm.de\/wp-content\/uploads\/2022\/07\/gr7.jpg\" alt=\"\" class=\"wp-image-1711\"\/><\/figure>\n<\/div>\n\n\n\n<div class=\"wp-block-column is-layout-flow wp-block-column-is-layout-flow\">\n<figure class=\"wp-block-image size-full is-style-default\"><img decoding=\"async\" src=\"http:\/\/insideamateurfussball-ffm.de\/wp-content\/uploads\/2022\/07\/gr12.jpg\" alt=\"\" class=\"wp-image-1712\"\/><\/figure>\n<\/div>\n<\/div>\n","protected":false},"excerpt":{"rendered":"<p>Im vorletzten Testspiel unterlag der ambitionierte Frankfurter Kreisoberligist Spvgg. 02 Griesheim gegen die SG Bad Soden aus der Kreisoberliga Maintaunus mit 1:2 (1:2). Spvgg. 02 Griesheim &#8211; SG Bad Soden 1:2 (1:2) Bad Soden ging schon in der 2. Spielminute durch Ali Keban in F\u00fchrung, die Bilal Hamdaoui (27.) ausgleichen konnte. Bad Sodens Torj\u00e4ger Keban [&hellip;]<\/p>\n","protected":false},"author":1,"featured_media":0,"comment_status":"open","ping_status":"open","sticky":false,"template":"","format":"standard","meta":{"footnotes":""},"categories":[21],"tags":[],"class_list":["post-1699","post","type-post","status-publish","format-standard","hentry","category-testspiele"],"_links":{"self":[{"href":"https:\/\/insideamateurfussball-ffm.de\/index.php?rest_route=\/wp\/v2\/posts\/1699","targetHints":{"allow":["GET"]}}],"collection":[{"href":"https:\/\/insideamateurfussball-ffm.de\/index.php?rest_route=\/wp\/v2\/posts"}],"about":[{"href":"https:\/\/insideamateurfussball-ffm.de\/index.php?rest_route=\/wp\/v2\/types\/post"}],"author":[{"embeddable":true,"href":"https:\/\/insideamateurfussball-ffm.de\/index.php?rest_route=\/wp\/v2\/users\/1"}],"replies":[{"embeddable":true,"href":"https:\/\/insideamateurfussball-ffm.de\/index.php?rest_route=%2Fwp%2Fv2%2Fcomments&post=1699"}],"version-history":[{"count":1,"href":"https:\/\/insideamateurfussball-ffm.de\/index.php?rest_route=\/wp\/v2\/posts\/1699\/revisions"}],"predecessor-version":[{"id":1713,"href":"https:\/\/insideamateurfussball-ffm.de\/index.php?rest_route=\/wp\/v2\/posts\/1699\/revisions\/1713"}],"wp:attachment":[{"href":"https:\/\/insideamateurfussball-ffm.de\/index.php?rest_route=%2Fwp%2Fv2%2Fmedia&parent=1699"}],"wp:term":[{"taxonomy":"category","embeddable":true,"href":"https:\/\/insideamateurfussball-ffm.de\/index.php?rest_route=%2Fwp%2Fv2%2Fcategories&post=1699"},{"taxonomy":"post_tag","embeddable":true,"href":"https:\/\/insideamateurfussball-ffm.de\/index.php?rest_route=%2Fwp%2Fv2%2Ftags&post=1699"}],"curies":[{"name":"wp","href":"https:\/\/api.w.org\/{rel}","templated":true}]}}