{"id":16974,"date":"2024-02-27T22:16:46","date_gmt":"2024-02-27T20:16:46","guid":{"rendered":"http:\/\/insideamateurfussball-ffm.de\/?p=16974"},"modified":"2024-02-27T22:19:08","modified_gmt":"2024-02-27T20:19:08","slug":"griesheim-distanziert-roedelheim-mit-willensstaerke","status":"publish","type":"post","link":"https:\/\/insideamateurfussball-ffm.de\/?p=16974","title":{"rendered":"Griesheim distanziert R\u00f6delheim mit Willensst\u00e4rke"},"content":{"rendered":"<h4>Der 1. R\u00f6delheimer FC 02 unterlag der Spvgg. 02 Griesheim in einem sogenannten &#8222;Sechs-Punkte-Spiel deutlich mit 1:4 (1:2) und bleibt auf dem Relegationsplatz stehen. Die Griesheimer konnten sich mit den sechs Punkten aus den zwei Siegen vom vorletzten Platz um sechs Z\u00e4hler distanzieren und kletterten auf Position elf.<\/h4>\n<figure id=\"attachment_16975\" aria-describedby=\"caption-attachment-16975\" style=\"width: 2048px\" class=\"wp-caption alignnone\"><img loading=\"lazy\" decoding=\"async\" class=\"wp-image-16975 size-full\" src=\"http:\/\/insideamateurfussball-ffm.de\/wp-content\/uploads\/2024\/02\/Roed-Gri.jpg\" alt=\"\" width=\"2048\" height=\"1274\" srcset=\"https:\/\/insideamateurfussball-ffm.de\/wp-content\/uploads\/2024\/02\/Roed-Gri.jpg 2048w, https:\/\/insideamateurfussball-ffm.de\/wp-content\/uploads\/2024\/02\/Roed-Gri-300x187.jpg 300w, https:\/\/insideamateurfussball-ffm.de\/wp-content\/uploads\/2024\/02\/Roed-Gri-1024x637.jpg 1024w, https:\/\/insideamateurfussball-ffm.de\/wp-content\/uploads\/2024\/02\/Roed-Gri-768x478.jpg 768w, https:\/\/insideamateurfussball-ffm.de\/wp-content\/uploads\/2024\/02\/Roed-Gri-1536x956.jpg 1536w\" sizes=\"auto, (max-width: 2048px) 100vw, 2048px\" \/><figcaption id=\"caption-attachment-16975\" class=\"wp-caption-text\">Kopfballduell in der Partie R\u00f6delheim-Griesheim. Michael Ochere von den &#8222;Schleifern&#8220; kommt gegen den Gegenspieler zu sp\u00e4t. Foto: Dago Reinprecht.<\/figcaption><\/figure>\n<h4>1. R\u00f6delheimer FC 02 &#8211; Spvgg. 02 Griesheim 1:4 (1:2)<\/h4>\n<p><img loading=\"lazy\" decoding=\"async\" class=\"alignnone size-full wp-image-333\" src=\"http:\/\/insideamateurfussball-ffm.de\/wp-content\/uploads\/2022\/05\/Roedelheim.jpg\" alt=\"\" width=\"80\" height=\"73\" \/><img loading=\"lazy\" decoding=\"async\" class=\"alignnone size-full wp-image-14\" src=\"http:\/\/insideamateurfussball-ffm.de\/wp-content\/uploads\/2021\/11\/SpVgg._02_Griesheim_02.jpg\" alt=\"\" width=\"100\" height=\"100\" \/><\/p>\n<div data-canvas-width=\"600.9226666666668\">&#8222;Hinten mit haarstr\u00e4ubenden Fehlern, vorne ohne Effizienz und Durchschlagskraft, so kann man in der<\/div>\n<div data-canvas-width=\"600.9813333333332\">Kreisoberliga keine Punkte holen&#8220;, lautete das n\u00fcchterne Fazit von Norbert Gehlen aus der R\u00f6delheimer Presseabteilung. <span style=\"color: initial;\">Schon in den Anfangsminuten erlaubte man den G\u00e4sten die ersten <\/span><span style=\"color: initial;\">Torchancen, die jedoch ungenutzt blieben. Nach 16 Minuten geriet man erstmals in R\u00fcckstand. Nach <\/span><span style=\"color: initial;\">einem langen Ball konnte sich Torh\u00fcter Gianluca Gioia nicht entscheiden ob er rauskommen sollte oder <\/span><span style=\"color: initial;\"><span style=\"color: initial;\">nicht und wurde dann aus spitzem Winkel von Michael Ofosu auf dem falschen Fu\u00df erwischt. <\/span><\/span><span style=\"color: initial;\">Schon eine Minute sp\u00e4ter<\/span><\/p>\n<div data-canvas-width=\"568.3333333333333\">kam dann ein wenig Hoffnung auf, als der Eckball von Samet Temizsoy von einem gegnerischen Abwehrbein aus den Weg ins Tor fand.<\/div>\n<div data-canvas-width=\"597.6666666666663\"><\/div>\n<div data-canvas-width=\"597.6666666666663\">Doch die Freude war nur von kurzer Dauer, nach 24 Minuten fehlte der RFC-Abwehr die Entschlossenheit, der Griesheimer Ofosu lie\u00df sich nicht lange bitten und verwandelte aus kurzer Distanz mit der Pike durch die Beine des ungl\u00fccklichen Gioia. Die R\u00f6delheimer drehten danach ein wenig auf und hatten auch Chancen, doch Pfosten, Latte oder auf der Torlinie angeschossene Gegenspieler verhinderten den Ausgleich. Es verletzte sich mit Paskal Marinic kurz vor der Pause der stabilste Abwehrspieler, was die Probleme nicht kleiner machte. <span style=\"color: initial;\">Nach der Pause waren gerade mal sieben Minuten gespielt da stand es schon 1:3. Nach einem <\/span><span style=\"color: initial;\">eigentlich abgewehrten Eckball bekam man den Ball nicht weg, der Griesheimer Kapit\u00e4n Ante Peko konnte in aller Ruhe <\/span><span style=\"color: initial;\">von der Strafraumgrenze abziehen und Gioia konnte dem Schuss nur noch hinterherschauen.<\/span><\/div>\n<\/div>\n<div data-canvas-width=\"597.6666666666663\"><\/div>\n<blockquote>\n<h4 data-canvas-width=\"597.6666666666663\">Dreifacher Griesheimer Torsch\u00fctze Michael Ofosu<\/h4>\n<\/blockquote>\n<div data-canvas-width=\"597.6666666666663\"><span style=\"color: initial;\">Nach <\/span><span style=\"color: initial;\">57 Minuten riskierte der R\u00f6delheimer Torh\u00fcter beim Herauslaufen Kopf und Kragen, verletzte sich <\/span><span style=\"color: initial;\">dabei und musste durch Daniel Gude ersetzt werden. Gute Besserung! Da dies bereits die dritte <\/span><span style=\"color: initial;\">Auswechslung war wurde der aus langer Verletzungspause zur\u00fcckgekehrte Dennis Penk um sein <\/span><span style=\"color: initial;\">Comeback gebracht. In der Folge hatte der Club durchaus Chancen noch einmal heranzukommen, es <\/span><span style=\"color: initial;\">fehlte jedoch die \u00dcbersicht beim Abschluss. Ein haarstr\u00e4ubender Zweikampfverlust von Temizsoy <\/span><span style=\"color: initial;\">erlaubte den G\u00e4sten noch einen Konter zum letztendlich hochverdienten 1:4 durch den dreifachen Torsch\u00fctzen Ofosu (79.). G\u00e4stetrainer Erc\u00fcment Sahin, der sich erneut zwischen die Pfosten stellte, sagte in seinem Statement: &#8222;Ich kann keinen Spieler hervorheben. Jeder einzelne hat seine Aufgabe wie besprochen abgerufen.&#8220;<\/span><\/div>\n<div data-canvas-width=\"600.9813333333332\">\n<div data-canvas-width=\"602.5653333333335\"><\/div>\n<div data-canvas-width=\"602.5653333333335\"><span style=\"color: initial;\">Sahin hatte die R\u00f6delheimer am Dienstag im Kreispokal-Achtelfinale gegen Verbandsliga-Schlusslicht FFV Sportfreunde (3:4) angeschaut. &#8222;Ich muss sagen, dass das eine echte K\u00e4mpfertruppe ist und ich nicht glaube, dass diese Mannschaft absteigt.&#8220; Zur Leistung seines Teams: &#8222;Das war Taktik und Willensst\u00e4rke pur. Bin stolz auf meine M\u00e4nner aber als Trainer muss ich sagen, dass wir uns ein Versprechen gaben und diese Aufgabe noch nicht erledigt ist. Die kommenden Gegner werden uns ganz bestimmt nichts schenken. Abstiegskampf und Aufstiegskampf in ein und der selben Geschichte ist absolut selten und sollte in der Form genossen werden.&#8220; R\u00f6delheim hat am Sonntag bei der SG Harheim das n\u00e4chste Kellerduell zu bestreiten (15 Uhr). Zeitgleich m\u00fcssen die Griesheimer beim punktgleichen TuS Makkabi antreten.\u00a0\u00a0<\/span><\/div>\n<\/div>\n<h4 data-canvas-width=\"602.5653333333335\">Schiedsrichter: Jens Ginster (Heidenrod). Zuschauer: 25.<\/h4>\n<h4 data-canvas-width=\"602.5653333333335\">Tore: 0:1 Michael Ofosu (16.), 1:1 Samet Temizsoy (17.), 1:2 Michael Ofosu (24.), 1:3 Ante Peko (52.), 1:4 Michael Ofosu (79.).<\/h4>\n","protected":false},"excerpt":{"rendered":"<p>Der 1. R\u00f6delheimer FC 02 unterlag der Spvgg. 02 Griesheim in einem sogenannten &#8222;Sechs-Punkte-Spiel deutlich mit 1:4 (1:2) und bleibt auf dem Relegationsplatz stehen. Die Griesheimer konnten sich mit den sechs Punkten aus den zwei Siegen vom vorletzten Platz um sechs Z\u00e4hler distanzieren und kletterten auf Position elf. 1. R\u00f6delheimer FC 02 &#8211; Spvgg. 02 [&hellip;]<\/p>\n","protected":false},"author":1,"featured_media":16975,"comment_status":"open","ping_status":"open","sticky":true,"template":"","format":"standard","meta":{"footnotes":""},"categories":[2],"tags":[],"class_list":["post-16974","post","type-post","status-publish","format-standard","has-post-thumbnail","hentry","category-kreisoberliga-frankfurt"],"_links":{"self":[{"href":"https:\/\/insideamateurfussball-ffm.de\/index.php?rest_route=\/wp\/v2\/posts\/16974","targetHints":{"allow":["GET"]}}],"collection":[{"href":"https:\/\/insideamateurfussball-ffm.de\/index.php?rest_route=\/wp\/v2\/posts"}],"about":[{"href":"https:\/\/insideamateurfussball-ffm.de\/index.php?rest_route=\/wp\/v2\/types\/post"}],"author":[{"embeddable":true,"href":"https:\/\/insideamateurfussball-ffm.de\/index.php?rest_route=\/wp\/v2\/users\/1"}],"replies":[{"embeddable":true,"href":"https:\/\/insideamateurfussball-ffm.de\/index.php?rest_route=%2Fwp%2Fv2%2Fcomments&post=16974"}],"version-history":[{"count":2,"href":"https:\/\/insideamateurfussball-ffm.de\/index.php?rest_route=\/wp\/v2\/posts\/16974\/revisions"}],"predecessor-version":[{"id":16977,"href":"https:\/\/insideamateurfussball-ffm.de\/index.php?rest_route=\/wp\/v2\/posts\/16974\/revisions\/16977"}],"wp:featuredmedia":[{"embeddable":true,"href":"https:\/\/insideamateurfussball-ffm.de\/index.php?rest_route=\/wp\/v2\/media\/16975"}],"wp:attachment":[{"href":"https:\/\/insideamateurfussball-ffm.de\/index.php?rest_route=%2Fwp%2Fv2%2Fmedia&parent=16974"}],"wp:term":[{"taxonomy":"category","embeddable":true,"href":"https:\/\/insideamateurfussball-ffm.de\/index.php?rest_route=%2Fwp%2Fv2%2Fcategories&post=16974"},{"taxonomy":"post_tag","embeddable":true,"href":"https:\/\/insideamateurfussball-ffm.de\/index.php?rest_route=%2Fwp%2Fv2%2Ftags&post=16974"}],"curies":[{"name":"wp","href":"https:\/\/api.w.org\/{rel}","templated":true}]}}