{"id":16833,"date":"2024-02-26T10:24:00","date_gmt":"2024-02-26T08:24:00","guid":{"rendered":"http:\/\/insideamateurfussball-ffm.de\/?p=16833"},"modified":"2024-02-26T20:54:57","modified_gmt":"2024-02-26T18:54:57","slug":"zeilsheim-geht-in-walluf-26-unter","status":"publish","type":"post","link":"https:\/\/insideamateurfussball-ffm.de\/?p=16833","title":{"rendered":"Zeilsheim geht in Walluf 2:6 unter"},"content":{"rendered":"<h4>Beim SV Zeilsheim herrschte nach der Ausw\u00e4rtsreise in die Weinbaugemeinde im Rheingau-Taunus-Kreis Ern\u00fcchterung. Die SG Walluf fertigte in der Verbandsliga Mitte die Zeilsheimer mit 6:2 ab. Mit so einer hohen Niederlage beim abstiegsgef\u00e4hrdeten Tabellenletzten hatte wahrlich keiner gerechnet.<\/h4>\n<figure id=\"attachment_16834\" aria-describedby=\"caption-attachment-16834\" style=\"width: 309px\" class=\"wp-caption alignnone\"><img loading=\"lazy\" decoding=\"async\" class=\"wp-image-16834\" src=\"http:\/\/insideamateurfussball-ffm.de\/wp-content\/uploads\/2024\/02\/19a-Selten-hatte-Samed-Guersoy-soviel-Spielraum-wie-in-dieser-Szene-300x264.jpg\" alt=\"\" width=\"309\" height=\"272\" srcset=\"https:\/\/insideamateurfussball-ffm.de\/wp-content\/uploads\/2024\/02\/19a-Selten-hatte-Samed-Guersoy-soviel-Spielraum-wie-in-dieser-Szene-300x264.jpg 300w, https:\/\/insideamateurfussball-ffm.de\/wp-content\/uploads\/2024\/02\/19a-Selten-hatte-Samed-Guersoy-soviel-Spielraum-wie-in-dieser-Szene-768x677.jpg 768w, https:\/\/insideamateurfussball-ffm.de\/wp-content\/uploads\/2024\/02\/19a-Selten-hatte-Samed-Guersoy-soviel-Spielraum-wie-in-dieser-Szene.jpg 850w\" sizes=\"auto, (max-width: 309px) 100vw, 309px\" \/><figcaption id=\"caption-attachment-16834\" class=\"wp-caption-text\">Zeilsheims Torj\u00e4ger Abdussammed G\u00fcrsoy (links am Ball) blieb ohne Tor. Foto: Archiv Peter Strauch.\u00a0\u00a0<\/figcaption><\/figure>\n<h4>SG Walluf &#8211; SV Zeilsheim 6:2 (3:1)<\/h4>\n<p><img loading=\"lazy\" decoding=\"async\" class=\"alignnone size-full wp-image-4050\" src=\"http:\/\/insideamateurfussball-ffm.de\/wp-content\/uploads\/2022\/11\/walluf.jpg\" alt=\"\" width=\"80\" height=\"80\" \/><img loading=\"lazy\" decoding=\"async\" class=\"alignnone size-full wp-image-1153\" src=\"http:\/\/insideamateurfussball-ffm.de\/wp-content\/uploads\/2022\/07\/SVZe.jpg\" alt=\"\" width=\"68\" height=\"80\" \/><\/p>\n<div data-canvas-width=\"480.86133333333356\">Unter der Regie des fr\u00fcheren Eddersheimer Trainers Christian L\u00fcllig erwischte Walluf einen Traumstart. Der von rechts gezirkelte Ecksto\u00df von Jonas Dalbert fand sehenswert direkt den Weg ins Netz (2.). Gleich danach verwertete Jan L\u00f6wer eine Ecke zum 2:0 (4.). Zeilsheims schnelles 2:1 durch Silas Gerstberger (10.) hemmte den Wallufer Tatendrang keineswegs.<\/div>\n<div data-canvas-width=\"480.86133333333356\"><\/div>\n<div data-canvas-width=\"480.86133333333356\">Vier Minuten sp\u00e4ter stellte L\u00f6wer den alten Abstand wieder her (14.). Nach dem Seitenwechsel erh\u00f6hte Nico Hernandez Quesada auf 4:1 (46.). Laurin Vogt verk\u00fcrzte im Gegenzug (47.). L\u00f6wer setzte an seinem Sahnetag noch zwei Treffer zum Viererpack (48.\/67.) drauf. Kurios, dass drei Treffer unmittelbar nach der Pause fielen.<\/div>\n<div data-canvas-width=\"480.86133333333356\"><\/div>\n<blockquote>\n<h4 data-canvas-width=\"480.86133333333356\">&#8222;Die Zuordnung war die reinste Katastrophe&#8220; (Zeilsheims Sportlicher Leiter Sadik Can)<\/h4>\n<\/blockquote>\n<div data-canvas-width=\"480.86133333333356\">Beim SV Zeilsheim \u00fcberwog hinterher der Frust. Mal wieder ist es nicht gelungen, so etwas wie eine Siegesserie aufzubauen. Drei Gegentore nach Ecken lie\u00dfen die Sorgenfalten bei den Verantwortlichen zunehmen. &#8222;Die Zuordnung war die reinste Katastrophe&#8220;, sagte Zeilsheims Sportlicher Leiter Sadik Can. Die verletzungsbedingten Ausf\u00e4lle von Innenverteidiger-Duo Jonas Herberg (Zerrung) und Nicklas Pitas sowie Sechser Niklas Dillitz konnten die Zeilsheimer nicht kompensieren.<\/div>\n<div data-canvas-width=\"480.86133333333356\"><\/div>\n<div data-canvas-width=\"480.86133333333356\">N\u00e4chsten Sonntag im Heimspiel gegen den Rangzweiten FC TuBa Pohlheim wollen und m\u00fcssen es die M\u00e4nner von Trainer Selim Aljusevic besser machen.<\/div>\n<h4 data-canvas-width=\"480.86133333333356\">Schiedsrichter: Dominik Br\u00e4unchen (TSV Bicken). Zuschauer: 120.<\/h4>\n<h4 data-canvas-width=\"480.86133333333356\">Tore: 1:0 Jonas Dalbert (2.), 2:0 Jan L\u00f6wer (4.), 2:1 Silas Gerstberger (10.), 3:1 Jan L\u00f6wer (14.), 4:1 Nico Hernandez Quesada (46.), 4:2 Laurin Vogt (47.), 5:2, 6:2 Jan L\u00f6wer (48\/67.).<\/h4>\n","protected":false},"excerpt":{"rendered":"<p>Beim SV Zeilsheim herrschte nach der Ausw\u00e4rtsreise in die Weinbaugemeinde im Rheingau-Taunus-Kreis Ern\u00fcchterung. Die SG Walluf fertigte in der Verbandsliga Mitte die Zeilsheimer mit 6:2 ab. Mit so einer hohen Niederlage beim abstiegsgef\u00e4hrdeten Tabellenletzten hatte wahrlich keiner gerechnet. SG Walluf &#8211; SV Zeilsheim 6:2 (3:1) Unter der Regie des fr\u00fcheren Eddersheimer Trainers Christian L\u00fcllig erwischte [&hellip;]<\/p>\n","protected":false},"author":1,"featured_media":16834,"comment_status":"open","ping_status":"open","sticky":true,"template":"","format":"standard","meta":{"footnotes":""},"categories":[32],"tags":[],"class_list":["post-16833","post","type-post","status-publish","format-standard","has-post-thumbnail","hentry","category-verbandsliga-mitte"],"_links":{"self":[{"href":"https:\/\/insideamateurfussball-ffm.de\/index.php?rest_route=\/wp\/v2\/posts\/16833","targetHints":{"allow":["GET"]}}],"collection":[{"href":"https:\/\/insideamateurfussball-ffm.de\/index.php?rest_route=\/wp\/v2\/posts"}],"about":[{"href":"https:\/\/insideamateurfussball-ffm.de\/index.php?rest_route=\/wp\/v2\/types\/post"}],"author":[{"embeddable":true,"href":"https:\/\/insideamateurfussball-ffm.de\/index.php?rest_route=\/wp\/v2\/users\/1"}],"replies":[{"embeddable":true,"href":"https:\/\/insideamateurfussball-ffm.de\/index.php?rest_route=%2Fwp%2Fv2%2Fcomments&post=16833"}],"version-history":[{"count":1,"href":"https:\/\/insideamateurfussball-ffm.de\/index.php?rest_route=\/wp\/v2\/posts\/16833\/revisions"}],"predecessor-version":[{"id":16835,"href":"https:\/\/insideamateurfussball-ffm.de\/index.php?rest_route=\/wp\/v2\/posts\/16833\/revisions\/16835"}],"wp:featuredmedia":[{"embeddable":true,"href":"https:\/\/insideamateurfussball-ffm.de\/index.php?rest_route=\/wp\/v2\/media\/16834"}],"wp:attachment":[{"href":"https:\/\/insideamateurfussball-ffm.de\/index.php?rest_route=%2Fwp%2Fv2%2Fmedia&parent=16833"}],"wp:term":[{"taxonomy":"category","embeddable":true,"href":"https:\/\/insideamateurfussball-ffm.de\/index.php?rest_route=%2Fwp%2Fv2%2Fcategories&post=16833"},{"taxonomy":"post_tag","embeddable":true,"href":"https:\/\/insideamateurfussball-ffm.de\/index.php?rest_route=%2Fwp%2Fv2%2Ftags&post=16833"}],"curies":[{"name":"wp","href":"https:\/\/api.w.org\/{rel}","templated":true}]}}