{"id":16830,"date":"2024-02-26T19:29:34","date_gmt":"2024-02-26T17:29:34","guid":{"rendered":"http:\/\/insideamateurfussball-ffm.de\/?p=16830"},"modified":"2024-02-26T19:29:34","modified_gmt":"2024-02-26T17:29:34","slug":"seckbach-und-bad-vilbel-trennen-sich-remis","status":"publish","type":"post","link":"https:\/\/insideamateurfussball-ffm.de\/?p=16830","title":{"rendered":"Seckbach und Bad Vilbel trennen sich remis"},"content":{"rendered":"<h4>Beide Mannschaften hatten am Spielende Pech mit Aluminium-Treffern, so blieb es beim verdienten 1:1 zwischen der FG Seckbach und dem FV Bad Vilbel in einem ausgeglichenen Spiel.<\/h4>\n<figure id=\"attachment_16453\" aria-describedby=\"caption-attachment-16453\" style=\"width: 6000px\" class=\"wp-caption alignnone\"><img loading=\"lazy\" decoding=\"async\" class=\"wp-image-16453 size-full\" src=\"http:\/\/insideamateurfussball-ffm.de\/wp-content\/uploads\/2024\/02\/IMG_0015.jpg\" alt=\"\" width=\"6000\" height=\"4000\" \/><figcaption id=\"caption-attachment-16453\" class=\"wp-caption-text\">Bad Vilbels neuer Trainer Jonas Gr\u00fcter musste auch in seinem zweiten Spiel mit einem Remis zufrieden sein. Foto: Archiv Jan Werner<\/figcaption><\/figure>\n<h4>FG 02 Seckbach &#8211; FVF Bad Vilbel 1:1 (0:1)<\/h4>\n<p><img loading=\"lazy\" decoding=\"async\" class=\"alignnone size-full wp-image-544\" src=\"http:\/\/insideamateurfussball-ffm.de\/wp-content\/uploads\/2022\/06\/Seckbach.jpg\" alt=\"\" width=\"80\" height=\"80\" \/><img loading=\"lazy\" decoding=\"async\" class=\"alignnone size-full wp-image-146\" src=\"http:\/\/insideamateurfussball-ffm.de\/wp-content\/uploads\/2022\/05\/FV-Bad-Vilbel.jpg\" alt=\"\" width=\"80\" height=\"80\" \/><\/p>\n<p>Auch im R\u00fcckspiel konnte die FG Seckbach den Konkurrenten vom FV Bad Vilbel nicht besiegen. Das Hinspiel hatten die Kurst\u00e4dter mit 2:1 gewonnen, am Ende dieses Tages stand ein 1:1-Unentschieden, was beiden Mannschaften keinen gro\u00dfen Sprung in der Tabelle machen l\u00e4sst. Seckbachs Spielertrainer Manuel May sagte \u00fcber den Beginn: \u201edie erste Halbzeit war gut von uns, wir waren spielerisch gut und hatten mehr Ballbesitz, allerdings hat etwas im letzten Drittel gefehlt, sodass wir kaum zu Torchancen gekommen sind.\u201c Der FV Bad Vilbel hingegen spielte sehr effizient und kam nach einem Standard in der 31.Minute zur 1:0-F\u00fchrung, die auch bis in die Halbzeit Bestand hatte.<\/p>\n<p>In der zweiten Halbzeit verlor die FG Seckbach etwas den Faden und das Spiel wurde nach den Worten von Trainer May etwas \u201ewilder\u201c. Trotzdem kam die FG Seckbach in der 55.Minute durch ein Tor von Benedict Linzenmeier zum Ausgleich. Das Spiel blieb offen und beide Mannschaften hatten sp\u00e4t noch die Chance zum Siegtreffer, erst scheiterten die Seckbacher in der 87.Minute am Pfosten, und in der allerletzten Spielszene traf Bad Vilbels Justus Losse mit einem Kopfball nur die Latte. Manuel May betrachtete das Remis zum Schluss als \u201egerechtes Unentschieden\u201c. Die FG Seckbach liegt in der Tabelle derzeit auf Platz 11, aber nur zwei Punkte vor dem Relegationsplatz. Am kommenden Wochenende m\u00fcssen die Seckbacher dann zum schweren Ausw\u00e4rtsspiel zum FSV Friedrichsdorf, vielleicht kann man sich f\u00fcr die 0:4-Heimniederlage revanchieren.<\/p>\n<h4>Schiedsrichter: Sonja Bachhuber (DKG Bauschheim). Zuschauer: 120.<\/h4>\n<h4>Tore: 0:1 Malik Makey (31.). 1:1 Benedict Linzenmeier (55.)<\/h4>\n","protected":false},"excerpt":{"rendered":"<p>Beide Mannschaften hatten am Spielende Pech mit Aluminium-Treffern, so blieb es beim verdienten 1:1 zwischen der FG Seckbach und dem FV Bad Vilbel in einem ausgeglichenen Spiel. FG 02 Seckbach &#8211; FVF Bad Vilbel 1:1 (0:1) Auch im R\u00fcckspiel konnte die FG Seckbach den Konkurrenten vom FV Bad Vilbel nicht besiegen. Das Hinspiel hatten die [&hellip;]<\/p>\n","protected":false},"author":3,"featured_media":16453,"comment_status":"open","ping_status":"open","sticky":true,"template":"","format":"standard","meta":{"footnotes":""},"categories":[13],"tags":[],"class_list":["post-16830","post","type-post","status-publish","format-standard","has-post-thumbnail","hentry","category-gruppenliga-frankfurt-west"],"_links":{"self":[{"href":"https:\/\/insideamateurfussball-ffm.de\/index.php?rest_route=\/wp\/v2\/posts\/16830","targetHints":{"allow":["GET"]}}],"collection":[{"href":"https:\/\/insideamateurfussball-ffm.de\/index.php?rest_route=\/wp\/v2\/posts"}],"about":[{"href":"https:\/\/insideamateurfussball-ffm.de\/index.php?rest_route=\/wp\/v2\/types\/post"}],"author":[{"embeddable":true,"href":"https:\/\/insideamateurfussball-ffm.de\/index.php?rest_route=\/wp\/v2\/users\/3"}],"replies":[{"embeddable":true,"href":"https:\/\/insideamateurfussball-ffm.de\/index.php?rest_route=%2Fwp%2Fv2%2Fcomments&post=16830"}],"version-history":[{"count":2,"href":"https:\/\/insideamateurfussball-ffm.de\/index.php?rest_route=\/wp\/v2\/posts\/16830\/revisions"}],"predecessor-version":[{"id":16832,"href":"https:\/\/insideamateurfussball-ffm.de\/index.php?rest_route=\/wp\/v2\/posts\/16830\/revisions\/16832"}],"wp:featuredmedia":[{"embeddable":true,"href":"https:\/\/insideamateurfussball-ffm.de\/index.php?rest_route=\/wp\/v2\/media\/16453"}],"wp:attachment":[{"href":"https:\/\/insideamateurfussball-ffm.de\/index.php?rest_route=%2Fwp%2Fv2%2Fmedia&parent=16830"}],"wp:term":[{"taxonomy":"category","embeddable":true,"href":"https:\/\/insideamateurfussball-ffm.de\/index.php?rest_route=%2Fwp%2Fv2%2Fcategories&post=16830"},{"taxonomy":"post_tag","embeddable":true,"href":"https:\/\/insideamateurfussball-ffm.de\/index.php?rest_route=%2Fwp%2Fv2%2Ftags&post=16830"}],"curies":[{"name":"wp","href":"https:\/\/api.w.org\/{rel}","templated":true}]}}