{"id":16822,"date":"2024-02-26T18:22:56","date_gmt":"2024-02-26T16:22:56","guid":{"rendered":"http:\/\/insideamateurfussball-ffm.de\/?p=16822"},"modified":"2024-02-26T18:22:56","modified_gmt":"2024-02-26T16:22:56","slug":"tempo-verliert-nach-fuehrung","status":"publish","type":"post","link":"https:\/\/insideamateurfussball-ffm.de\/?p=16822","title":{"rendered":"Tempo verliert nach F\u00fchrung"},"content":{"rendered":"<h4>Der FC Tempo verlor sein erstes Punktspiel im Jahr 2024 trotz 1:0-F\u00fchrung beim 1.FC-TSG K\u00f6nigstein mit 1:2 und vergab dabei viele Chancen zum Sieg. Damit betr\u00e4gt der Vorsprung auf den Relegationsplatz nur noch zwei Punkte.<\/h4>\n<figure id=\"attachment_16823\" aria-describedby=\"caption-attachment-16823\" style=\"width: 640px\" class=\"wp-caption alignnone\"><img loading=\"lazy\" decoding=\"async\" class=\"wp-image-16823 size-large\" src=\"http:\/\/insideamateurfussball-ffm.de\/wp-content\/uploads\/2024\/02\/koenigstein-1024x711.jpg\" alt=\"\" width=\"640\" height=\"444\" srcset=\"https:\/\/insideamateurfussball-ffm.de\/wp-content\/uploads\/2024\/02\/koenigstein-1024x711.jpg 1024w, https:\/\/insideamateurfussball-ffm.de\/wp-content\/uploads\/2024\/02\/koenigstein-300x208.jpg 300w, https:\/\/insideamateurfussball-ffm.de\/wp-content\/uploads\/2024\/02\/koenigstein-768x533.jpg 768w, https:\/\/insideamateurfussball-ffm.de\/wp-content\/uploads\/2024\/02\/koenigstein.jpg 1191w\" sizes=\"auto, (max-width: 640px) 100vw, 640px\" \/><figcaption id=\"caption-attachment-16823\" class=\"wp-caption-text\">K\u00f6nigsteins Trainer Till Sommerfeld konnte sich \u00fcber einen sp\u00e4ten Sieg freuen. Foto: Archiv Mithat G\u00fcrser<\/figcaption><\/figure>\n<h4>1.FC-TSG K\u00f6nigstein &#8211; FC Tempo 2:1 (0:1)<\/h4>\n<p><img loading=\"lazy\" decoding=\"async\" class=\"alignnone size-full wp-image-1396\" src=\"http:\/\/insideamateurfussball-ffm.de\/wp-content\/uploads\/2022\/07\/koenigstein.png\" alt=\"\" width=\"80\" height=\"72\" \/><img loading=\"lazy\" decoding=\"async\" class=\"alignnone size-full wp-image-31\" src=\"http:\/\/insideamateurfussball-ffm.de\/wp-content\/uploads\/2021\/11\/Tempo.jpg\" alt=\"\" width=\"80\" height=\"80\" \/><\/p>\n<p>Es war ein Spiel zweier Mannschaften, die tabellarisch auf Augenh\u00f6he agierten. Der Tabellenneunte 1.FC-TSG K\u00f6nigstein hatte zwei Punkte mehr auf dem Konto als der Tabellenzehnte FC Tempo, also eine gute Gelegenheit f\u00fcr die Frankfurter, den Gegner in der Tabelle nach Punkten zu \u00fcberfl\u00fcgeln. Auch wenn das Spiel in der ersten Halbzeit ziemlich ausgeglichen war, so hatten die Spieler vom FC Tempo doch die gr\u00f6\u00dferen Chancen und gingen in der 40. Minute durch einen Foulelfmeter von Stevan Lukovic mit 1.0 in F\u00fchrung. In der zweiten Halbzeit \u00fcbernahm dann der Gastgeber das Kommando, aber der FC Tempo lie\u00df weiterhin viele Chancen aus. Boban Dokic scheiterte im 1:1 am gegnerischen Torh\u00fcter, ein Ball von Stefan Savic auf das leere Tor wurde noch von einem K\u00f6nigsteiner auf der Linie gerettet, ein Ball von Lukovic klatsche ans Aluminium, und auch Ivan Grgic scheiterte nach einem Eckball mit einem Kopfball. K\u00f6nigstein kam dann gl\u00fccklich in der 74.Minute zum Ausgleich durch Anas El Alloui und sie setzten auch in der 90.Minute den Lucky Punch durch Ugur Albayrak, der das 2:1 f\u00fcr die Gastgeber erzielte. Tempos Sportlicher Leiter Zoran Marcetic meinte nur noch: \u201ewir haben die Tore nicht gemacht und sind gut gestanden, aber wer die Tore nicht macht, verliert das Spiel. K\u00f6nigstein hat au\u00dfen rum um den Sechzehnmeterraum gespielt, aber sich keine Torchancen erspielt, und gewinnt dann das Spiel ohne Torchance, wir verlieren dann ungl\u00fccklich am Ende. Wir m\u00fcssen jetzt von Woche zu Woche schauen, dass wir wieder Punkte holen und hoffen, dass es dann n\u00e4chste Woche schon so weit ist.\u201c<\/p>\n<p>Am n\u00e4chsten Wochenende empf\u00e4ngt der FC Tempo die SG Ober-Erlenbach, die derzeit auf dem vorletzten Platz steht.<\/p>\n<h4>Schiedsrichter: Johannes Helmut Baumann (SV Germania Birklar). Zuschauer: 70.<\/h4>\n<h4>Tore: 0:1 Stevan Lukovic (40., Elfmeter), 1:1 Anas El Allaoui (74.), 2:1 Ugur Albayrak (90.)<\/h4>\n","protected":false},"excerpt":{"rendered":"<p>Der FC Tempo verlor sein erstes Punktspiel im Jahr 2024 trotz 1:0-F\u00fchrung beim 1.FC-TSG K\u00f6nigstein mit 1:2 und vergab dabei viele Chancen zum Sieg. Damit betr\u00e4gt der Vorsprung auf den Relegationsplatz nur noch zwei Punkte. 1.FC-TSG K\u00f6nigstein &#8211; FC Tempo 2:1 (0:1) Es war ein Spiel zweier Mannschaften, die tabellarisch auf Augenh\u00f6he agierten. Der Tabellenneunte [&hellip;]<\/p>\n","protected":false},"author":3,"featured_media":16823,"comment_status":"open","ping_status":"open","sticky":true,"template":"","format":"standard","meta":{"footnotes":""},"categories":[13],"tags":[],"class_list":["post-16822","post","type-post","status-publish","format-standard","has-post-thumbnail","hentry","category-gruppenliga-frankfurt-west"],"_links":{"self":[{"href":"https:\/\/insideamateurfussball-ffm.de\/index.php?rest_route=\/wp\/v2\/posts\/16822","targetHints":{"allow":["GET"]}}],"collection":[{"href":"https:\/\/insideamateurfussball-ffm.de\/index.php?rest_route=\/wp\/v2\/posts"}],"about":[{"href":"https:\/\/insideamateurfussball-ffm.de\/index.php?rest_route=\/wp\/v2\/types\/post"}],"author":[{"embeddable":true,"href":"https:\/\/insideamateurfussball-ffm.de\/index.php?rest_route=\/wp\/v2\/users\/3"}],"replies":[{"embeddable":true,"href":"https:\/\/insideamateurfussball-ffm.de\/index.php?rest_route=%2Fwp%2Fv2%2Fcomments&post=16822"}],"version-history":[{"count":3,"href":"https:\/\/insideamateurfussball-ffm.de\/index.php?rest_route=\/wp\/v2\/posts\/16822\/revisions"}],"predecessor-version":[{"id":16826,"href":"https:\/\/insideamateurfussball-ffm.de\/index.php?rest_route=\/wp\/v2\/posts\/16822\/revisions\/16826"}],"wp:featuredmedia":[{"embeddable":true,"href":"https:\/\/insideamateurfussball-ffm.de\/index.php?rest_route=\/wp\/v2\/media\/16823"}],"wp:attachment":[{"href":"https:\/\/insideamateurfussball-ffm.de\/index.php?rest_route=%2Fwp%2Fv2%2Fmedia&parent=16822"}],"wp:term":[{"taxonomy":"category","embeddable":true,"href":"https:\/\/insideamateurfussball-ffm.de\/index.php?rest_route=%2Fwp%2Fv2%2Fcategories&post=16822"},{"taxonomy":"post_tag","embeddable":true,"href":"https:\/\/insideamateurfussball-ffm.de\/index.php?rest_route=%2Fwp%2Fv2%2Ftags&post=16822"}],"curies":[{"name":"wp","href":"https:\/\/api.w.org\/{rel}","templated":true}]}}