{"id":16813,"date":"2024-02-26T14:59:10","date_gmt":"2024-02-26T12:59:10","guid":{"rendered":"http:\/\/insideamateurfussball-ffm.de\/?p=16813"},"modified":"2024-02-26T14:59:10","modified_gmt":"2024-02-26T12:59:10","slug":"fechenheim-verlaesst-nach-50-relegationsplatz","status":"publish","type":"post","link":"https:\/\/insideamateurfussball-ffm.de\/?p=16813","title":{"rendered":"Fechenheim verl\u00e4sst nach 5:0 Relegationsplatz"},"content":{"rendered":"<h4>Die Spvgg. 03 Fechenheim hat ihr erstes Ziel erreicht und mit einem fulminanten 5:0 beim SV Gronau erst einmal den Relegationsplatz verlassen. Der \u00fcberaus deutliche Sieg war hochverdient.<\/h4>\n<figure id=\"attachment_16814\" aria-describedby=\"caption-attachment-16814\" style=\"width: 640px\" class=\"wp-caption alignnone\"><img loading=\"lazy\" decoding=\"async\" class=\"wp-image-16814 size-large\" src=\"http:\/\/insideamateurfussball-ffm.de\/wp-content\/uploads\/2024\/02\/FechenheimObertshausen3-1024x768.jpg\" alt=\"\" width=\"640\" height=\"480\" srcset=\"https:\/\/insideamateurfussball-ffm.de\/wp-content\/uploads\/2024\/02\/FechenheimObertshausen3-1024x768.jpg 1024w, https:\/\/insideamateurfussball-ffm.de\/wp-content\/uploads\/2024\/02\/FechenheimObertshausen3-300x225.jpg 300w, https:\/\/insideamateurfussball-ffm.de\/wp-content\/uploads\/2024\/02\/FechenheimObertshausen3-768x576.jpg 768w, https:\/\/insideamateurfussball-ffm.de\/wp-content\/uploads\/2024\/02\/FechenheimObertshausen3-1536x1152.jpg 1536w, https:\/\/insideamateurfussball-ffm.de\/wp-content\/uploads\/2024\/02\/FechenheimObertshausen3.jpg 2016w\" sizes=\"auto, (max-width: 640px) 100vw, 640px\" \/><figcaption id=\"caption-attachment-16814\" class=\"wp-caption-text\">Fechenheims Trainer Maximilian Schmidt war nach dem hohen Sieg sehr zufrieden. Foto: Archiv MZ<\/figcaption><\/figure>\n<h4>SV Gronau &#8211; Spvg.. 03 Fechenheim 0:5 (0:1)<\/h4>\n<p><img loading=\"lazy\" decoding=\"async\" class=\"alignnone size-full wp-image-699\" src=\"http:\/\/insideamateurfussball-ffm.de\/wp-content\/uploads\/2022\/06\/Gronau.jpg\" alt=\"\" width=\"80\" height=\"80\" \/><img loading=\"lazy\" decoding=\"async\" class=\"alignnone size-full wp-image-603\" src=\"http:\/\/insideamateurfussball-ffm.de\/wp-content\/uploads\/2022\/06\/Fech03.jpg\" alt=\"\" width=\"52\" height=\"80\" \/><\/p>\n<p>Wenn der Tabellendreizehnte beim Tabellenf\u00fcnfzehnten antritt, ist die Favoritenrolle trotz eines 13-Punkte-Vorsprungs nicht klar vergeben, am Ende des Spiels muss man allerdings sagen: es war eine Demonstration der Spvgg. 03 Fechenheim. Fechenheims Pr\u00e4sident Reinhold Schmidt sagte nach dem Spiel: \u201eich hatte nie das Gef\u00fchl, das Spiel verlieren zu k\u00f6nnen.\u201c Es dauerte eine gewisse Zeit, bis die Fechenheimer, die viel Ballbesitz hatten, die richtigen R\u00e4ume fanden, um gef\u00e4hrliche Chancen zu erspielen. Aber nach gut 30 Minuten erspielten sich die G\u00e4ste gegen Gronau, die auf einer Linie verteidigten, bessere Chancen. Und so war es nicht von ungef\u00e4hr, dass die Fechenheimer noch vor der Pause mit 1.0 in F\u00fchrung gingen. In der 44.Minute kam Roberto Martins Pereira nach einem Steckpass frei vor dem Tor zum erfolgreichen Abschluss.<\/p>\n<p>In der Halbzeit muss Fechenheims Trainer Maximilian Schmidt die richtigen Worte gefunden haben, denn die G\u00e4ste erspielten sich jetzt Chance um Chance. In der 49.Minute erh\u00f6hte Oassim Ouass nach einer sch\u00f6nen Kombination zum 2:0, und in der 58.Minute brachte Trainer Schmidt zwei neue Spieler, die in der Folge auch als Joker stechen sollten. In der 70.Minute erzielte der eingewechselte Kaleab Eyassu das 3:0, ehe der ebenfalls eingewechselte Neuzugang Timur Berkant \u00d6zdemir zum 4:0 erfolgreich war. Den Schlusspunkt zum 5:0 setzte erneut Kaleab Eyassu. Mit diesem deutlichen Sieg sprangen die Fechenheimer auf den ersten Nichtabstiegsplatz (12.). \u00a0Pr\u00e4sident Reinhold Schmidt konstatierte nach dem Spiel: \u201ewir sind sehr zufrieden, das war ein sehr positiver und sch\u00f6ner Auftakt.\u201c<\/p>\n<p>Am n\u00e4chsten Wochenende empf\u00e4ngt die Spvgg. den angeschlagenen Tabellenvierten T\u00fcrk. SV Bad Nauheim, der seine beiden Partien in diesem Jahr verloren hat.<\/p>\n<h4>Schiedsrichter: Florian Schnorr (Spvgg. Lemp). Zuschauer: 100.<\/h4>\n<h4>Tore: 0:1 Roberto Martins Pereira (43.), 0:2 Ouassim Ouass (49.), 0:3 Kaleab Eyassu (70.), 0:4 Timur Berkant \u00d6zdemir (77.), 0:5 Kaleab Eyassu (88.)<\/h4>\n","protected":false},"excerpt":{"rendered":"<p>Die Spvgg. 03 Fechenheim hat ihr erstes Ziel erreicht und mit einem fulminanten 5:0 beim SV Gronau erst einmal den Relegationsplatz verlassen. Der \u00fcberaus deutliche Sieg war hochverdient. SV Gronau &#8211; Spvg.. 03 Fechenheim 0:5 (0:1) Wenn der Tabellendreizehnte beim Tabellenf\u00fcnfzehnten antritt, ist die Favoritenrolle trotz eines 13-Punkte-Vorsprungs nicht klar vergeben, am Ende des Spiels [&hellip;]<\/p>\n","protected":false},"author":3,"featured_media":16814,"comment_status":"open","ping_status":"open","sticky":true,"template":"","format":"standard","meta":{"footnotes":""},"categories":[13],"tags":[],"class_list":["post-16813","post","type-post","status-publish","format-standard","has-post-thumbnail","hentry","category-gruppenliga-frankfurt-west"],"_links":{"self":[{"href":"https:\/\/insideamateurfussball-ffm.de\/index.php?rest_route=\/wp\/v2\/posts\/16813","targetHints":{"allow":["GET"]}}],"collection":[{"href":"https:\/\/insideamateurfussball-ffm.de\/index.php?rest_route=\/wp\/v2\/posts"}],"about":[{"href":"https:\/\/insideamateurfussball-ffm.de\/index.php?rest_route=\/wp\/v2\/types\/post"}],"author":[{"embeddable":true,"href":"https:\/\/insideamateurfussball-ffm.de\/index.php?rest_route=\/wp\/v2\/users\/3"}],"replies":[{"embeddable":true,"href":"https:\/\/insideamateurfussball-ffm.de\/index.php?rest_route=%2Fwp%2Fv2%2Fcomments&post=16813"}],"version-history":[{"count":2,"href":"https:\/\/insideamateurfussball-ffm.de\/index.php?rest_route=\/wp\/v2\/posts\/16813\/revisions"}],"predecessor-version":[{"id":16816,"href":"https:\/\/insideamateurfussball-ffm.de\/index.php?rest_route=\/wp\/v2\/posts\/16813\/revisions\/16816"}],"wp:featuredmedia":[{"embeddable":true,"href":"https:\/\/insideamateurfussball-ffm.de\/index.php?rest_route=\/wp\/v2\/media\/16814"}],"wp:attachment":[{"href":"https:\/\/insideamateurfussball-ffm.de\/index.php?rest_route=%2Fwp%2Fv2%2Fmedia&parent=16813"}],"wp:term":[{"taxonomy":"category","embeddable":true,"href":"https:\/\/insideamateurfussball-ffm.de\/index.php?rest_route=%2Fwp%2Fv2%2Fcategories&post=16813"},{"taxonomy":"post_tag","embeddable":true,"href":"https:\/\/insideamateurfussball-ffm.de\/index.php?rest_route=%2Fwp%2Fv2%2Ftags&post=16813"}],"curies":[{"name":"wp","href":"https:\/\/api.w.org\/{rel}","templated":true}]}}