{"id":16810,"date":"2024-02-26T14:25:07","date_gmt":"2024-02-26T12:25:07","guid":{"rendered":"http:\/\/insideamateurfussball-ffm.de\/?p=16810"},"modified":"2024-02-26T18:12:07","modified_gmt":"2024-02-26T16:12:07","slug":"bosnien-mit-spaetem-sieg-beim-tabellenfuehrer","status":"publish","type":"post","link":"https:\/\/insideamateurfussball-ffm.de\/?p=16810","title":{"rendered":"Bosnien mit sp\u00e4tem Sieg beim Tabellenf\u00fchrer"},"content":{"rendered":"<h4>Der SV BKC Bosnien\/Herzegowina startete gut nach der Winterpause, durch einen Lucky Punch in der 90.Minute siegten sie beim Tabellenf\u00fchrer FC Neu-Anspach mit 1:0 und halten damit Anschluss an die Mannschaften an der Tabellenspitze.<\/h4>\n<figure id=\"attachment_15478\" aria-describedby=\"caption-attachment-15478\" style=\"width: 640px\" class=\"wp-caption alignnone\"><img loading=\"lazy\" decoding=\"async\" class=\"wp-image-15478 size-large\" src=\"http:\/\/insideamateurfussball-ffm.de\/wp-content\/uploads\/2023\/12\/bos9-1024x684.jpg\" alt=\"\" width=\"640\" height=\"428\" srcset=\"https:\/\/insideamateurfussball-ffm.de\/wp-content\/uploads\/2023\/12\/bos9-1024x684.jpg 1024w, https:\/\/insideamateurfussball-ffm.de\/wp-content\/uploads\/2023\/12\/bos9-300x200.jpg 300w, https:\/\/insideamateurfussball-ffm.de\/wp-content\/uploads\/2023\/12\/bos9-768x513.jpg 768w, https:\/\/insideamateurfussball-ffm.de\/wp-content\/uploads\/2023\/12\/bos9-1536x1026.jpg 1536w, https:\/\/insideamateurfussball-ffm.de\/wp-content\/uploads\/2023\/12\/bos9.jpg 1563w\" sizes=\"auto, (max-width: 640px) 100vw, 640px\" \/><figcaption id=\"caption-attachment-15478\" class=\"wp-caption-text\">Die bosnische Mannschaft konnte einen Sieg beim Tabellenf\u00fchrer einfahren. Foto: Archiv Mithat G\u00fcrser<\/figcaption><\/figure>\n<h4>FC Neu-Anspach &#8211; SV BKC Bosnien\/Herzegowina 0:1 (0:0)<\/h4>\n<p><img loading=\"lazy\" decoding=\"async\" class=\"alignnone size-full wp-image-16512\" src=\"http:\/\/insideamateurfussball-ffm.de\/wp-content\/uploads\/2024\/01\/logo-neu-anspach.jpeg\" alt=\"\" width=\"80\" height=\"79\" \/><img loading=\"lazy\" decoding=\"async\" class=\"alignnone size-full wp-image-139\" src=\"http:\/\/insideamateurfussball-ffm.de\/wp-content\/uploads\/2022\/05\/Bosnien.jpg\" alt=\"\" width=\"79\" height=\"80\" \/><\/p>\n<p>Der Tabellensechste SV BKC Bosnien\/Herzegowina fuhr sicherlich nicht als Favorit zum Tabellenf\u00fchrer SV Neu-Anspach, es war das erste Pflichtspiel unter dem neuen Trainer Amir Mustafic. Es entwickelte sich aber nach Aussagen von Bosniens Pressesprecher Admir Malohodzic ein \u201esehr starkes Gruppenliga-Spiel zweier guter Mannschaften\u201c. Beide Mannschaften spielten k\u00f6rperbetont und lie\u00dfen in der Abwehr wenig zu, deshalb gab es auch wenige Chancen und Malohodzic sagte: \u201ees war ein typisches 0:0-Spiel, bzw. wer das erste Tor schie\u00dft, gewinnt das Spiel.\u201c<\/p>\n<p>Auch in der zweiten Halbzeit gab es kaum Chancen auf beiden Seiten, und den Lucky Punch setzte am Ende der SV BKC Bosnien\/Herzegowina in der 90.Spielminute. Der eingewechselte Amir Grabovica erzielte fast mit dem Abpfiff das 1:0 f\u00fcr die G\u00e4ste, die danach alle jubelnd auf den Torsch\u00fctzen zuliefen und ihn feierten. Pressesprecher Malohodzic: \u201ewir freuen uns alle f\u00fcr den Jungen, der in seinem ersten Pflichtspiel nach einer ca. zweieinhalbj\u00e4hrigen Verletzungszeit eingewechselt wird und den Siegtreffer erzielt.\u201c Auf die weiteren Saison-Aussichten angesprochen sagte Malohodzic: \u201ewir spielen ohne Druck und sind mit der Entwicklung sehr zufrieden.\u201c<\/p>\n<p>Am n\u00e4chsten Sonntag wartet auf den SV BKC Bosnien\/Herzegowina das n\u00e4chste Topspiel, man ist dann beim Tabellenzweiten SKV Beienheim zu Gast, der allerdings am Donnerstag noch die Chance hat, im Nachholspiel beim 1.FC 09 Oberstedten die Tabellenf\u00fchrung zu erklimmen.<\/p>\n<h4>Schiedsrichter: Luca Kloft (SV Elz). Zuschauer:200.<\/h4>\n<h4>Tore: 0:1 Amir Grabovica (90.)<\/h4>\n","protected":false},"excerpt":{"rendered":"<p>Der SV BKC Bosnien\/Herzegowina startete gut nach der Winterpause, durch einen Lucky Punch in der 90.Minute siegten sie beim Tabellenf\u00fchrer FC Neu-Anspach mit 1:0 und halten damit Anschluss an die Mannschaften an der Tabellenspitze. FC Neu-Anspach &#8211; SV BKC Bosnien\/Herzegowina 0:1 (0:0) Der Tabellensechste SV BKC Bosnien\/Herzegowina fuhr sicherlich nicht als Favorit zum Tabellenf\u00fchrer SV [&hellip;]<\/p>\n","protected":false},"author":3,"featured_media":15478,"comment_status":"open","ping_status":"open","sticky":true,"template":"","format":"standard","meta":{"footnotes":""},"categories":[13],"tags":[],"class_list":["post-16810","post","type-post","status-publish","format-standard","has-post-thumbnail","hentry","category-gruppenliga-frankfurt-west"],"_links":{"self":[{"href":"https:\/\/insideamateurfussball-ffm.de\/index.php?rest_route=\/wp\/v2\/posts\/16810","targetHints":{"allow":["GET"]}}],"collection":[{"href":"https:\/\/insideamateurfussball-ffm.de\/index.php?rest_route=\/wp\/v2\/posts"}],"about":[{"href":"https:\/\/insideamateurfussball-ffm.de\/index.php?rest_route=\/wp\/v2\/types\/post"}],"author":[{"embeddable":true,"href":"https:\/\/insideamateurfussball-ffm.de\/index.php?rest_route=\/wp\/v2\/users\/3"}],"replies":[{"embeddable":true,"href":"https:\/\/insideamateurfussball-ffm.de\/index.php?rest_route=%2Fwp%2Fv2%2Fcomments&post=16810"}],"version-history":[{"count":4,"href":"https:\/\/insideamateurfussball-ffm.de\/index.php?rest_route=\/wp\/v2\/posts\/16810\/revisions"}],"predecessor-version":[{"id":16821,"href":"https:\/\/insideamateurfussball-ffm.de\/index.php?rest_route=\/wp\/v2\/posts\/16810\/revisions\/16821"}],"wp:featuredmedia":[{"embeddable":true,"href":"https:\/\/insideamateurfussball-ffm.de\/index.php?rest_route=\/wp\/v2\/media\/15478"}],"wp:attachment":[{"href":"https:\/\/insideamateurfussball-ffm.de\/index.php?rest_route=%2Fwp%2Fv2%2Fmedia&parent=16810"}],"wp:term":[{"taxonomy":"category","embeddable":true,"href":"https:\/\/insideamateurfussball-ffm.de\/index.php?rest_route=%2Fwp%2Fv2%2Fcategories&post=16810"},{"taxonomy":"post_tag","embeddable":true,"href":"https:\/\/insideamateurfussball-ffm.de\/index.php?rest_route=%2Fwp%2Fv2%2Ftags&post=16810"}],"curies":[{"name":"wp","href":"https:\/\/api.w.org\/{rel}","templated":true}]}}