{"id":16643,"date":"2024-02-25T10:25:00","date_gmt":"2024-02-25T08:25:00","guid":{"rendered":"http:\/\/insideamateurfussball-ffm.de\/?p=16643"},"modified":"2024-02-25T12:59:04","modified_gmt":"2024-02-25T10:59:04","slug":"hessenligist-erlensee-schaltet-fsv-frankfurt-aus","status":"publish","type":"post","link":"https:\/\/insideamateurfussball-ffm.de\/?p=16643","title":{"rendered":"Hessenligist Erlensee schaltet FSV Frankfurt aus"},"content":{"rendered":"<h4>Hessenligist 1. FC Erlensee gelang im Achtelfinale des Hessen-Pokals eine \u00dcberraschung. Gegen den Regionalligisten und Titelverteidiger FSV Frankfurt gewann der Verein aus dem Hanauer Fu\u00dfball-Kreis mit 3:2 (1:2) und trifft im Viertelfinale auf einen weiteren Verein aus der Regionalliga S\u00fcdwest, die SG Barockstadt Fulda-Lehnerz.<\/h4>\n<figure id=\"attachment_16644\" aria-describedby=\"caption-attachment-16644\" style=\"width: 309px\" class=\"wp-caption alignnone\"><img loading=\"lazy\" decoding=\"async\" class=\"wp-image-16644\" src=\"http:\/\/insideamateurfussball-ffm.de\/wp-content\/uploads\/2024\/02\/Erlensee-Vereinshaus-300x225.jpg\" alt=\"\" width=\"309\" height=\"232\" srcset=\"https:\/\/insideamateurfussball-ffm.de\/wp-content\/uploads\/2024\/02\/Erlensee-Vereinshaus-300x225.jpg 300w, https:\/\/insideamateurfussball-ffm.de\/wp-content\/uploads\/2024\/02\/Erlensee-Vereinshaus-768x576.jpg 768w, https:\/\/insideamateurfussball-ffm.de\/wp-content\/uploads\/2024\/02\/Erlensee-Vereinshaus.jpg 960w\" sizes=\"auto, (max-width: 309px) 100vw, 309px\" \/><figcaption id=\"caption-attachment-16644\" class=\"wp-caption-text\">In Erlensee gab es im Hessen-Pokal eine \u00dcberraschung. Foto: Archiv PA.<\/figcaption><\/figure>\n<h4>1. FC Erlensee &#8211; FSV Frankfurt 3:2 (1:2)<\/h4>\n<p><img loading=\"lazy\" decoding=\"async\" class=\"alignnone size-full wp-image-1168\" src=\"http:\/\/insideamateurfussball-ffm.de\/wp-content\/uploads\/2022\/07\/Erlensee.jpg\" alt=\"\" width=\"66\" height=\"80\" \/><img loading=\"lazy\" decoding=\"async\" class=\"alignnone size-full wp-image-1179\" src=\"http:\/\/insideamateurfussball-ffm.de\/wp-content\/uploads\/2022\/07\/FSV-Frankfurt-Emblem.jpg\" alt=\"\" width=\"68\" height=\"80\" \/><\/p>\n<p>Der Favorit verspielte auf dem Kunstrasenplatz am Fliegerhorst eine 2:0-F\u00fchrung, nachdem die Schwarz-Blauen mit Kapit\u00e4n Noah Awassi per Kopf in F\u00fchrung gegangen waren (21.) und und Offensivmann Onur \u00dcnl\u00fccifci auf Zuspiel von Timo Hildmann erh\u00f6hte (39.). Der abstiegsbedrohte Hessenligist verk\u00fcrzte mit einem Distanzschuss aus 30 Metern durch David Nene zum 1:2 (45.).<\/p>\n<p>Nach dem Seitenwechsel verlor der FSV zunehmend seine Linie und musste nach einer Flanke von Jan L\u00fcdke mit dem zweiten Treffer Nenes, diesmal per Volleyschuss, das 2:2 hinnehmen (72.). Doch damit nicht genug: Der aus Fulda zur\u00fcckgekehrte L\u00fcdke lief der G\u00e4steabwehr auf und davon und markierte das vielumjubelte 3:2 (77.) und bescherte Erlensee ein Duell im Viertelfinale gegen seinen Ex-Klub SG Barockstadt.<\/p>\n<h4>Schiedsrichter: Joshua Herbert (N\u00fcsttal). Zuschauer: 400.<\/h4>\n<h4>Tore: 0:1 Noah Awassi (21.), 0:2 Onur \u00dcnl\u00fccifci (39.), 1:2, 2:2 David Nene (45.\/72.), 3:2 Jan L\u00fcdke (77.).<\/h4>\n","protected":false},"excerpt":{"rendered":"<p>Hessenligist 1. FC Erlensee gelang im Achtelfinale des Hessen-Pokals eine \u00dcberraschung. Gegen den Regionalligisten und Titelverteidiger FSV Frankfurt gewann der Verein aus dem Hanauer Fu\u00dfball-Kreis mit 3:2 (1:2) und trifft im Viertelfinale auf einen weiteren Verein aus der Regionalliga S\u00fcdwest, die SG Barockstadt Fulda-Lehnerz. 1. FC Erlensee &#8211; FSV Frankfurt 3:2 (1:2) Der Favorit verspielte [&hellip;]<\/p>\n","protected":false},"author":1,"featured_media":16644,"comment_status":"open","ping_status":"open","sticky":true,"template":"","format":"standard","meta":{"footnotes":""},"categories":[30],"tags":[],"class_list":["post-16643","post","type-post","status-publish","format-standard","has-post-thumbnail","hentry","category-hessenpokal"],"_links":{"self":[{"href":"https:\/\/insideamateurfussball-ffm.de\/index.php?rest_route=\/wp\/v2\/posts\/16643","targetHints":{"allow":["GET"]}}],"collection":[{"href":"https:\/\/insideamateurfussball-ffm.de\/index.php?rest_route=\/wp\/v2\/posts"}],"about":[{"href":"https:\/\/insideamateurfussball-ffm.de\/index.php?rest_route=\/wp\/v2\/types\/post"}],"author":[{"embeddable":true,"href":"https:\/\/insideamateurfussball-ffm.de\/index.php?rest_route=\/wp\/v2\/users\/1"}],"replies":[{"embeddable":true,"href":"https:\/\/insideamateurfussball-ffm.de\/index.php?rest_route=%2Fwp%2Fv2%2Fcomments&post=16643"}],"version-history":[{"count":2,"href":"https:\/\/insideamateurfussball-ffm.de\/index.php?rest_route=\/wp\/v2\/posts\/16643\/revisions"}],"predecessor-version":[{"id":16646,"href":"https:\/\/insideamateurfussball-ffm.de\/index.php?rest_route=\/wp\/v2\/posts\/16643\/revisions\/16646"}],"wp:featuredmedia":[{"embeddable":true,"href":"https:\/\/insideamateurfussball-ffm.de\/index.php?rest_route=\/wp\/v2\/media\/16644"}],"wp:attachment":[{"href":"https:\/\/insideamateurfussball-ffm.de\/index.php?rest_route=%2Fwp%2Fv2%2Fmedia&parent=16643"}],"wp:term":[{"taxonomy":"category","embeddable":true,"href":"https:\/\/insideamateurfussball-ffm.de\/index.php?rest_route=%2Fwp%2Fv2%2Fcategories&post=16643"},{"taxonomy":"post_tag","embeddable":true,"href":"https:\/\/insideamateurfussball-ffm.de\/index.php?rest_route=%2Fwp%2Fv2%2Ftags&post=16643"}],"curies":[{"name":"wp","href":"https:\/\/api.w.org\/{rel}","templated":true}]}}