{"id":16634,"date":"2024-02-23T20:30:33","date_gmt":"2024-02-23T18:30:33","guid":{"rendered":"http:\/\/insideamateurfussball-ffm.de\/?p=16634"},"modified":"2024-02-23T20:30:33","modified_gmt":"2024-02-23T18:30:33","slug":"zeilsheim-erreicht-viertelfinale","status":"publish","type":"post","link":"https:\/\/insideamateurfussball-ffm.de\/?p=16634","title":{"rendered":"Zeilsheim erreicht Viertelfinale"},"content":{"rendered":"<h4>Als letzter Verein erreichte der SV Zeilsheim das Viertelfinale im Kreispokal Maintaunus. Der Mitte-Verbandsligist setzte sich beim A-Klasse-Tabellenf\u00fchrer FC T\u00fcrk Kelsterbach standesgem\u00e4\u00df mit 5:1 durch.<\/h4>\n<figure id=\"attachment_13359\" aria-describedby=\"caption-attachment-13359\" style=\"width: 2560px\" class=\"wp-caption alignnone\"><img loading=\"lazy\" decoding=\"async\" class=\"wp-image-13359 size-full\" src=\"http:\/\/insideamateurfussball-ffm.de\/wp-content\/uploads\/2023\/10\/SGB-SVZ_230723-124-scaled.jpg\" alt=\"\" width=\"2560\" height=\"1707\" srcset=\"https:\/\/insideamateurfussball-ffm.de\/wp-content\/uploads\/2023\/10\/SGB-SVZ_230723-124-scaled.jpg 2560w, https:\/\/insideamateurfussball-ffm.de\/wp-content\/uploads\/2023\/10\/SGB-SVZ_230723-124-300x200.jpg 300w, https:\/\/insideamateurfussball-ffm.de\/wp-content\/uploads\/2023\/10\/SGB-SVZ_230723-124-1024x683.jpg 1024w, https:\/\/insideamateurfussball-ffm.de\/wp-content\/uploads\/2023\/10\/SGB-SVZ_230723-124-768x512.jpg 768w, https:\/\/insideamateurfussball-ffm.de\/wp-content\/uploads\/2023\/10\/SGB-SVZ_230723-124-1536x1024.jpg 1536w, https:\/\/insideamateurfussball-ffm.de\/wp-content\/uploads\/2023\/10\/SGB-SVZ_230723-124-2048x1365.jpg 2048w\" sizes=\"auto, (max-width: 2560px) 100vw, 2560px\" \/><figcaption id=\"caption-attachment-13359\" class=\"wp-caption-text\">Der SV Zeilsheim steht im Pokalviertelfinale. Foto: Archiv Andre Sturmeit.\u00a0\u00a0<\/figcaption><\/figure>\n<h4>FC T\u00fcrk Kelsterbach &#8211; SV Zeilsheim 1:5 (0:2)<\/h4>\n<p><img loading=\"lazy\" decoding=\"async\" class=\"alignnone size-full wp-image-16635\" src=\"http:\/\/insideamateurfussball-ffm.de\/wp-content\/uploads\/2024\/02\/Tuerk-K.jpg\" alt=\"\" width=\"80\" height=\"80\" \/><img loading=\"lazy\" decoding=\"async\" class=\"alignnone size-full wp-image-1153\" src=\"http:\/\/insideamateurfussball-ffm.de\/wp-content\/uploads\/2022\/07\/SVZe.jpg\" alt=\"\" width=\"68\" height=\"80\" \/><\/p>\n<p>Im Sportpark Kelsterbach hatten die Zeilsheimer unter der Regie des neuen Trainers Selim Aljusevic alles im Griff und f\u00fchrten zur Pause durch Laurin Vogt (19.) und Abdussamed G\u00fcrsoy per Foulelfmeter mit 2:0 (22.). Nach dem Seitenwechsel verk\u00fcrzte der Au\u00dfenseiter durch Devante Burnett (48.), ehe Yasin Kress bei den Gastgebern ein Eigentor unterlief (56.). G\u00fcrsoy machte jedoch in der Schlussphase alles f\u00fcr den Favoriten klar (84.\/90.).<\/p>\n<h4>Schiedsrichter: Paul Gottschalk (SV Hofheim). Zuschauer: 120.<\/h4>\n<h4>Tore: 0:1 Laurin Vogt (19.), 0:2 Abdussamed G\u00fcrsoy (22.\/Foulelfmeter), 1:2 Devante Burnett (48.), 1:3 Yasin Kress (56.\/Eigentor), 1:4, 1:5 Abdussamed G\u00fcrsoy (84.\/90.).<\/h4>\n","protected":false},"excerpt":{"rendered":"<p>Als letzter Verein erreichte der SV Zeilsheim das Viertelfinale im Kreispokal Maintaunus. Der Mitte-Verbandsligist setzte sich beim A-Klasse-Tabellenf\u00fchrer FC T\u00fcrk Kelsterbach standesgem\u00e4\u00df mit 5:1 durch. FC T\u00fcrk Kelsterbach &#8211; SV Zeilsheim 1:5 (0:2) Im Sportpark Kelsterbach hatten die Zeilsheimer unter der Regie des neuen Trainers Selim Aljusevic alles im Griff und f\u00fchrten zur Pause durch [&hellip;]<\/p>\n","protected":false},"author":1,"featured_media":10721,"comment_status":"open","ping_status":"open","sticky":true,"template":"","format":"standard","meta":{"footnotes":""},"categories":[9],"tags":[],"class_list":["post-16634","post","type-post","status-publish","format-standard","has-post-thumbnail","hentry","category-kreispokal"],"_links":{"self":[{"href":"https:\/\/insideamateurfussball-ffm.de\/index.php?rest_route=\/wp\/v2\/posts\/16634","targetHints":{"allow":["GET"]}}],"collection":[{"href":"https:\/\/insideamateurfussball-ffm.de\/index.php?rest_route=\/wp\/v2\/posts"}],"about":[{"href":"https:\/\/insideamateurfussball-ffm.de\/index.php?rest_route=\/wp\/v2\/types\/post"}],"author":[{"embeddable":true,"href":"https:\/\/insideamateurfussball-ffm.de\/index.php?rest_route=\/wp\/v2\/users\/1"}],"replies":[{"embeddable":true,"href":"https:\/\/insideamateurfussball-ffm.de\/index.php?rest_route=%2Fwp%2Fv2%2Fcomments&post=16634"}],"version-history":[{"count":1,"href":"https:\/\/insideamateurfussball-ffm.de\/index.php?rest_route=\/wp\/v2\/posts\/16634\/revisions"}],"predecessor-version":[{"id":16636,"href":"https:\/\/insideamateurfussball-ffm.de\/index.php?rest_route=\/wp\/v2\/posts\/16634\/revisions\/16636"}],"wp:featuredmedia":[{"embeddable":true,"href":"https:\/\/insideamateurfussball-ffm.de\/index.php?rest_route=\/wp\/v2\/media\/10721"}],"wp:attachment":[{"href":"https:\/\/insideamateurfussball-ffm.de\/index.php?rest_route=%2Fwp%2Fv2%2Fmedia&parent=16634"}],"wp:term":[{"taxonomy":"category","embeddable":true,"href":"https:\/\/insideamateurfussball-ffm.de\/index.php?rest_route=%2Fwp%2Fv2%2Fcategories&post=16634"},{"taxonomy":"post_tag","embeddable":true,"href":"https:\/\/insideamateurfussball-ffm.de\/index.php?rest_route=%2Fwp%2Fv2%2Ftags&post=16634"}],"curies":[{"name":"wp","href":"https:\/\/api.w.org\/{rel}","templated":true}]}}