{"id":16564,"date":"2024-02-20T19:27:19","date_gmt":"2024-02-20T17:27:19","guid":{"rendered":"http:\/\/insideamateurfussball-ffm.de\/?p=16564"},"modified":"2024-02-20T19:27:19","modified_gmt":"2024-02-20T17:27:19","slug":"tuerkguecue-gewinnt-auf-rebstock-verlegtes-derby","status":"publish","type":"post","link":"https:\/\/insideamateurfussball-ffm.de\/?p=16564","title":{"rendered":"T\u00fcrkg\u00fcc\u00fc gewinnt auf Rebstock verlegtes Derby"},"content":{"rendered":"<h4>Aufgrund der Unbespielbarkeit des Rasenplatzes an der Sondershausenstra\u00dfe musste das Platzderby zwischen der SG Westend und dem TSKV T\u00fcrkg\u00fcc\u00fc auf den Ausweichplatz am Rebstock verlegt werden. In einer turbulenten Partie unterlag das Schlusslicht dem Tabellendritten mit 3:5 (0:3), h\u00e4tte aber durchaus ein besseres Ergebnis erreichen k\u00f6nnen.<\/h4>\n<figure id=\"attachment_16565\" aria-describedby=\"caption-attachment-16565\" style=\"width: 1500px\" class=\"wp-caption alignnone\"><img loading=\"lazy\" decoding=\"async\" class=\"wp-image-16565 size-full\" src=\"http:\/\/insideamateurfussball-ffm.de\/wp-content\/uploads\/2024\/02\/west-tuerk.jpg\" alt=\"\" width=\"1500\" height=\"2000\" srcset=\"https:\/\/insideamateurfussball-ffm.de\/wp-content\/uploads\/2024\/02\/west-tuerk.jpg 1500w, https:\/\/insideamateurfussball-ffm.de\/wp-content\/uploads\/2024\/02\/west-tuerk-225x300.jpg 225w, https:\/\/insideamateurfussball-ffm.de\/wp-content\/uploads\/2024\/02\/west-tuerk-768x1024.jpg 768w, https:\/\/insideamateurfussball-ffm.de\/wp-content\/uploads\/2024\/02\/west-tuerk-1152x1536.jpg 1152w\" sizes=\"auto, (max-width: 1500px) 100vw, 1500px\" \/><figcaption id=\"caption-attachment-16565\" class=\"wp-caption-text\">Einlaufen der beiden Teams bei regnerischen Bedingungen. Foto: Duran G\u00fcng\u00f6r.\u00a0\u00a0<\/figcaption><\/figure>\n<h4>SG Westend &#8211; TSKV T\u00fcrkg\u00fcc\u00fc 3:5 (0:3)<\/h4>\n<p><img loading=\"lazy\" decoding=\"async\" class=\"alignnone size-full wp-image-611\" src=\"http:\/\/insideamateurfussball-ffm.de\/wp-content\/uploads\/2022\/06\/Westend.png\" alt=\"\" width=\"69\" height=\"80\" \/><img loading=\"lazy\" decoding=\"async\" class=\"alignnone size-full wp-image-17\" src=\"http:\/\/insideamateurfussball-ffm.de\/wp-content\/uploads\/2021\/11\/Tuerkguecue.jpg\" alt=\"\" width=\"72\" height=\"80\" \/><\/p>\n<p>Die klare Halbzeitf\u00fchrung von T\u00fcrkg\u00fcc\u00fc durch Emre Kadimli (23.), Nuno Miguel Pires Lopes (43.) und Ali \u00dczer (45.) spiegelte laut Westends Sportlichem Leiter Thomas Horn &#8222;auf keinen Fall den Spielverlauf der ersten Viertelstunde wider. Wir hatten zahlreiche Torchancen, da h\u00e4tte es mindestens 3:0 f\u00fcr Westend stehen k\u00f6nnen.&#8220; So traf unter anderem Kenam Hadzic die Latte und Romal Naziri schoss aus kurzer Distanz dem Torh\u00fcter Vasile Crivoveazii in die Arme. &#8222;Emre Kadimli hat das ganze Spiel von T\u00fcrkg\u00fcc\u00fc gemacht. Wir haben den leider nicht in den Griff bekommen und war der Dreh- und Angelpunkt in dem Spiel&#8220;, sagte Horn.<\/p>\n<p>Nach dem Seitenwechsel kam Westend st\u00e4rker auf und erzielte mit Zakaria Akaouch den Anschluss (58.). Wiederum Emre Kadimli stellte den alten Abstand aus 20 Metern wieder her (63.). In der Folge schoss Murat Tiryaki f\u00fcr die G\u00e4ste einen Foulelfmeter \u00fcber das Tor (70.). Akaouch verk\u00fcrzte aus spitzem Winkel auf 2:4 (71.). Westends Kapit\u00e4n Mirsen Mehmedovic erhielt dann eine Zeitstrafe (79.). In \u00dcberzahl verwandelte Emre Kadimli einen weiteren Foulelfmeter, sein drittes Tor an diesem Tag (80.).<\/p>\n<blockquote>\n<h4>&#8222;Wir haben die ersten zehn Minuten verpennt und sind dann erst ins Spiel gekommen.&#8220; (TSKV-Trainer Mehmet Tunay Somun)<\/h4>\n<\/blockquote>\n<p>In der Nachspielzeit setzte Kenam Hadzic den Schlusspunkt zum 3:5 (90.\/+3). &#8222;Alles in allem eine unn\u00f6tige und unverdiente Niederlage. Ohne Zweifel ist T\u00fcrkg\u00fcc\u00fc eine sehr starke Mannschaft, aber wir hatten es in der Hand, hier ein besseres Resultat zu erzielen und hoffen dass es n\u00e4chsten Sonntag gegen Heddernheim besser wird&#8220;, sagte Horn. TSKV-Trainer Mehmet Tunay Somun urteilte: &#8222;Wir haben die ersten zehn Minuten verpennt und sind dann erst ins Spiel gekommen. Mit der letzten halben Stunde der ersten Halbzeit bin ich sehr zufrieden. Nach dem Seitenwechsel haben wir uns zu sicher gef\u00fchlt und die Chanceverwertung vernachl\u00e4ssigt und noch einen Elfmeter verschossen. Nach hinten haben wir nicht konsequent verteidigt. Alles in allem war es wichtig, im ersten Spiel mit einem Sieg im Derby zu starten gegen Westend, die ja Kosova geschlagen haben. Ich bin mit dem Sieg zufrieden und nun wartet mit dem FC Croatia ein Gegner, der auch oben mitspielt. Wir haben unsere Pflichtaufgabe erf\u00fcllt und ich w\u00fcnsche Westend noch alles Gute f\u00fcr den weiteren Saisonverlauf.&#8220;<\/p>\n<h4>Schiedsrichter: Emil Schwarz (SG Bruchk\u00f6bel). Zuschauer: 30.<\/h4>\n<h4>Tore: 0:1 Emre Kadimli (23.), 0:2 Nuno Miguel Pires Lopes (43.), 0:3 Ali \u00dczer (45.), 1:3 Zakaria Akaouch (59.), 1:4 Emre Kadimli (63.), 2:4 Zakaria Akaouch (71.), 2:5 Emre Kadimli (80.\/Foulelfmeter), 3:5 Kenam Hadzic (90.\/+3).<\/h4>\n","protected":false},"excerpt":{"rendered":"<p>Aufgrund der Unbespielbarkeit des Rasenplatzes an der Sondershausenstra\u00dfe musste das Platzderby zwischen der SG Westend und dem TSKV T\u00fcrkg\u00fcc\u00fc auf den Ausweichplatz am Rebstock verlegt werden. In einer turbulenten Partie unterlag das Schlusslicht dem Tabellendritten mit 3:5 (0:3), h\u00e4tte aber durchaus ein besseres Ergebnis erreichen k\u00f6nnen. SG Westend &#8211; TSKV T\u00fcrkg\u00fcc\u00fc 3:5 (0:3) Die klare [&hellip;]<\/p>\n","protected":false},"author":1,"featured_media":16565,"comment_status":"open","ping_status":"open","sticky":true,"template":"","format":"standard","meta":{"footnotes":""},"categories":[2],"tags":[],"class_list":["post-16564","post","type-post","status-publish","format-standard","has-post-thumbnail","hentry","category-kreisoberliga-frankfurt"],"_links":{"self":[{"href":"https:\/\/insideamateurfussball-ffm.de\/index.php?rest_route=\/wp\/v2\/posts\/16564","targetHints":{"allow":["GET"]}}],"collection":[{"href":"https:\/\/insideamateurfussball-ffm.de\/index.php?rest_route=\/wp\/v2\/posts"}],"about":[{"href":"https:\/\/insideamateurfussball-ffm.de\/index.php?rest_route=\/wp\/v2\/types\/post"}],"author":[{"embeddable":true,"href":"https:\/\/insideamateurfussball-ffm.de\/index.php?rest_route=\/wp\/v2\/users\/1"}],"replies":[{"embeddable":true,"href":"https:\/\/insideamateurfussball-ffm.de\/index.php?rest_route=%2Fwp%2Fv2%2Fcomments&post=16564"}],"version-history":[{"count":1,"href":"https:\/\/insideamateurfussball-ffm.de\/index.php?rest_route=\/wp\/v2\/posts\/16564\/revisions"}],"predecessor-version":[{"id":16566,"href":"https:\/\/insideamateurfussball-ffm.de\/index.php?rest_route=\/wp\/v2\/posts\/16564\/revisions\/16566"}],"wp:featuredmedia":[{"embeddable":true,"href":"https:\/\/insideamateurfussball-ffm.de\/index.php?rest_route=\/wp\/v2\/media\/16565"}],"wp:attachment":[{"href":"https:\/\/insideamateurfussball-ffm.de\/index.php?rest_route=%2Fwp%2Fv2%2Fmedia&parent=16564"}],"wp:term":[{"taxonomy":"category","embeddable":true,"href":"https:\/\/insideamateurfussball-ffm.de\/index.php?rest_route=%2Fwp%2Fv2%2Fcategories&post=16564"},{"taxonomy":"post_tag","embeddable":true,"href":"https:\/\/insideamateurfussball-ffm.de\/index.php?rest_route=%2Fwp%2Fv2%2Ftags&post=16564"}],"curies":[{"name":"wp","href":"https:\/\/api.w.org\/{rel}","templated":true}]}}