{"id":16521,"date":"2024-02-19T14:47:00","date_gmt":"2024-02-19T12:47:00","guid":{"rendered":"http:\/\/insideamateurfussball-ffm.de\/?p=16521"},"modified":"2024-02-19T20:48:23","modified_gmt":"2024-02-19T18:48:23","slug":"zeilsheim-gutes-debuet-von-trainer-aljusevic","status":"publish","type":"post","link":"https:\/\/insideamateurfussball-ffm.de\/?p=16521","title":{"rendered":"Zeilsheim: Gutes Deb\u00fct von Trainer Aljusevic"},"content":{"rendered":"<h4>Zum Auftakt der Restrunde besiegte der SV Zeilsheim in der Verbandsliga Mitte den FV Breidenbach mit 5:1 (1:0). Es war ein gelungenes Deb\u00fct f\u00fcr den neuen Trainer Selim Aljusevic, der in der Winterpause Max Martin abgel\u00f6st hatte.<\/h4>\n<figure id=\"attachment_16529\" aria-describedby=\"caption-attachment-16529\" style=\"width: 1125px\" class=\"wp-caption alignnone\"><img loading=\"lazy\" decoding=\"async\" class=\"wp-image-16529 size-full\" src=\"http:\/\/insideamateurfussball-ffm.de\/wp-content\/uploads\/2024\/02\/18a-Marijan-Petrovic-und-Patryk-Kuras.jpg\" alt=\"\" width=\"1125\" height=\"749\" srcset=\"https:\/\/insideamateurfussball-ffm.de\/wp-content\/uploads\/2024\/02\/18a-Marijan-Petrovic-und-Patryk-Kuras.jpg 1125w, https:\/\/insideamateurfussball-ffm.de\/wp-content\/uploads\/2024\/02\/18a-Marijan-Petrovic-und-Patryk-Kuras-300x200.jpg 300w, https:\/\/insideamateurfussball-ffm.de\/wp-content\/uploads\/2024\/02\/18a-Marijan-Petrovic-und-Patryk-Kuras-1024x682.jpg 1024w, https:\/\/insideamateurfussball-ffm.de\/wp-content\/uploads\/2024\/02\/18a-Marijan-Petrovic-und-Patryk-Kuras-768x511.jpg 768w\" sizes=\"auto, (max-width: 1125px) 100vw, 1125px\" \/><figcaption id=\"caption-attachment-16529\" class=\"wp-caption-text\">Die beiden Youngster Marijan Petrovic und Patryk Kuras sorgten f\u00fcr viel Unruhe in Breidenbachs Abwehr. Foto: Peter Strauch.<\/figcaption><\/figure>\n<h4>SV Zeilsheim &#8211; FV Breidenbach 5:1 (1:0)<\/h4>\n<p><img loading=\"lazy\" decoding=\"async\" class=\"alignnone size-full wp-image-1153\" src=\"http:\/\/insideamateurfussball-ffm.de\/wp-content\/uploads\/2022\/07\/SVZe.jpg\" alt=\"\" width=\"68\" height=\"80\" \/><img loading=\"lazy\" decoding=\"async\" class=\"alignnone size-full wp-image-2308\" src=\"http:\/\/insideamateurfussball-ffm.de\/wp-content\/uploads\/2022\/08\/Breid.jpg\" alt=\"\" width=\"80\" height=\"80\" \/><\/p>\n<div data-canvas-width=\"597.1386666666664\">Guter Start in die Restrunde der Verbandsliga Mitte f\u00fcr den SV Zeilsheim. Unter der Leitung des neuen Trainers Selim Aljusevic gelang ein klarer 5:1-Erfolg \u00fcber den FV Breidenbach. Es war der h\u00f6chste Heimsieg der laufenden Runde. Patryk Kuras traf nach einer knappen halben Stunde zur 1:0-F\u00fchrung, die Leonardo Bianco, nach einem an ihn verursachten Foulelfmeter (40.), h\u00e4tte ausbauen k\u00f6nnen.<\/div>\n<div data-canvas-width=\"597.1386666666664\"><\/div>\n<div data-canvas-width=\"597.1386666666664\">Doch er schoss vom Elfmeterpunkt vorbei. Wenig sp\u00e4ter klatschte ein Kopfball von Niklas Dillitz an die Latte. Nach der Pause baute der Gastgeber die F\u00fchrung durch Samed G\u00fcrsoy (48.), Leo Bianco (55.), einem Eigentor von Kapit\u00e4n Marius Kamm (65.) und Marijan Petrovic auf 5:0 (69.) aus.<\/div>\n<div data-canvas-width=\"597.1386666666664\"><\/div>\n<blockquote>\n<h4 data-canvas-width=\"597.1386666666664\">N\u00e4chste Woche nach Walluf<\/h4>\n<\/blockquote>\n<div data-canvas-width=\"597.1386666666664\">Der Breidenbacher Luca Vogel erzielte den Ehrentreffer (71.) f\u00fcr die G\u00e4ste. &#8222;Die Mannschaft macht einen gest\u00e4rkten Eindruck. Aber das muss sich nun auch in den kommenden Woche best\u00e4tigen&#8220;, sagte Zeilsheims Pr\u00e4sident Peter Strauch.<\/div>\n<div data-canvas-width=\"597.1386666666664\"><\/div>\n<div data-canvas-width=\"597.1386666666664\">Als n\u00e4chstes wartet das Ausw\u00e4rtsspiel bei der SG Walluf, die einen achtbaren Ausw\u00e4rtssieg bei Top-Team Pohlheim einfuhr.<\/div>\n<h4 data-canvas-width=\"597.1386666666664\">Schiedsrichter: Daniel Kamnitzer (Spvgg. Eltville). Tore: 1:0 Patryk Kuras (26.), 2:0 Abdussamed G\u00fcrsoy (48.), 3:0 Leonardo Bianco (55.), 4:0 Marius Kamm (58.\/Eigentor), 5:0 Marijan Petrovic (63.), 5:1 Luca Vogel (65.).<\/h4>\n","protected":false},"excerpt":{"rendered":"<p>Zum Auftakt der Restrunde besiegte der SV Zeilsheim in der Verbandsliga Mitte den FV Breidenbach mit 5:1 (1:0). Es war ein gelungenes Deb\u00fct f\u00fcr den neuen Trainer Selim Aljusevic, der in der Winterpause Max Martin abgel\u00f6st hatte. SV Zeilsheim &#8211; FV Breidenbach 5:1 (1:0) Guter Start in die Restrunde der Verbandsliga Mitte f\u00fcr den SV [&hellip;]<\/p>\n","protected":false},"author":1,"featured_media":16529,"comment_status":"open","ping_status":"open","sticky":true,"template":"","format":"standard","meta":{"footnotes":""},"categories":[32],"tags":[],"class_list":["post-16521","post","type-post","status-publish","format-standard","has-post-thumbnail","hentry","category-verbandsliga-mitte"],"_links":{"self":[{"href":"https:\/\/insideamateurfussball-ffm.de\/index.php?rest_route=\/wp\/v2\/posts\/16521","targetHints":{"allow":["GET"]}}],"collection":[{"href":"https:\/\/insideamateurfussball-ffm.de\/index.php?rest_route=\/wp\/v2\/posts"}],"about":[{"href":"https:\/\/insideamateurfussball-ffm.de\/index.php?rest_route=\/wp\/v2\/types\/post"}],"author":[{"embeddable":true,"href":"https:\/\/insideamateurfussball-ffm.de\/index.php?rest_route=\/wp\/v2\/users\/1"}],"replies":[{"embeddable":true,"href":"https:\/\/insideamateurfussball-ffm.de\/index.php?rest_route=%2Fwp%2Fv2%2Fcomments&post=16521"}],"version-history":[{"count":2,"href":"https:\/\/insideamateurfussball-ffm.de\/index.php?rest_route=\/wp\/v2\/posts\/16521\/revisions"}],"predecessor-version":[{"id":16531,"href":"https:\/\/insideamateurfussball-ffm.de\/index.php?rest_route=\/wp\/v2\/posts\/16521\/revisions\/16531"}],"wp:featuredmedia":[{"embeddable":true,"href":"https:\/\/insideamateurfussball-ffm.de\/index.php?rest_route=\/wp\/v2\/media\/16529"}],"wp:attachment":[{"href":"https:\/\/insideamateurfussball-ffm.de\/index.php?rest_route=%2Fwp%2Fv2%2Fmedia&parent=16521"}],"wp:term":[{"taxonomy":"category","embeddable":true,"href":"https:\/\/insideamateurfussball-ffm.de\/index.php?rest_route=%2Fwp%2Fv2%2Fcategories&post=16521"},{"taxonomy":"post_tag","embeddable":true,"href":"https:\/\/insideamateurfussball-ffm.de\/index.php?rest_route=%2Fwp%2Fv2%2Ftags&post=16521"}],"curies":[{"name":"wp","href":"https:\/\/api.w.org\/{rel}","templated":true}]}}