{"id":16437,"date":"2024-02-17T22:22:27","date_gmt":"2024-02-17T20:22:27","guid":{"rendered":"http:\/\/insideamateurfussball-ffm.de\/?p=16437"},"modified":"2024-02-18T13:16:35","modified_gmt":"2024-02-18T11:16:35","slug":"seligenstadt-schlaegt-schwache-speuzer-50","status":"publish","type":"post","link":"https:\/\/insideamateurfussball-ffm.de\/?p=16437","title":{"rendered":"Seligenstadt schl\u00e4gt schwache Speuzer 5:0"},"content":{"rendered":"<h4>Die Speuzer wollten im Nachholspiel der Verbandsliga an den einzigen Sieg der Vorrunde anschlie\u00dfen, doch nach einer schwachen Leistung unterlag man beim Tabellendritten Spfrd. Seligenstadt mit 0:5.<\/h4>\n<figure id=\"attachment_16446\" aria-describedby=\"caption-attachment-16446\" style=\"width: 640px\" class=\"wp-caption alignnone\"><img loading=\"lazy\" decoding=\"async\" class=\"wp-image-16446 size-large\" src=\"http:\/\/insideamateurfussball-ffm.de\/wp-content\/uploads\/2024\/02\/Seligenstadt-Speuzer09-1024x768.jpg\" alt=\"\" width=\"640\" height=\"480\" srcset=\"https:\/\/insideamateurfussball-ffm.de\/wp-content\/uploads\/2024\/02\/Seligenstadt-Speuzer09-1024x768.jpg 1024w, https:\/\/insideamateurfussball-ffm.de\/wp-content\/uploads\/2024\/02\/Seligenstadt-Speuzer09-300x225.jpg 300w, https:\/\/insideamateurfussball-ffm.de\/wp-content\/uploads\/2024\/02\/Seligenstadt-Speuzer09-768x576.jpg 768w, https:\/\/insideamateurfussball-ffm.de\/wp-content\/uploads\/2024\/02\/Seligenstadt-Speuzer09-1536x1152.jpg 1536w, https:\/\/insideamateurfussball-ffm.de\/wp-content\/uploads\/2024\/02\/Seligenstadt-Speuzer09.jpg 2016w\" sizes=\"auto, (max-width: 640px) 100vw, 640px\" \/><figcaption id=\"caption-attachment-16446\" class=\"wp-caption-text\">Der neue Trainer Nico Wegmann konnte in seinem ersten Spiel f\u00fcr die Sportfreunde Seligenstadt einen klaren 5:0-Sieg feiern. Foto: MZ<\/figcaption><\/figure>\n<h4>Sportfreunde Seligenstadt &#8211; FFV 04 Sportfreunde 5:0 (2:0)<\/h4>\n<p><img loading=\"lazy\" decoding=\"async\" class=\"alignnone size-full wp-image-2324\" src=\"http:\/\/insideamateurfussball-ffm.de\/wp-content\/uploads\/2022\/08\/Seligen.jpg\" alt=\"\" width=\"72\" height=\"80\" \/><img loading=\"lazy\" decoding=\"async\" class=\"alignnone size-full wp-image-141\" src=\"http:\/\/insideamateurfussball-ffm.de\/wp-content\/uploads\/2022\/05\/Speuzer.jpg\" alt=\"\" width=\"80\" height=\"80\" \/><\/p>\n<p>Den einzigen Sieg in der bisherigen Saison konnten die Sportfreunde 04 gegen die Sportfreunde Seligenstadt mit 1:0 erreichen, so erhoffte man sich beim Nachholspiel in Seligenstadt ebenfalls ein gutes Ergebnis. Der Tabellendritte aus Seligenstadt verpflichtete in der Winterpause mit dem 28-j\u00e4hrigen Nico Wegmann einen neuen Trainer, die Trainerstelle war nach dem Abgang von Ralf Weber interimsweise durch Khaibar Amani gef\u00fcllt worden.<\/p>\n<p>Die Seligenst\u00e4dter legten gut los gegen die Speuzer, die zu Anfang \u00fcberhaupt nichts ins Spiel fanden. Nach einer kurz ausgef\u00fchrten Ecke in der 6.Minute war es Dominik R\u00f6hl, der aus 20 Metern abzog und durch alle Beine hindurch ins Tor zum 1:0 f\u00fcr die Gastgeber traf. Und bereits in der 13.Minute legten die Seligenst\u00e4dter nach, nach einem sch\u00f6nen Pass auf Linksau\u00dfen war es Marvin Heinz, der mit einem Schuss ins lange Eck zum 2:0 traf. Danach verflachte das Spiel, es gab viele Abspielfehler auf beiden Seiten. Die Gastgeber hatten noch eine Chance durch einen Direktschuss von Erik Kraus, der aus 16 Metern allerdings das \u00b4Ziel verfehlte. Es dauerte bis zur 44.Minute, ehe die G\u00e4ste aus Frankfurt den ersten Torschuss verzeichneten, doch Souhail Benomars Schuss aus 20 Metern konnte Seligenstadts Torwart Ferdi Myumyonov mit einer Faustparade entsch\u00e4rfen. So ging es mit dem 2.0 in die Pause.<\/p>\n<p>Wer nach der Pause mit einem Aufb\u00e4umen des Tabellenletzten gerechnet h\u00e4tte, sah sich get\u00e4uscht. Ohne gro\u00df aufzuspielen, wurde der Tabellendritte seiner Favoritenrolle gerecht und kam noch zu drei weiteren Toren. In der 66.Minute erzielte Marvin Heinz mit einem Abstauber das 3:0, in der 69.Minute erh\u00f6hte Dominik R\u00f6hl auf 4:0, und den Schlussstand von 5:0 erzielte der eingewechselte Marcel Fleckenstein in der 89.Minute. \u00a0<\/p>\n<p>Der Speuzer Trainer Ramzi Kallel nach dem Spiel: \u201eSehr entt\u00e4uschende Leistung, wir haben uns etwas anderes vorgenommen, wir hatten eine gute Trainingswoche. Wir sind schl\u00e4frig in das Spiel reingekommen, nach 15 Minuten liegt man schon 2:0 zur\u00fcck, ausw\u00e4rts beim Tabellendritten auf dem Rasenplatz, da war schon alles gegessen. Danach konnten wir auch kaum Akzente setzen, die letzten 10 Minuten der ersten Halbzeit waren wir ein bisschen in der gegnerischen H\u00e4lfte und haben noch was versucht durch Standards, das hat aber nichts gebracht. Die zweite Halbzeit hat genau so angefangen wie die erste Halbzeit, es war eine verdiente Niederlage, wir hatten uns eigentlich etwas anderes vorgenommen, aber nach wie vor sind wir vorne harmlos und hinten waren wir sehr schl\u00e4frig. Wir haben viele Zweik\u00e4mpfe verloren, gerade in der ersten halben Stunde, und wenn du nicht die Zweik\u00e4mpfe gewinnst, verlierst du auch solche Spiele.\u201c<\/p>\n<p>F\u00fcr die Speuzer geht es am Dienstag im Kreispokal zum Kreisoberligisten 1.FC 02 R\u00f6delheim.<\/p>\n<h4>Schiedsrichter: Joshua Herbert (FSV Schwarzbach). Zuschauer: 80.<\/h4>\n<h4>Tore: 1:0 Dominik R\u00f6hl (6.), 2:0 Marvin Heinz (13.), 3:0 Marvin Heinz (66.), 4:0 Dominik R\u00f6hl (69.), 5:0 Marcel Fleckenstein (89.)<\/h4>\n\n\n<figure class=\"wp-block-image size-large\"><img loading=\"lazy\" decoding=\"async\" width=\"1024\" height=\"768\" src=\"http:\/\/insideamateurfussball-ffm.de\/wp-content\/uploads\/2024\/02\/Seligenstadt-Speuzer01-1024x768.jpg\" alt=\"\" class=\"wp-image-16438\" srcset=\"https:\/\/insideamateurfussball-ffm.de\/wp-content\/uploads\/2024\/02\/Seligenstadt-Speuzer01-1024x768.jpg 1024w, https:\/\/insideamateurfussball-ffm.de\/wp-content\/uploads\/2024\/02\/Seligenstadt-Speuzer01-300x225.jpg 300w, https:\/\/insideamateurfussball-ffm.de\/wp-content\/uploads\/2024\/02\/Seligenstadt-Speuzer01-768x576.jpg 768w, https:\/\/insideamateurfussball-ffm.de\/wp-content\/uploads\/2024\/02\/Seligenstadt-Speuzer01-1536x1152.jpg 1536w, https:\/\/insideamateurfussball-ffm.de\/wp-content\/uploads\/2024\/02\/Seligenstadt-Speuzer01.jpg 2016w\" sizes=\"auto, (max-width: 1024px) 100vw, 1024px\" \/><\/figure>\n\n\n\n<figure class=\"wp-block-image size-large\"><img loading=\"lazy\" decoding=\"async\" width=\"1024\" height=\"768\" src=\"http:\/\/insideamateurfussball-ffm.de\/wp-content\/uploads\/2024\/02\/Seligenstadt-Speuzer02-1024x768.jpg\" alt=\"\" class=\"wp-image-16439\" srcset=\"https:\/\/insideamateurfussball-ffm.de\/wp-content\/uploads\/2024\/02\/Seligenstadt-Speuzer02-1024x768.jpg 1024w, https:\/\/insideamateurfussball-ffm.de\/wp-content\/uploads\/2024\/02\/Seligenstadt-Speuzer02-300x225.jpg 300w, https:\/\/insideamateurfussball-ffm.de\/wp-content\/uploads\/2024\/02\/Seligenstadt-Speuzer02-768x576.jpg 768w, https:\/\/insideamateurfussball-ffm.de\/wp-content\/uploads\/2024\/02\/Seligenstadt-Speuzer02-1536x1152.jpg 1536w, https:\/\/insideamateurfussball-ffm.de\/wp-content\/uploads\/2024\/02\/Seligenstadt-Speuzer02.jpg 2016w\" sizes=\"auto, (max-width: 1024px) 100vw, 1024px\" \/><\/figure>\n\n\n\n<figure class=\"wp-block-image size-large\"><img loading=\"lazy\" decoding=\"async\" width=\"1024\" height=\"768\" src=\"http:\/\/insideamateurfussball-ffm.de\/wp-content\/uploads\/2024\/02\/Seligenstadt-Speuzer03-1024x768.jpg\" alt=\"\" class=\"wp-image-16440\" srcset=\"https:\/\/insideamateurfussball-ffm.de\/wp-content\/uploads\/2024\/02\/Seligenstadt-Speuzer03-1024x768.jpg 1024w, https:\/\/insideamateurfussball-ffm.de\/wp-content\/uploads\/2024\/02\/Seligenstadt-Speuzer03-300x225.jpg 300w, https:\/\/insideamateurfussball-ffm.de\/wp-content\/uploads\/2024\/02\/Seligenstadt-Speuzer03-768x576.jpg 768w, https:\/\/insideamateurfussball-ffm.de\/wp-content\/uploads\/2024\/02\/Seligenstadt-Speuzer03-1536x1152.jpg 1536w, https:\/\/insideamateurfussball-ffm.de\/wp-content\/uploads\/2024\/02\/Seligenstadt-Speuzer03.jpg 2016w\" sizes=\"auto, (max-width: 1024px) 100vw, 1024px\" \/><\/figure>\n\n\n\n<figure class=\"wp-block-image size-large\"><img loading=\"lazy\" decoding=\"async\" width=\"1024\" height=\"768\" src=\"http:\/\/insideamateurfussball-ffm.de\/wp-content\/uploads\/2024\/02\/Seligenstadt-Speuzer04-1024x768.jpg\" alt=\"\" class=\"wp-image-16441\" srcset=\"https:\/\/insideamateurfussball-ffm.de\/wp-content\/uploads\/2024\/02\/Seligenstadt-Speuzer04-1024x768.jpg 1024w, https:\/\/insideamateurfussball-ffm.de\/wp-content\/uploads\/2024\/02\/Seligenstadt-Speuzer04-300x225.jpg 300w, https:\/\/insideamateurfussball-ffm.de\/wp-content\/uploads\/2024\/02\/Seligenstadt-Speuzer04-768x576.jpg 768w, https:\/\/insideamateurfussball-ffm.de\/wp-content\/uploads\/2024\/02\/Seligenstadt-Speuzer04-1536x1152.jpg 1536w, https:\/\/insideamateurfussball-ffm.de\/wp-content\/uploads\/2024\/02\/Seligenstadt-Speuzer04.jpg 2016w\" sizes=\"auto, (max-width: 1024px) 100vw, 1024px\" \/><\/figure>\n\n\n\n<figure class=\"wp-block-image size-large\"><img loading=\"lazy\" decoding=\"async\" width=\"1024\" height=\"768\" src=\"http:\/\/insideamateurfussball-ffm.de\/wp-content\/uploads\/2024\/02\/Seligenstadt-Speuzer05-1024x768.jpg\" alt=\"\" class=\"wp-image-16442\" srcset=\"https:\/\/insideamateurfussball-ffm.de\/wp-content\/uploads\/2024\/02\/Seligenstadt-Speuzer05-1024x768.jpg 1024w, https:\/\/insideamateurfussball-ffm.de\/wp-content\/uploads\/2024\/02\/Seligenstadt-Speuzer05-300x225.jpg 300w, https:\/\/insideamateurfussball-ffm.de\/wp-content\/uploads\/2024\/02\/Seligenstadt-Speuzer05-768x576.jpg 768w, https:\/\/insideamateurfussball-ffm.de\/wp-content\/uploads\/2024\/02\/Seligenstadt-Speuzer05-1536x1152.jpg 1536w, https:\/\/insideamateurfussball-ffm.de\/wp-content\/uploads\/2024\/02\/Seligenstadt-Speuzer05.jpg 2016w\" sizes=\"auto, (max-width: 1024px) 100vw, 1024px\" \/><\/figure>\n\n\n\n<figure class=\"wp-block-image size-large\"><img loading=\"lazy\" decoding=\"async\" width=\"1024\" height=\"768\" src=\"http:\/\/insideamateurfussball-ffm.de\/wp-content\/uploads\/2024\/02\/Seligenstadt-Speuzer06-1024x768.jpg\" alt=\"\" class=\"wp-image-16443\" srcset=\"https:\/\/insideamateurfussball-ffm.de\/wp-content\/uploads\/2024\/02\/Seligenstadt-Speuzer06-1024x768.jpg 1024w, https:\/\/insideamateurfussball-ffm.de\/wp-content\/uploads\/2024\/02\/Seligenstadt-Speuzer06-300x225.jpg 300w, https:\/\/insideamateurfussball-ffm.de\/wp-content\/uploads\/2024\/02\/Seligenstadt-Speuzer06-768x576.jpg 768w, https:\/\/insideamateurfussball-ffm.de\/wp-content\/uploads\/2024\/02\/Seligenstadt-Speuzer06-1536x1152.jpg 1536w, https:\/\/insideamateurfussball-ffm.de\/wp-content\/uploads\/2024\/02\/Seligenstadt-Speuzer06.jpg 2016w\" sizes=\"auto, (max-width: 1024px) 100vw, 1024px\" \/><\/figure>\n\n\n\n<figure class=\"wp-block-image size-large\"><img loading=\"lazy\" decoding=\"async\" width=\"1024\" height=\"768\" src=\"http:\/\/insideamateurfussball-ffm.de\/wp-content\/uploads\/2024\/02\/Seligenstadt-Speuzer07-1024x768.jpg\" alt=\"\" class=\"wp-image-16444\" srcset=\"https:\/\/insideamateurfussball-ffm.de\/wp-content\/uploads\/2024\/02\/Seligenstadt-Speuzer07-1024x768.jpg 1024w, https:\/\/insideamateurfussball-ffm.de\/wp-content\/uploads\/2024\/02\/Seligenstadt-Speuzer07-300x225.jpg 300w, https:\/\/insideamateurfussball-ffm.de\/wp-content\/uploads\/2024\/02\/Seligenstadt-Speuzer07-768x576.jpg 768w, https:\/\/insideamateurfussball-ffm.de\/wp-content\/uploads\/2024\/02\/Seligenstadt-Speuzer07-1536x1152.jpg 1536w, https:\/\/insideamateurfussball-ffm.de\/wp-content\/uploads\/2024\/02\/Seligenstadt-Speuzer07.jpg 2016w\" sizes=\"auto, (max-width: 1024px) 100vw, 1024px\" \/><\/figure>\n\n\n\n<figure class=\"wp-block-image size-large\"><img loading=\"lazy\" decoding=\"async\" width=\"1024\" height=\"768\" src=\"http:\/\/insideamateurfussball-ffm.de\/wp-content\/uploads\/2024\/02\/Seligenstadt-Speuzer08-1024x768.jpg\" alt=\"\" class=\"wp-image-16445\" srcset=\"https:\/\/insideamateurfussball-ffm.de\/wp-content\/uploads\/2024\/02\/Seligenstadt-Speuzer08-1024x768.jpg 1024w, https:\/\/insideamateurfussball-ffm.de\/wp-content\/uploads\/2024\/02\/Seligenstadt-Speuzer08-300x225.jpg 300w, https:\/\/insideamateurfussball-ffm.de\/wp-content\/uploads\/2024\/02\/Seligenstadt-Speuzer08-768x576.jpg 768w, https:\/\/insideamateurfussball-ffm.de\/wp-content\/uploads\/2024\/02\/Seligenstadt-Speuzer08-1536x1152.jpg 1536w, https:\/\/insideamateurfussball-ffm.de\/wp-content\/uploads\/2024\/02\/Seligenstadt-Speuzer08.jpg 2016w\" sizes=\"auto, (max-width: 1024px) 100vw, 1024px\" \/><\/figure>\n","protected":false},"excerpt":{"rendered":"<p>Die Speuzer wollten im Nachholspiel der Verbandsliga an den einzigen Sieg der Vorrunde anschlie\u00dfen, doch nach einer schwachen Leistung unterlag man beim Tabellendritten Spfrd. Seligenstadt mit 0:5. Sportfreunde Seligenstadt &#8211; FFV 04 Sportfreunde 5:0 (2:0) Den einzigen Sieg in der bisherigen Saison konnten die Sportfreunde 04 gegen die Sportfreunde Seligenstadt mit 1:0 erreichen, so erhoffte [&hellip;]<\/p>\n","protected":false},"author":3,"featured_media":16446,"comment_status":"open","ping_status":"open","sticky":true,"template":"","format":"standard","meta":{"footnotes":""},"categories":[10],"tags":[],"class_list":["post-16437","post","type-post","status-publish","format-standard","has-post-thumbnail","hentry","category-verbandsliga-sued"],"_links":{"self":[{"href":"https:\/\/insideamateurfussball-ffm.de\/index.php?rest_route=\/wp\/v2\/posts\/16437","targetHints":{"allow":["GET"]}}],"collection":[{"href":"https:\/\/insideamateurfussball-ffm.de\/index.php?rest_route=\/wp\/v2\/posts"}],"about":[{"href":"https:\/\/insideamateurfussball-ffm.de\/index.php?rest_route=\/wp\/v2\/types\/post"}],"author":[{"embeddable":true,"href":"https:\/\/insideamateurfussball-ffm.de\/index.php?rest_route=\/wp\/v2\/users\/3"}],"replies":[{"embeddable":true,"href":"https:\/\/insideamateurfussball-ffm.de\/index.php?rest_route=%2Fwp%2Fv2%2Fcomments&post=16437"}],"version-history":[{"count":4,"href":"https:\/\/insideamateurfussball-ffm.de\/index.php?rest_route=\/wp\/v2\/posts\/16437\/revisions"}],"predecessor-version":[{"id":16450,"href":"https:\/\/insideamateurfussball-ffm.de\/index.php?rest_route=\/wp\/v2\/posts\/16437\/revisions\/16450"}],"wp:featuredmedia":[{"embeddable":true,"href":"https:\/\/insideamateurfussball-ffm.de\/index.php?rest_route=\/wp\/v2\/media\/16446"}],"wp:attachment":[{"href":"https:\/\/insideamateurfussball-ffm.de\/index.php?rest_route=%2Fwp%2Fv2%2Fmedia&parent=16437"}],"wp:term":[{"taxonomy":"category","embeddable":true,"href":"https:\/\/insideamateurfussball-ffm.de\/index.php?rest_route=%2Fwp%2Fv2%2Fcategories&post=16437"},{"taxonomy":"post_tag","embeddable":true,"href":"https:\/\/insideamateurfussball-ffm.de\/index.php?rest_route=%2Fwp%2Fv2%2Ftags&post=16437"}],"curies":[{"name":"wp","href":"https:\/\/api.w.org\/{rel}","templated":true}]}}