{"id":16432,"date":"2024-02-16T18:46:27","date_gmt":"2024-02-16T16:46:27","guid":{"rendered":"http:\/\/insideamateurfussball-ffm.de\/?p=16432"},"modified":"2024-02-19T20:30:09","modified_gmt":"2024-02-19T18:30:09","slug":"tempo-nimmt-huerde-harheim","status":"publish","type":"post","link":"https:\/\/insideamateurfussball-ffm.de\/?p=16432","title":{"rendered":"Tempo nimmt H\u00fcrde Harheim &#8211; Viertelfinale!"},"content":{"rendered":"<h4>Im ersten Achtelfinale um den Frankfurter Kreispokal unterlag Kreisoberligist SG Harheim dem Gruppenliga-Aufsteiger FC Tempo mit 1:3 (1:0). Die restlichen sieben Partien der Runde der letzten 16 finden am kommenden Dienstag zeitgleich um 20 Uhr statt, darunter unser Topspiel Spvgg. 05 Oberrad &#8211; SG Rot-Weiss Frankfurt.<\/h4>\n<figure id=\"attachment_16433\" aria-describedby=\"caption-attachment-16433\" style=\"width: 2048px\" class=\"wp-caption alignnone\"><img loading=\"lazy\" decoding=\"async\" class=\"wp-image-16433 size-full\" src=\"http:\/\/insideamateurfussball-ffm.de\/wp-content\/uploads\/2024\/02\/Harheim-Tempo.jpg\" alt=\"\" width=\"2048\" height=\"1536\" srcset=\"https:\/\/insideamateurfussball-ffm.de\/wp-content\/uploads\/2024\/02\/Harheim-Tempo.jpg 2048w, https:\/\/insideamateurfussball-ffm.de\/wp-content\/uploads\/2024\/02\/Harheim-Tempo-300x225.jpg 300w, https:\/\/insideamateurfussball-ffm.de\/wp-content\/uploads\/2024\/02\/Harheim-Tempo-1024x768.jpg 1024w, https:\/\/insideamateurfussball-ffm.de\/wp-content\/uploads\/2024\/02\/Harheim-Tempo-768x576.jpg 768w, https:\/\/insideamateurfussball-ffm.de\/wp-content\/uploads\/2024\/02\/Harheim-Tempo-1536x1152.jpg 1536w\" sizes=\"auto, (max-width: 2048px) 100vw, 2048px\" \/><figcaption id=\"caption-attachment-16433\" class=\"wp-caption-text\">Von links nach rechts im Bild: Harheims Kapit\u00e4n Lukas G\u00e4rtner, Schiedsrichter Lasse Braun (FC Fortuna) und Tempo-Spielf\u00fchrer Goran Grijak. Foto: PA.<\/figcaption><\/figure>\n<h4>SG Harheim &#8211; FC Tempo 1:3 (1:0)<\/h4>\n<p><img loading=\"lazy\" decoding=\"async\" class=\"alignnone size-full wp-image-284\" src=\"http:\/\/insideamateurfussball-ffm.de\/wp-content\/uploads\/2022\/05\/Harheim.jpg\" alt=\"\" width=\"78\" height=\"80\" \/><img loading=\"lazy\" decoding=\"async\" class=\"alignnone size-full wp-image-31\" src=\"http:\/\/insideamateurfussball-ffm.de\/wp-content\/uploads\/2021\/11\/Tempo.jpg\" alt=\"\" width=\"80\" height=\"80\" \/><\/p>\n<p>Harheims neuer Trainer Christian Balzer bot sich mit 51 Jahren selbst in der Innenverteidigung auf und machte seine Sache 70 Minuten bis zu seiner Auswechslung ordentlich. Wie auch sein Team, das besonders im ersten Abschnitt geschickt verteidigte und nach vorne Nadelstiche setzte. Mit einem Diagonalschuss ins rechte Eck brachte Fabio Dias Meda die Gastgeber aus dem Frankfurter Norden sogar in F\u00fchrung (24.).<\/p>\n<p>Und mit etwas Gl\u00fcck h\u00e4tte es nach einer Gro\u00dfchance kurz vor der Pause gut und gerne 2:0 stehen k\u00f6nnen. Tempo, das im ersten Abschnitt schon mehr Spielanteile hatte, aber nur durch Distanzsch\u00fcsse gef\u00e4hrlich wurde, legte nach dem Seitenwechsel zu. Stevan Lukovic glich per sehenswertem Freisto\u00df in den Winkel aus (54.). Kurz danach traf Filip Sucic die Latte. Auf Zuspiel vom A-Jugendlichen Boris Tatomirovic k\u00f6pfte Deyan Gligorov die Serben nach vorne (69.). Kapit\u00e4n Goran Grijak besorgte per Distanzschuss die Entscheidung (76.).<\/p>\n<blockquote>\n<h4>&#8222;Dennoch haben wir die ganze Zeit das Spiel kontrolliert&#8220; (Tempos Sportchef Zoran Marcetic)<\/h4>\n<\/blockquote>\n<p>W\u00e4hrend Balzer von einem &#8222;guten Spiel, in dem wir uns gut verkauft haben&#8220; sprach und dem Sieger hinterher fair gratulierte, sagte Tempos Sportchef Zoran Marcetic: &#8222;Wir waren l\u00e4uferisch gut und hatten den sehr tief stehenden und gut organisierten Gegner im Griff. Mit dem ersten Torschuss erzielte Harheim ein Tor. Danach brauchten wir bis wir das Abwehrbollwerk durchbrechen konnten. Dennoch haben wir die ganze Zeit das Spiel kontrolliert. Dadurch war das f\u00fcr uns eine gute Laufeinheit und ein Sieg, der uns ins Viertelfinale f\u00fchrt.&#8220;<\/p>\n<p>In der n\u00e4chsten Runde trifft Tempo ausw\u00e4rts auf den Sieger der Partie SC Riedberg (B-Klasse) gegen den MKSV Makedonija (A-Klasse). Die Harheimer haben am Sonntag (14.30 Uhr) das wichtige Heimspiel gegen TuS Makkabi zu bestreiten. F\u00fcr Tempo geht es erst am 25. Februar in der Gruppenliga Frankfurt West mit dem Ausw\u00e4rtsspiel beim 1. FC-TSG K\u00f6nigstein weiter.<\/p>\n<h4>Schiedsrichter: Lasse Braun (FC Fortuna). Zuschauer: 63.<\/h4>\n<h4>Tore: 1:0 Fabio Dias Meda (24.), 1:1 Stevan Lukovic (54.), 1:2 Deyan Gligorov (69.), 1:3 Goran Grijak (76.).<\/h4>\n","protected":false},"excerpt":{"rendered":"<p>Im ersten Achtelfinale um den Frankfurter Kreispokal unterlag Kreisoberligist SG Harheim dem Gruppenliga-Aufsteiger FC Tempo mit 1:3 (1:0). Die restlichen sieben Partien der Runde der letzten 16 finden am kommenden Dienstag zeitgleich um 20 Uhr statt, darunter unser Topspiel Spvgg. 05 Oberrad &#8211; SG Rot-Weiss Frankfurt. SG Harheim &#8211; FC Tempo 1:3 (1:0) Harheims neuer [&hellip;]<\/p>\n","protected":false},"author":1,"featured_media":16433,"comment_status":"open","ping_status":"open","sticky":true,"template":"","format":"standard","meta":{"footnotes":""},"categories":[9],"tags":[],"class_list":["post-16432","post","type-post","status-publish","format-standard","has-post-thumbnail","hentry","category-kreispokal"],"_links":{"self":[{"href":"https:\/\/insideamateurfussball-ffm.de\/index.php?rest_route=\/wp\/v2\/posts\/16432","targetHints":{"allow":["GET"]}}],"collection":[{"href":"https:\/\/insideamateurfussball-ffm.de\/index.php?rest_route=\/wp\/v2\/posts"}],"about":[{"href":"https:\/\/insideamateurfussball-ffm.de\/index.php?rest_route=\/wp\/v2\/types\/post"}],"author":[{"embeddable":true,"href":"https:\/\/insideamateurfussball-ffm.de\/index.php?rest_route=\/wp\/v2\/users\/1"}],"replies":[{"embeddable":true,"href":"https:\/\/insideamateurfussball-ffm.de\/index.php?rest_route=%2Fwp%2Fv2%2Fcomments&post=16432"}],"version-history":[{"count":4,"href":"https:\/\/insideamateurfussball-ffm.de\/index.php?rest_route=\/wp\/v2\/posts\/16432\/revisions"}],"predecessor-version":[{"id":16526,"href":"https:\/\/insideamateurfussball-ffm.de\/index.php?rest_route=\/wp\/v2\/posts\/16432\/revisions\/16526"}],"wp:featuredmedia":[{"embeddable":true,"href":"https:\/\/insideamateurfussball-ffm.de\/index.php?rest_route=\/wp\/v2\/media\/16433"}],"wp:attachment":[{"href":"https:\/\/insideamateurfussball-ffm.de\/index.php?rest_route=%2Fwp%2Fv2%2Fmedia&parent=16432"}],"wp:term":[{"taxonomy":"category","embeddable":true,"href":"https:\/\/insideamateurfussball-ffm.de\/index.php?rest_route=%2Fwp%2Fv2%2Fcategories&post=16432"},{"taxonomy":"post_tag","embeddable":true,"href":"https:\/\/insideamateurfussball-ffm.de\/index.php?rest_route=%2Fwp%2Fv2%2Ftags&post=16432"}],"curies":[{"name":"wp","href":"https:\/\/api.w.org\/{rel}","templated":true}]}}