{"id":16429,"date":"2024-02-14T23:14:59","date_gmt":"2024-02-14T21:14:59","guid":{"rendered":"http:\/\/insideamateurfussball-ffm.de\/?p=16429"},"modified":"2024-02-14T23:14:59","modified_gmt":"2024-02-14T21:14:59","slug":"sieben-neue-spieler-verstaerken-gudesding","status":"publish","type":"post","link":"https:\/\/insideamateurfussball-ffm.de\/?p=16429","title":{"rendered":"Sieben neue Spieler verst\u00e4rken Gudesding"},"content":{"rendered":"<h4>Der FC Gudesding setzt am kommenden Spieltag der Kreisoberliga Frankfurt noch spielfrei aus und greift erst am 25. Februar mit dem Heimspiel gegen TuS Makkabi wieder in das Geschehen ein. In der Winterpause veranstaltete der im Ostpark spielende Verein eine unvergessliche Reise. Es gab ein Trainingslager in Essaoura (Marokko), wo es neben Fahrradtouren, Street Football, Beach Soccer und Flag Football noch Lauf- und Stabeinheiten, Quad- und Reiteinheiten sowie Fu\u00dfball-Analysen gab. Au\u00dferdem wurde unter anderen ein Freundschaftsspiel gegen den FC Armila Mogador ausgetragen. Was die aktuellen Fragen zur Saison angeht, hat uns diese Paul Weiss aus der Sportlichen Leitung beantwortet.<\/h4>\n<figure id=\"attachment_16430\" aria-describedby=\"caption-attachment-16430\" style=\"width: 1125px\" class=\"wp-caption alignnone\"><img loading=\"lazy\" decoding=\"async\" class=\"wp-image-16430 size-full\" src=\"http:\/\/insideamateurfussball-ffm.de\/wp-content\/uploads\/2024\/02\/tguecue13-2.jpg\" alt=\"\" width=\"1125\" height=\"749\" srcset=\"https:\/\/insideamateurfussball-ffm.de\/wp-content\/uploads\/2024\/02\/tguecue13-2.jpg 1125w, https:\/\/insideamateurfussball-ffm.de\/wp-content\/uploads\/2024\/02\/tguecue13-2-300x200.jpg 300w, https:\/\/insideamateurfussball-ffm.de\/wp-content\/uploads\/2024\/02\/tguecue13-2-1024x682.jpg 1024w, https:\/\/insideamateurfussball-ffm.de\/wp-content\/uploads\/2024\/02\/tguecue13-2-768x511.jpg 768w\" sizes=\"auto, (max-width: 1125px) 100vw, 1125px\" \/><figcaption id=\"caption-attachment-16430\" class=\"wp-caption-text\">Der FC Gudesding war im Trainingslager in Marokko. Foto: Archiv Mithat G\u00fcrser.\u00a0\u00a0<\/figcaption><\/figure>\n<h4>Wie f\u00e4llt die Bewertung des ersten Saisonabschnittes aus? (Platz 11, 21 Punkte).<\/h4>\n<p>Weiss: &#8222;Nach gro\u00dfem Umbruch der doch schwieriger zu bew\u00e4ltigen war wie gedacht haben wir uns gegen Ende der Saison taktisch gefunden. Die letzten Spiele der Hinrunde machen Lust auf mehr und lassen uns positiv in die R\u00fcckrunde gehen.&#8220;<\/p>\n<h4>Was soll sich in der restlichen R\u00fcckrunde verbessern?<\/h4>\n<p>Weiss: &#8222;Mehr Punkte einfahren als bisher. Wir wollen mehr Tore schie\u00dfen und vorne gef\u00e4hrlicher werden. Die Defensive hat sich gerade im Vergleich zum Anfang der Saison deutlich stabilisiert. Jetzt m\u00fcssen wir nur noch anfangen vorne f\u00fcr mehr Gefahr zu sorgen.&#8220;<\/p>\n<h4>Wie lautet das neue Saisonziel?<\/h4>\n<p>Weiss: &#8222;Eine ordentliche R\u00fcckrunde spielen und so schnell wie m\u00f6glich die Punkte holen um nichts mit dem Abstieg zu tun zu haben. Wir wollen in der R\u00fcckrunde die Basis f\u00fcr die kommende Saison legen.&#8220;<\/p>\n<h4>Gibt es Ver\u00e4nderungen im Kader?<\/h4>\n<p>Weiss: &#8222;Mit Gabriel Gonzalo Bello hat uns eine tragende S\u00e4ule w\u00e4hrend der Saison schon verlassen. Insgesamt haben wir sieben Zug\u00e4nge, junge Spieler, die jetzt beruflich in Frankfurt verankert sind. Mit genau dem Mix aus jungen, hungrigen Spielern sowie dem Stamm der erfahrenen Spieler wollen wir die n\u00f6tigen Punkte einfahren. Die Neuzug\u00e4nge werden uns helfen den Konkurrenzkampf nochmal zu versch\u00e4rfen und trotz Abwesenheiten (Verletzungen, Urlaube) dennoch bestens aufgestellt zu sein.&#8220;<\/p>\n<div>Zug\u00e4nge: Hermann D\u00f6rner (SV Zeilsheim), Fabian Lifka (FC Eddersheim), Jonas Knietig (SV Eitensheim), Kai Klose (SV Degerschlacht), Tim St\u00e4rz (VfB Ginsheim), Julius Breves (TuS Glane), Finn Vahrenwald (TuS Blau-Wei\u00df K\u00f6nigsdorf).<\/div>\n<div>Abgang: Gabriel Gonzalo Bello (Ziel unbekannt).<\/div>\n<div>Trainer: Alexander Root (wie bisher).<\/div>\n<div><\/div>\n<h4>Welche Testspiele wurden und werden noch absolviert?<\/h4>\n<p>Neben den vier Partien in Marokko gab es nach der R\u00fcckkehr aus dem Trainingslager folgende Tests: Viktoria Kelsterbach (A) 2:2, Eintracht Oberissigheim (H) 1:1, SV Hofheim (A) 2:2, Spvgg. 03 Fechenheim (A) 0:1, FC Olympia Fauerbach (H). Am Sonntag wird die Vorbereitung mit dem Heimspiel gegen die SG Westerfeld (KOL Hochtaunus) abgeschlossen.<\/p>\n","protected":false},"excerpt":{"rendered":"<p>Der FC Gudesding setzt am kommenden Spieltag der Kreisoberliga Frankfurt noch spielfrei aus und greift erst am 25. Februar mit dem Heimspiel gegen TuS Makkabi wieder in das Geschehen ein. In der Winterpause veranstaltete der im Ostpark spielende Verein eine unvergessliche Reise. Es gab ein Trainingslager in Essaoura (Marokko), wo es neben Fahrradtouren, Street Football, [&hellip;]<\/p>\n","protected":false},"author":1,"featured_media":16430,"comment_status":"open","ping_status":"open","sticky":true,"template":"","format":"standard","meta":{"footnotes":""},"categories":[2],"tags":[],"class_list":["post-16429","post","type-post","status-publish","format-standard","has-post-thumbnail","hentry","category-kreisoberliga-frankfurt"],"_links":{"self":[{"href":"https:\/\/insideamateurfussball-ffm.de\/index.php?rest_route=\/wp\/v2\/posts\/16429","targetHints":{"allow":["GET"]}}],"collection":[{"href":"https:\/\/insideamateurfussball-ffm.de\/index.php?rest_route=\/wp\/v2\/posts"}],"about":[{"href":"https:\/\/insideamateurfussball-ffm.de\/index.php?rest_route=\/wp\/v2\/types\/post"}],"author":[{"embeddable":true,"href":"https:\/\/insideamateurfussball-ffm.de\/index.php?rest_route=\/wp\/v2\/users\/1"}],"replies":[{"embeddable":true,"href":"https:\/\/insideamateurfussball-ffm.de\/index.php?rest_route=%2Fwp%2Fv2%2Fcomments&post=16429"}],"version-history":[{"count":1,"href":"https:\/\/insideamateurfussball-ffm.de\/index.php?rest_route=\/wp\/v2\/posts\/16429\/revisions"}],"predecessor-version":[{"id":16431,"href":"https:\/\/insideamateurfussball-ffm.de\/index.php?rest_route=\/wp\/v2\/posts\/16429\/revisions\/16431"}],"wp:featuredmedia":[{"embeddable":true,"href":"https:\/\/insideamateurfussball-ffm.de\/index.php?rest_route=\/wp\/v2\/media\/16430"}],"wp:attachment":[{"href":"https:\/\/insideamateurfussball-ffm.de\/index.php?rest_route=%2Fwp%2Fv2%2Fmedia&parent=16429"}],"wp:term":[{"taxonomy":"category","embeddable":true,"href":"https:\/\/insideamateurfussball-ffm.de\/index.php?rest_route=%2Fwp%2Fv2%2Fcategories&post=16429"},{"taxonomy":"post_tag","embeddable":true,"href":"https:\/\/insideamateurfussball-ffm.de\/index.php?rest_route=%2Fwp%2Fv2%2Ftags&post=16429"}],"curies":[{"name":"wp","href":"https:\/\/api.w.org\/{rel}","templated":true}]}}