{"id":16426,"date":"2024-02-14T22:23:46","date_gmt":"2024-02-14T20:23:46","guid":{"rendered":"http:\/\/insideamateurfussball-ffm.de\/?p=16426"},"modified":"2024-02-14T22:24:36","modified_gmt":"2024-02-14T20:24:36","slug":"bornheim-ii-ziel-muss-der-klassenerhalt-sein","status":"publish","type":"post","link":"https:\/\/insideamateurfussball-ffm.de\/?p=16426","title":{"rendered":"Bornheim II: Ziel muss der Klassenerhalt sein"},"content":{"rendered":"<h4>Nachdem die SG Bornheim\/Gr\u00fcn-Wei\u00df II in der letzten Saison als Aufsteiger Vizemeister wurde und in den Aufstiegsspielen zur Gruppenliga scheiterte, geriet die Verbandsliga-Reserve in dieser Spielzeit von Beginn an in die untere Tabellenregion. Vor dem ersten Punktspiel am Sonntag gegen den FC Kosova (13 Uhr) hat Lucas Milbredt aus dem Trainerteam unsere Fragen beantwortet.<\/h4>\n<figure id=\"attachment_13387\" aria-describedby=\"caption-attachment-13387\" style=\"width: 310px\" class=\"wp-caption alignnone\"><img loading=\"lazy\" decoding=\"async\" class=\"wp-image-13387\" src=\"http:\/\/insideamateurfussball-ffm.de\/wp-content\/uploads\/2023\/10\/born9-2-300x200.jpg\" alt=\"\" width=\"310\" height=\"207\" srcset=\"https:\/\/insideamateurfussball-ffm.de\/wp-content\/uploads\/2023\/10\/born9-2-300x200.jpg 300w, https:\/\/insideamateurfussball-ffm.de\/wp-content\/uploads\/2023\/10\/born9-2-768x512.jpg 768w, https:\/\/insideamateurfussball-ffm.de\/wp-content\/uploads\/2023\/10\/born9-2.jpg 886w\" sizes=\"auto, (max-width: 310px) 100vw, 310px\" \/><figcaption id=\"caption-attachment-13387\" class=\"wp-caption-text\">Die Zweite Mannschaft der SG Bornheim\/Gr\u00fcn-Wei\u00df. Foto: Archiv Mithat G\u00fcrser.<\/figcaption><\/figure>\n<p><img loading=\"lazy\" decoding=\"async\" class=\"alignnone size-full wp-image-119\" src=\"http:\/\/insideamateurfussball-ffm.de\/wp-content\/uploads\/2022\/05\/Bornheim.jpg\" alt=\"\" width=\"80\" height=\"80\" \/><\/p>\n<h4>Wie f\u00e4llt die Bewertung des ersten Saisonabschnittes aus? (Platz 14, 17 Punkte).<\/h4>\n<p>Milbredt: &#8222;Wir sind nat\u00fcrlich entt\u00e4uscht \u00fcber den Verlauf der Hinrunde. Wir hatten uns nach den ph\u00e4nomenalen Saisons mit dem Aufstieg in die KOL und dem Erreichen der Relegation zur Gruppenliga nat\u00fcrlich mehr vorgenommen. Wir haben definitiv zu wenig Punkte gesammelt und haben verschiedene inhaltliche Themen in der Winterpause aufgearbeitet. Wir hatten drei schmerzliche Abg\u00e4nge im Sommer, die wir mit unseren Neuzug\u00e4ngen leider nicht kompensieren konnten. Hinzu kommt das fehlende Spielgl\u00fcck, welches wir im letzten Jahr noch hatten.&#8220;<\/p>\n<h4>Was soll sich in der restlichen R\u00fcckrunde verbessern?<\/h4>\n<p>Milbredt: &#8222;Wir m\u00fcssen effektiver in der Offensive und konstanter in der Defensive werden. Hier haben wir in der Hinrunde zu viele individuelle Fehler gemacht und dem Gegner das Tore schie\u00dfen zu leicht gemacht.&#8220;<\/p>\n<h4>Wie lautet das neue Saisonziel?<\/h4>\n<p>Milbredt: &#8222;Es ist ganz klar, dass einzig und alleine der Klassenerhalt das Ziel sein muss. Hierf\u00fcr werden wir alles tun um dies zu erreichen.&#8220;<\/p>\n<h4>Gibt es Ver\u00e4nderungen im Kader?<\/h4>\n<div>Zug\u00e4nge: Nemanja Petos (FSV Bergen), Florian Sch\u00e4fer, Mahir Karasu (eigene 1. Mannschaft).<\/div>\n<div>Abg\u00e4nge: Metin Can Cosgun (Concordia Eschersheim), Ayoub Bouzrou (Union Niederrad), Ibrahim Camara (1. FC-TSG K\u00f6nigstein).<\/div>\n<div><\/div>\n<h4>Welche Testspiele wurden absolviert?<\/h4>\n<p>FV Bad Vilbel (A) 3:5, FSV Friedrichsdorf (A) 2:2, FSC Eschborn (A) 4:3.<\/p>\n<div><\/div>\n<h4><\/h4>\n","protected":false},"excerpt":{"rendered":"<p>Nachdem die SG Bornheim\/Gr\u00fcn-Wei\u00df II in der letzten Saison als Aufsteiger Vizemeister wurde und in den Aufstiegsspielen zur Gruppenliga scheiterte, geriet die Verbandsliga-Reserve in dieser Spielzeit von Beginn an in die untere Tabellenregion. Vor dem ersten Punktspiel am Sonntag gegen den FC Kosova (13 Uhr) hat Lucas Milbredt aus dem Trainerteam unsere Fragen beantwortet. Wie [&hellip;]<\/p>\n","protected":false},"author":1,"featured_media":13387,"comment_status":"open","ping_status":"open","sticky":true,"template":"","format":"standard","meta":{"footnotes":""},"categories":[2],"tags":[],"class_list":["post-16426","post","type-post","status-publish","format-standard","has-post-thumbnail","hentry","category-kreisoberliga-frankfurt"],"_links":{"self":[{"href":"https:\/\/insideamateurfussball-ffm.de\/index.php?rest_route=\/wp\/v2\/posts\/16426","targetHints":{"allow":["GET"]}}],"collection":[{"href":"https:\/\/insideamateurfussball-ffm.de\/index.php?rest_route=\/wp\/v2\/posts"}],"about":[{"href":"https:\/\/insideamateurfussball-ffm.de\/index.php?rest_route=\/wp\/v2\/types\/post"}],"author":[{"embeddable":true,"href":"https:\/\/insideamateurfussball-ffm.de\/index.php?rest_route=\/wp\/v2\/users\/1"}],"replies":[{"embeddable":true,"href":"https:\/\/insideamateurfussball-ffm.de\/index.php?rest_route=%2Fwp%2Fv2%2Fcomments&post=16426"}],"version-history":[{"count":2,"href":"https:\/\/insideamateurfussball-ffm.de\/index.php?rest_route=\/wp\/v2\/posts\/16426\/revisions"}],"predecessor-version":[{"id":16428,"href":"https:\/\/insideamateurfussball-ffm.de\/index.php?rest_route=\/wp\/v2\/posts\/16426\/revisions\/16428"}],"wp:featuredmedia":[{"embeddable":true,"href":"https:\/\/insideamateurfussball-ffm.de\/index.php?rest_route=\/wp\/v2\/media\/13387"}],"wp:attachment":[{"href":"https:\/\/insideamateurfussball-ffm.de\/index.php?rest_route=%2Fwp%2Fv2%2Fmedia&parent=16426"}],"wp:term":[{"taxonomy":"category","embeddable":true,"href":"https:\/\/insideamateurfussball-ffm.de\/index.php?rest_route=%2Fwp%2Fv2%2Fcategories&post=16426"},{"taxonomy":"post_tag","embeddable":true,"href":"https:\/\/insideamateurfussball-ffm.de\/index.php?rest_route=%2Fwp%2Fv2%2Ftags&post=16426"}],"curies":[{"name":"wp","href":"https:\/\/api.w.org\/{rel}","templated":true}]}}