{"id":16406,"date":"2024-02-13T22:11:41","date_gmt":"2024-02-13T20:11:41","guid":{"rendered":"http:\/\/insideamateurfussball-ffm.de\/?p=16406"},"modified":"2024-02-13T22:11:41","modified_gmt":"2024-02-13T20:11:41","slug":"bornheim-unterliegt-basara-mainz","status":"publish","type":"post","link":"https:\/\/insideamateurfussball-ffm.de\/?p=16406","title":{"rendered":"Bornheim unterliegt Basara Mainz"},"content":{"rendered":"<h4>Im vorletzten Testspiel unterlag die SG Bornheim\/Gr\u00fcn-Wei\u00df dem S\u00fcdwest-Verbandsligisten FC Basara Mainz mit 2:3 (2:2).<\/h4>\n<figure id=\"attachment_16407\" aria-describedby=\"caption-attachment-16407\" style=\"width: 2560px\" class=\"wp-caption alignnone\"><img loading=\"lazy\" decoding=\"async\" class=\"wp-image-16407 size-full\" src=\"http:\/\/insideamateurfussball-ffm.de\/wp-content\/uploads\/2024\/02\/SGB-RW-Walldorf_230924-728-scaled.jpg\" alt=\"\" width=\"2560\" height=\"1707\" srcset=\"https:\/\/insideamateurfussball-ffm.de\/wp-content\/uploads\/2024\/02\/SGB-RW-Walldorf_230924-728-scaled.jpg 2560w, https:\/\/insideamateurfussball-ffm.de\/wp-content\/uploads\/2024\/02\/SGB-RW-Walldorf_230924-728-300x200.jpg 300w, https:\/\/insideamateurfussball-ffm.de\/wp-content\/uploads\/2024\/02\/SGB-RW-Walldorf_230924-728-1024x683.jpg 1024w, https:\/\/insideamateurfussball-ffm.de\/wp-content\/uploads\/2024\/02\/SGB-RW-Walldorf_230924-728-768x512.jpg 768w, https:\/\/insideamateurfussball-ffm.de\/wp-content\/uploads\/2024\/02\/SGB-RW-Walldorf_230924-728-1536x1024.jpg 1536w, https:\/\/insideamateurfussball-ffm.de\/wp-content\/uploads\/2024\/02\/SGB-RW-Walldorf_230924-728-2048x1365.jpg 2048w\" sizes=\"auto, (max-width: 2560px) 100vw, 2560px\" \/><figcaption id=\"caption-attachment-16407\" class=\"wp-caption-text\">Trainer Sascha Volk war nicht zufrieden mit den drei Gegentoren. Foto: Archiv Andre Sturmeit.\u00a0\u00a0<\/figcaption><\/figure>\n<h4>SG Bornheim\/Gr\u00fcn-Wei\u00df &#8211; FC Basara Mainz 2:3 (2:2)<\/h4>\n<p><img loading=\"lazy\" decoding=\"async\" class=\"alignnone size-full wp-image-119\" src=\"http:\/\/insideamateurfussball-ffm.de\/wp-content\/uploads\/2022\/05\/Bornheim.jpg\" alt=\"\" width=\"80\" height=\"80\" \/><img loading=\"lazy\" decoding=\"async\" class=\"alignnone size-full wp-image-16408\" src=\"http:\/\/insideamateurfussball-ffm.de\/wp-content\/uploads\/2024\/02\/Basara.jpg\" alt=\"\" width=\"79\" height=\"80\" \/><\/p>\n<p>Der Tabellenvierte der Verbandsliga S\u00fcdwest ging durch Hady Kallo in F\u00fchrung (5.). St\u00fcrmer Raphael Ahmed Gure sorgte auf Zuspiel von Lukas Knell f\u00fcr den Ausgleich (32.) und brachte die Gastgeber per Kopfball in F\u00fchrung (34.).<\/p>\n<p>Aiman Abdelaali egalisierte f\u00fcr den von Japanern gegr\u00fcndeten Verein aus Rheinhessen (36.), nachdem Bornheim im Zuge einer eigenen Ecke den Ball verloren hatte. Nach dem Seitenwechsel wurde die Partie zerfahrener.<\/p>\n<blockquote>\n<h4>&#8222;Wir k\u00f6nnen nat\u00fcrlich nicht damit zufrieden sein, dass wir drei Gegentore bekommen haben&#8220; (Bornheims Trainer Sascha Volk)<\/h4>\n<\/blockquote>\n<p>Letztlich gelang Abdelaali der Siegtreffer f\u00fcr die G\u00e4ste (70.). Bornheims Trainer Sascha Volk hatte ein &#8222;wildes Spiel&#8220; gesehen, &#8222;da ging es hin und her. Eigentlich war das ein typisches Unentschieden-Spiel. Wir k\u00f6nnen nat\u00fcrlich nicht damit zufrieden sein, dass wir drei Gegentore erhalten haben. Da m\u00fcssen wir weiter an der defensiven Stabilit\u00e4t arbeiten.&#8220;<\/p>\n<p>Am kommenden Sonntag treten die Bornheimer zum letzten Testspiel beim Mitte-Verbandsligisten TuS Hornau an, der zuletzt dem Hessenligisten T\u00fcrk G\u00fcc\u00fc Friedberg ein 1:1 abtrotzte.<\/p>\n<h4>Schiedsrichter: Sebastian Wiesner (SV Niederursel). Tore: 0:1 Hady Kallo (5.), 1:1, 2:1 Raphael Ahmed Gure (32.\/34.), 2:2, 2:3 Aiman Abdelaali (36.\/70.).<\/h4>\n","protected":false},"excerpt":{"rendered":"<p>Im vorletzten Testspiel unterlag die SG Bornheim\/Gr\u00fcn-Wei\u00df dem S\u00fcdwest-Verbandsligisten FC Basara Mainz mit 2:3 (2:2). SG Bornheim\/Gr\u00fcn-Wei\u00df &#8211; FC Basara Mainz 2:3 (2:2) Der Tabellenvierte der Verbandsliga S\u00fcdwest ging durch Hady Kallo in F\u00fchrung (5.). St\u00fcrmer Raphael Ahmed Gure sorgte auf Zuspiel von Lukas Knell f\u00fcr den Ausgleich (32.) und brachte die Gastgeber per Kopfball [&hellip;]<\/p>\n","protected":false},"author":1,"featured_media":16407,"comment_status":"open","ping_status":"open","sticky":true,"template":"","format":"standard","meta":{"footnotes":""},"categories":[21],"tags":[],"class_list":["post-16406","post","type-post","status-publish","format-standard","has-post-thumbnail","hentry","category-testspiele"],"_links":{"self":[{"href":"https:\/\/insideamateurfussball-ffm.de\/index.php?rest_route=\/wp\/v2\/posts\/16406","targetHints":{"allow":["GET"]}}],"collection":[{"href":"https:\/\/insideamateurfussball-ffm.de\/index.php?rest_route=\/wp\/v2\/posts"}],"about":[{"href":"https:\/\/insideamateurfussball-ffm.de\/index.php?rest_route=\/wp\/v2\/types\/post"}],"author":[{"embeddable":true,"href":"https:\/\/insideamateurfussball-ffm.de\/index.php?rest_route=\/wp\/v2\/users\/1"}],"replies":[{"embeddable":true,"href":"https:\/\/insideamateurfussball-ffm.de\/index.php?rest_route=%2Fwp%2Fv2%2Fcomments&post=16406"}],"version-history":[{"count":1,"href":"https:\/\/insideamateurfussball-ffm.de\/index.php?rest_route=\/wp\/v2\/posts\/16406\/revisions"}],"predecessor-version":[{"id":16409,"href":"https:\/\/insideamateurfussball-ffm.de\/index.php?rest_route=\/wp\/v2\/posts\/16406\/revisions\/16409"}],"wp:featuredmedia":[{"embeddable":true,"href":"https:\/\/insideamateurfussball-ffm.de\/index.php?rest_route=\/wp\/v2\/media\/16407"}],"wp:attachment":[{"href":"https:\/\/insideamateurfussball-ffm.de\/index.php?rest_route=%2Fwp%2Fv2%2Fmedia&parent=16406"}],"wp:term":[{"taxonomy":"category","embeddable":true,"href":"https:\/\/insideamateurfussball-ffm.de\/index.php?rest_route=%2Fwp%2Fv2%2Fcategories&post=16406"},{"taxonomy":"post_tag","embeddable":true,"href":"https:\/\/insideamateurfussball-ffm.de\/index.php?rest_route=%2Fwp%2Fv2%2Ftags&post=16406"}],"curies":[{"name":"wp","href":"https:\/\/api.w.org\/{rel}","templated":true}]}}